{"id":18301,"date":"2018-06-20T15:03:45","date_gmt":"2018-06-20T15:03:45","guid":{"rendered":"https:\/\/www.achimbrueckner.de\/dxradio\/php\/wordpress\/?p=18301"},"modified":"2018-06-20T15:03:45","modified_gmt":"2018-06-20T15:03:45","slug":"das-radio-lauft-weiter-die-ukw-abschaltung-ist-vom-tisch","status":"publish","type":"post","link":"https:\/\/www.achimbrueckner.de\/dxradio\/php\/wordpress\/?p=18301","title":{"rendered":"Das Radio l\u00e4uft weiter  :  Die UKW-Abschaltung ist vom Tisch"},"content":{"rendered":"<p><a href=\"http:\/\/www.faz.net\/aktuell\/feuilleton\/medien\/einigung-im-machtkampf-um-das-ukw-radio-15649103.html\" rel=\"noopener\" target=\"_blank\">http:\/\/www.faz.net\/aktuell\/feuilleton\/medien\/einigung-im-machtkampf-um-das-ukw-radio-15649103.html<\/a><\/p>\n","protected":false},"excerpt":{"rendered":"<p>http:\/\/www.faz.net\/aktuell\/feuilleton\/medien\/einigung-im-machtkampf-um-das-ukw-radio-15649103.html<\/p>\n","protected":false},"author":1,"featured_media":0,"comment_status":"closed","ping_status":"open","sticky":false,"template":"","format":"standard","meta":{"_jetpack_memberships_contains_paid_content":false,"footnotes":"","jetpack_publicize_message":"","jetpack_publicize_feature_enabled":true,"jetpack_social_post_already_shared":true,"jetpack_social_options":{"image_generator_settings":{"template":"highway","default_image_id":0,"font":"","enabled":false},"version":2}},"categories":[1,15],"tags":[24,45,27],"class_list":["post-18301","post","type-post","status-publish","format-standard","hentry","category-deutsch","category-medien","tag-am","tag-medien","tag-ukw"],"jetpack_publicize_connections":[],"jetpack_featured_media_url":"","jetpack_sharing_enabled":true,"jetpack_shortlink":"https:\/\/wp.me\/p5CDmr-4Lb","jetpack-related-posts":[{"id":18829,"url":"https:\/\/www.achimbrueckner.de\/dxradio\/php\/wordpress\/?p=18829","url_meta":{"origin":18301,"position":0},"title":"Killt das UKW-Ende das Radio?","author":"Administrator","date":"August 17, 2018","format":false,"excerpt":"https:\/\/www.tagesspiegel.de\/medien\/immer-weniger-hoerer-in-norwegen-killt-das-ukw-ende-das-radio\/22916908.html","rel":"","context":"In &quot;Deutsch&quot;","block_context":{"text":"Deutsch","link":"https:\/\/www.achimbrueckner.de\/dxradio\/php\/wordpress\/?cat=1"},"img":{"alt_text":"","src":"","width":0,"height":0},"classes":[]},{"id":29581,"url":"https:\/\/www.achimbrueckner.de\/dxradio\/php\/wordpress\/?p=29581","url_meta":{"origin":18301,"position":1},"title":"\u201eDas gr\u00f6\u00dfte Risiko ist regionales UKW-Radio\u201c","author":"Administrator","date":"July 28, 2020","format":false,"excerpt":"https:\/\/www.medienpolitik.net\/2020\/07\/das-groesste-risiko-ist-regionales-ukw-radio\/","rel":"","context":"In &quot;Deutsch&quot;","block_context":{"text":"Deutsch","link":"https:\/\/www.achimbrueckner.de\/dxradio\/php\/wordpress\/?cat=1"},"img":{"alt_text":"","src":"","width":0,"height":0},"classes":[]},{"id":26286,"url":"https:\/\/www.achimbrueckner.de\/dxradio\/php\/wordpress\/?p=26286","url_meta":{"origin":18301,"position":2},"title":"Schwarzer Tag f\u00fcr die Medienfreiheit in Ungarn","author":"Administrator","date":"December 21, 2019","format":false,"excerpt":"Heute ist ein weiterer schwarzer Tag f\u00fcr die Medienfreiheit in Ungarn. Das selbstverwaltete, nichtkommerzielle CIVIL R\u00c1DI\u00d3 - FM 98 muss heute Nacht zum Sonntag um 2 Uhr nach 25 Jahren seine UKW-Frequenz 98,0 MHz in Budapest aufgeben und im Internet weitersenden. Die Medienbeh\u00f6rde hatte die UKW-Lizenz nicht verl\u00e4ngert. Damit wird\u2026","rel":"","context":"In &quot;Deutsch&quot;","block_context":{"text":"Deutsch","link":"https:\/\/www.achimbrueckner.de\/dxradio\/php\/wordpress\/?cat=1"},"img":{"alt_text":"","src":"","width":0,"height":0},"classes":[]},{"id":16952,"url":"https:\/\/www.achimbrueckner.de\/dxradio\/php\/wordpress\/?p=16952","url_meta":{"origin":18301,"position":3},"title":"Mitteldeutsche Zeitung: Politik\/Medien UKW-Radio: Droht MDR eine Sendepause?","author":"Administrator","date":"March 18, 2018","format":false,"excerpt":"http:\/\/www.finanznachrichten.de\/nachrichten-2018-03\/43290503-mitteldeutsche-zeitung-politik-medien-ukw-radio-droht-mdr-eine-sendepause-007.htm","rel":"","context":"In &quot;Deutsch&quot;","block_context":{"text":"Deutsch","link":"https:\/\/www.achimbrueckner.de\/dxradio\/php\/wordpress\/?cat=1"},"img":{"alt_text":"","src":"","width":0,"height":0},"classes":[]},{"id":29972,"url":"https:\/\/www.achimbrueckner.de\/dxradio\/php\/wordpress\/?p=29972","url_meta":{"origin":18301,"position":4},"title":"Abschied von UKW? Schalt\u2019 das Digitalradio ein","author":"Administrator","date":"September 8, 2020","format":false,"excerpt":"https:\/\/www.tagesspiegel.de\/gesellschaft\/medien\/abschied-von-ukw-schalt-das-digitalradio-ein\/26165092.html","rel":"","context":"In &quot;Deutsch&quot;","block_context":{"text":"Deutsch","link":"https:\/\/www.achimbrueckner.de\/dxradio\/php\/wordpress\/?cat=1"},"img":{"alt_text":"","src":"","width":0,"height":0},"classes":[]},{"id":18815,"url":"https:\/\/www.achimbrueckner.de\/dxradio\/php\/wordpress\/?p=18815","url_meta":{"origin":18301,"position":5},"title":"Norwegen Radio-H\u00f6rerzahlen seit UKW-Ende im Sinkflug","author":"Administrator","date":"August 15, 2018","format":false,"excerpt":"https:\/\/www.persoenlich.com\/medien\/radio-horerzahlen-seit-ukw-ende-im-sinkflug","rel":"","context":"In &quot;Deutsch&quot;","block_context":{"text":"Deutsch","link":"https:\/\/www.achimbrueckner.de\/dxradio\/php\/wordpress\/?cat=1"},"img":{"alt_text":"","src":"","width":0,"height":0},"classes":[]}],"_links":{"self":[{"href":"https:\/\/www.achimbrueckner.de\/dxradio\/php\/wordpress\/index.php?rest_route=\/wp\/v2\/posts\/18301","targetHints":{"allow":["GET"]}}],"collection":[{"href":"https:\/\/www.achimbrueckner.de\/dxradio\/php\/wordpress\/index.php?rest_route=\/wp\/v2\/posts"}],"about":[{"href":"https:\/\/www.achimbrueckner.de\/dxradio\/php\/wordpress\/index.php?rest_route=\/wp\/v2\/types\/post"}],"author":[{"embeddable":true,"href":"https:\/\/www.achimbrueckner.de\/dxradio\/php\/wordpress\/index.php?rest_route=\/wp\/v2\/users\/1"}],"replies":[{"embeddable":true,"href":"https:\/\/www.achimbrueckner.de\/dxradio\/php\/wordpress\/index.php?rest_route=%2Fwp%2Fv2%2Fcomments&post=18301"}],"version-history":[{"count":0,"href":"https:\/\/www.achimbrueckner.de\/dxradio\/php\/wordpress\/index.php?rest_route=\/wp\/v2\/posts\/18301\/revisions"}],"wp:attachment":[{"href":"https:\/\/www.achimbrueckner.de\/dxradio\/php\/wordpress\/index.php?rest_route=%2Fwp%2Fv2%2Fmedia&parent=18301"}],"wp:term":[{"taxonomy":"category","embeddable":true,"href":"https:\/\/www.achimbrueckner.de\/dxradio\/php\/wordpress\/index.php?rest_route=%2Fwp%2Fv2%2Fcategories&post=18301"},{"taxonomy":"post_tag","embeddable":true,"href":"https:\/\/www.achimbrueckner.de\/dxradio\/php\/wordpress\/index.php?rest_route=%2Fwp%2Fv2%2Ftags&post=18301"}],"curies":[{"name":"wp","href":"https:\/\/api.w.org\/{rel}","templated":true}]}}