{"id":18313,"date":"2018-06-20T15:26:51","date_gmt":"2018-06-20T15:26:51","guid":{"rendered":"https:\/\/www.achimbrueckner.de\/dxradio\/php\/wordpress\/?p=18313"},"modified":"2018-06-20T15:26:51","modified_gmt":"2018-06-20T15:26:51","slug":"eu-entscheid-fur-leistungsschutz-bahn-frei-fur-verlags-trojaner-unter-falscher-flagge-von-fairen-lizenzen","status":"publish","type":"post","link":"https:\/\/www.achimbrueckner.de\/dxradio\/php\/wordpress\/?p=18313","title":{"rendered":"EU-Entscheid f\u00fcr Leistungsschutz: Bahn frei f\u00fcr Verlags-Trojaner unter falscher Flagge von \u201efairen Lizenzen\u201c"},"content":{"rendered":"<p><a href=\"https:\/\/meedia.de\/2018\/06\/20\/eu-entscheid-fuer-leistungsschutz-bahn-frei-fuer-verlags-trojaner-unter-falscher-flagge-von-fairen-lizenzen\/\" rel=\"noopener\" target=\"_blank\">https:\/\/meedia.de\/2018\/06\/20\/eu-entscheid-fuer-leistungsschutz-bahn-frei-fuer-verlags-trojaner-unter-falscher-flagge-von-fairen-lizenzen\/<\/a><\/p>\n","protected":false},"excerpt":{"rendered":"<p>https:\/\/meedia.de\/2018\/06\/20\/eu-entscheid-fuer-leistungsschutz-bahn-frei-fuer-verlags-trojaner-unter-falscher-flagge-von-fairen-lizenzen\/<\/p>\n","protected":false},"author":1,"featured_media":0,"comment_status":"closed","ping_status":"open","sticky":false,"template":"","format":"standard","meta":{"_jetpack_memberships_contains_paid_content":false,"footnotes":"","jetpack_publicize_message":"","jetpack_publicize_feature_enabled":true,"jetpack_social_post_already_shared":true,"jetpack_social_options":{"image_generator_settings":{"template":"highway","default_image_id":0,"font":"","enabled":false},"version":2}},"categories":[1],"tags":[],"class_list":["post-18313","post","type-post","status-publish","format-standard","hentry","category-deutsch"],"jetpack_publicize_connections":[],"jetpack_featured_media_url":"","jetpack_sharing_enabled":true,"jetpack_shortlink":"https:\/\/wp.me\/p5CDmr-4Ln","jetpack-related-posts":[{"id":25962,"url":"https:\/\/www.achimbrueckner.de\/dxradio\/php\/wordpress\/?p=25962","url_meta":{"origin":18313,"position":0},"title":"Ein DDR-Fernsehteam unter falscher Flagge","author":"Administrator","date":"November 26, 2019","format":false,"excerpt":"https:\/\/www.mdr.de\/kultur\/radio\/ipg\/sendung860324.html","rel":"","context":"In &quot;Deutsch&quot;","block_context":{"text":"Deutsch","link":"https:\/\/www.achimbrueckner.de\/dxradio\/php\/wordpress\/?cat=1"},"img":{"alt_text":"","src":"","width":0,"height":0},"classes":[]},{"id":42518,"url":"https:\/\/www.achimbrueckner.de\/dxradio\/php\/wordpress\/?p=42518","url_meta":{"origin":18313,"position":1},"title":"BLM verl\u00e4ngert Lizenzen f\u00fcr DAB+ Programme","author":"Administrator","date":"April 4, 2025","format":false,"excerpt":"https:\/\/www.radioblog.eu\/2025\/04\/04\/blm-verlaengert-lizenzen-fuer-dab-programme\/","rel":"","context":"In &quot;Deutsch&quot;","block_context":{"text":"Deutsch","link":"https:\/\/www.achimbrueckner.de\/dxradio\/php\/wordpress\/?cat=1"},"img":{"alt_text":"","src":"","width":0,"height":0},"classes":[]},{"id":42602,"url":"https:\/\/www.achimbrueckner.de\/dxradio\/php\/wordpress\/?p=42602","url_meta":{"origin":18313,"position":2},"title":"SLM verl\u00e4ngert UKW-Lizenzen f\u00fcr Privatradios","author":"Administrator","date":"April 16, 2025","format":false,"excerpt":"https:\/\/www.radioblog.eu\/2025\/04\/16\/slm-verlaengert-ukw-lizenzen-fuer-privatradios\/","rel":"","context":"In &quot;Deutsch&quot;","block_context":{"text":"Deutsch","link":"https:\/\/www.achimbrueckner.de\/dxradio\/php\/wordpress\/?cat=1"},"img":{"alt_text":"","src":"","width":0,"height":0},"classes":[]},{"id":43849,"url":"https:\/\/www.achimbrueckner.de\/dxradio\/php\/wordpress\/?p=43849","url_meta":{"origin":18313,"position":3},"title":"Lizenzen f\u00fcr Radio Deck 1 und Metropol FM","author":"Administrator","date":"September 20, 2025","format":false,"excerpt":"https:\/\/www.radioblog.eu\/2025\/09\/20\/lizenzen-fuer-radio-deck-1-und-metropol-fm\/","rel":"","context":"In &quot;Deutsch&quot;","block_context":{"text":"Deutsch","link":"https:\/\/www.achimbrueckner.de\/dxradio\/php\/wordpress\/?cat=1"},"img":{"alt_text":"","src":"","width":0,"height":0},"classes":[]},{"id":43730,"url":"https:\/\/www.achimbrueckner.de\/dxradio\/php\/wordpress\/?p=43730","url_meta":{"origin":18313,"position":4},"title":"Lizenzen f\u00fcr Antenne Th\u00fcringen und Radio Top 40 verl\u00e4ngert","author":"Administrator","date":"September 5, 2025","format":false,"excerpt":"https:\/\/www.radioblog.eu\/2025\/09\/05\/lizenzen-fuer-antenne-thueringen-und-radio-top-40-verlaengert\/","rel":"","context":"In &quot;Deutsch&quot;","block_context":{"text":"Deutsch","link":"https:\/\/www.achimbrueckner.de\/dxradio\/php\/wordpress\/?cat=1"},"img":{"alt_text":"","src":"","width":0,"height":0},"classes":[]},{"id":45212,"url":"https:\/\/www.achimbrueckner.de\/dxradio\/php\/wordpress\/?p=45212","url_meta":{"origin":18313,"position":5},"title":"Schweden: 190 Antr\u00e4ge f\u00fcr regionale UKW- und DAB+ Lizenzen","author":"Administrator","date":"March 11, 2026","format":false,"excerpt":"https:\/\/www.radioblog.eu\/2026\/03\/11\/schweden-190-antraege-fuer-regionale-ukw-und-dab-lizenzen\/","rel":"","context":"In &quot;Deutsch&quot;","block_context":{"text":"Deutsch","link":"https:\/\/www.achimbrueckner.de\/dxradio\/php\/wordpress\/?cat=1"},"img":{"alt_text":"","src":"","width":0,"height":0},"classes":[]}],"_links":{"self":[{"href":"https:\/\/www.achimbrueckner.de\/dxradio\/php\/wordpress\/index.php?rest_route=\/wp\/v2\/posts\/18313","targetHints":{"allow":["GET"]}}],"collection":[{"href":"https:\/\/www.achimbrueckner.de\/dxradio\/php\/wordpress\/index.php?rest_route=\/wp\/v2\/posts"}],"about":[{"href":"https:\/\/www.achimbrueckner.de\/dxradio\/php\/wordpress\/index.php?rest_route=\/wp\/v2\/types\/post"}],"author":[{"embeddable":true,"href":"https:\/\/www.achimbrueckner.de\/dxradio\/php\/wordpress\/index.php?rest_route=\/wp\/v2\/users\/1"}],"replies":[{"embeddable":true,"href":"https:\/\/www.achimbrueckner.de\/dxradio\/php\/wordpress\/index.php?rest_route=%2Fwp%2Fv2%2Fcomments&post=18313"}],"version-history":[{"count":0,"href":"https:\/\/www.achimbrueckner.de\/dxradio\/php\/wordpress\/index.php?rest_route=\/wp\/v2\/posts\/18313\/revisions"}],"wp:attachment":[{"href":"https:\/\/www.achimbrueckner.de\/dxradio\/php\/wordpress\/index.php?rest_route=%2Fwp%2Fv2%2Fmedia&parent=18313"}],"wp:term":[{"taxonomy":"category","embeddable":true,"href":"https:\/\/www.achimbrueckner.de\/dxradio\/php\/wordpress\/index.php?rest_route=%2Fwp%2Fv2%2Fcategories&post=18313"},{"taxonomy":"post_tag","embeddable":true,"href":"https:\/\/www.achimbrueckner.de\/dxradio\/php\/wordpress\/index.php?rest_route=%2Fwp%2Fv2%2Ftags&post=18313"}],"curies":[{"name":"wp","href":"https:\/\/api.w.org\/{rel}","templated":true}]}}