{"id":18356,"date":"2018-06-22T20:37:57","date_gmt":"2018-06-22T20:37:57","guid":{"rendered":"https:\/\/www.achimbrueckner.de\/dxradio\/php\/wordpress\/?p=18356"},"modified":"2018-06-22T20:37:57","modified_gmt":"2018-06-22T20:37:57","slug":"lettlands-offentlich-rechtliche-medien-sollen-ab-2021-werbefrei-werden","status":"publish","type":"post","link":"https:\/\/www.achimbrueckner.de\/dxradio\/php\/wordpress\/?p=18356","title":{"rendered":"Lettlands \u00f6ffentlich-rechtliche Medien sollen ab 2021 werbefrei werden"},"content":{"rendered":"<p><a href=\"http:\/\/www.radiowoche.de\/lettlands-oeffentlich-rechtliche-medien-sollen-ab-2021-werbefrei-werden\/\" rel=\"noopener\" target=\"_blank\">http:\/\/www.radiowoche.de\/lettlands-oeffentlich-rechtliche-medien-sollen-ab-2021-werbefrei-werden\/<\/a><\/p>\n","protected":false},"excerpt":{"rendered":"<p>http:\/\/www.radiowoche.de\/lettlands-oeffentlich-rechtliche-medien-sollen-ab-2021-werbefrei-werden\/<\/p>\n","protected":false},"author":1,"featured_media":0,"comment_status":"closed","ping_status":"open","sticky":false,"template":"","format":"standard","meta":{"_jetpack_memberships_contains_paid_content":false,"footnotes":"","jetpack_publicize_message":"","jetpack_publicize_feature_enabled":true,"jetpack_social_post_already_shared":true,"jetpack_social_options":{"image_generator_settings":{"template":"highway","default_image_id":0,"font":"","enabled":false},"version":2}},"categories":[1,15],"tags":[45],"class_list":["post-18356","post","type-post","status-publish","format-standard","hentry","category-deutsch","category-medien","tag-medien"],"jetpack_publicize_connections":[],"jetpack_featured_media_url":"","jetpack_sharing_enabled":true,"jetpack_shortlink":"https:\/\/wp.me\/p5CDmr-4M4","jetpack-related-posts":[{"id":14073,"url":"https:\/\/www.achimbrueckner.de\/dxradio\/php\/wordpress\/?p=14073","url_meta":{"origin":18356,"position":0},"title":"L\u00e4nder: \u00d6ffentlich-rechtliche Sender sollen rechtssicher kooperieren k\u00f6nnen","author":"Administrator","date":"August 8, 2017","format":false,"excerpt":"http:\/\/www.medienkorrespondenz.de\/politik\/artikel\/laender-rundfunkanstalten-sollen-rechtssicher-kooperieren.html","rel":"","context":"In &quot;Deutsch&quot;","block_context":{"text":"Deutsch","link":"https:\/\/www.achimbrueckner.de\/dxradio\/php\/wordpress\/?cat=1"},"img":{"alt_text":"","src":"","width":0,"height":0},"classes":[]},{"id":36675,"url":"https:\/\/www.achimbrueckner.de\/dxradio\/php\/wordpress\/?p=36675","url_meta":{"origin":18356,"position":1},"title":"Comscore: Werbefinanziertes Streaming \u00fcberholt Abo-Dienste","author":"Administrator","date":"June 23, 2022","format":false,"excerpt":"https:\/\/www.teltarif.de\/streaming-werbung-medien-werbefrei\/news\/88526.html","rel":"","context":"In &quot;Deutsch&quot;","block_context":{"text":"Deutsch","link":"https:\/\/www.achimbrueckner.de\/dxradio\/php\/wordpress\/?cat=1"},"img":{"alt_text":"","src":"","width":0,"height":0},"classes":[]},{"id":6190,"url":"https:\/\/www.achimbrueckner.de\/dxradio\/php\/wordpress\/?p=6190","url_meta":{"origin":18356,"position":2},"title":"Eins Plus und ZDF Kultur werden eingestellt","author":"Administrator","date":"October 10, 2015","format":false,"excerpt":"http:\/\/www.sueddeutsche.de\/medien\/oeffentlich-rechtliche-medien-eins-plus-und-zdf-kultur-werden-eingestellt-1.2684698","rel":"","context":"In &quot;Deutsch&quot;","block_context":{"text":"Deutsch","link":"https:\/\/www.achimbrueckner.de\/dxradio\/php\/wordpress\/?cat=1"},"img":{"alt_text":"","src":"","width":0,"height":0},"classes":[]},{"id":28912,"url":"https:\/\/www.achimbrueckner.de\/dxradio\/php\/wordpress\/?p=28912","url_meta":{"origin":18356,"position":3},"title":"\u00d6ffentlich-rechtliche Medien einheitlich gegen Corona-Falschmeldungen","author":"Administrator","date":"May 31, 2020","format":false,"excerpt":"http:\/\/www.quotenmeter.de\/n\/118626\/oeffentlich-rechtliche-medien-einheitlich-gegen-corona-falschmeldungen","rel":"","context":"In &quot;Deutsch&quot;","block_context":{"text":"Deutsch","link":"https:\/\/www.achimbrueckner.de\/dxradio\/php\/wordpress\/?cat=1"},"img":{"alt_text":"","src":"","width":0,"height":0},"classes":[]},{"id":20972,"url":"https:\/\/www.achimbrueckner.de\/dxradio\/php\/wordpress\/?p=20972","url_meta":{"origin":18356,"position":4},"title":"Symposium: \u00d6ffentlich-rechtliche Medien im Wandel","author":"Administrator","date":"January 17, 2019","format":false,"excerpt":"https:\/\/www.ndr.de\/nachrichten\/niedersachsen\/Symposium-Oeffentlich-rechtliche-Medien-im-Wandel,mediensymposium100.html","rel":"","context":"In &quot;Deutsch&quot;","block_context":{"text":"Deutsch","link":"https:\/\/www.achimbrueckner.de\/dxradio\/php\/wordpress\/?cat=1"},"img":{"alt_text":"","src":"","width":0,"height":0},"classes":[]},{"id":16645,"url":"https:\/\/www.achimbrueckner.de\/dxradio\/php\/wordpress\/?p=16645","url_meta":{"origin":18356,"position":5},"title":"\u00d6ffentlich-rechtliche Medien : Bastion der Demokratie","author":"Administrator","date":"February 25, 2018","format":false,"excerpt":"http:\/\/www.zeit.de\/wirtschaft\/2018-02\/oeffentlich-rechtliche-medien-demokratie-kritik-kapitalismus-monopolisierung","rel":"","context":"In &quot;Deutsch&quot;","block_context":{"text":"Deutsch","link":"https:\/\/www.achimbrueckner.de\/dxradio\/php\/wordpress\/?cat=1"},"img":{"alt_text":"","src":"","width":0,"height":0},"classes":[]}],"_links":{"self":[{"href":"https:\/\/www.achimbrueckner.de\/dxradio\/php\/wordpress\/index.php?rest_route=\/wp\/v2\/posts\/18356","targetHints":{"allow":["GET"]}}],"collection":[{"href":"https:\/\/www.achimbrueckner.de\/dxradio\/php\/wordpress\/index.php?rest_route=\/wp\/v2\/posts"}],"about":[{"href":"https:\/\/www.achimbrueckner.de\/dxradio\/php\/wordpress\/index.php?rest_route=\/wp\/v2\/types\/post"}],"author":[{"embeddable":true,"href":"https:\/\/www.achimbrueckner.de\/dxradio\/php\/wordpress\/index.php?rest_route=\/wp\/v2\/users\/1"}],"replies":[{"embeddable":true,"href":"https:\/\/www.achimbrueckner.de\/dxradio\/php\/wordpress\/index.php?rest_route=%2Fwp%2Fv2%2Fcomments&post=18356"}],"version-history":[{"count":0,"href":"https:\/\/www.achimbrueckner.de\/dxradio\/php\/wordpress\/index.php?rest_route=\/wp\/v2\/posts\/18356\/revisions"}],"wp:attachment":[{"href":"https:\/\/www.achimbrueckner.de\/dxradio\/php\/wordpress\/index.php?rest_route=%2Fwp%2Fv2%2Fmedia&parent=18356"}],"wp:term":[{"taxonomy":"category","embeddable":true,"href":"https:\/\/www.achimbrueckner.de\/dxradio\/php\/wordpress\/index.php?rest_route=%2Fwp%2Fv2%2Fcategories&post=18356"},{"taxonomy":"post_tag","embeddable":true,"href":"https:\/\/www.achimbrueckner.de\/dxradio\/php\/wordpress\/index.php?rest_route=%2Fwp%2Fv2%2Ftags&post=18356"}],"curies":[{"name":"wp","href":"https:\/\/api.w.org\/{rel}","templated":true}]}}