{"id":18363,"date":"2018-06-24T11:01:26","date_gmt":"2018-06-24T11:01:26","guid":{"rendered":"https:\/\/www.achimbrueckner.de\/dxradio\/php\/wordpress\/?p=18363"},"modified":"2018-06-24T11:01:26","modified_gmt":"2018-06-24T11:01:26","slug":"cham-elektromarkt-euronics-xxl-heller-schliest-ende-juni-endgultig","status":"publish","type":"post","link":"https:\/\/www.achimbrueckner.de\/dxradio\/php\/wordpress\/?p=18363","title":{"rendered":"Cham Elektromarkt Euronics XXL Heller schlie\u00dft Ende Juni endg\u00fcltig"},"content":{"rendered":"<p><a href=\"https:\/\/www.idowa.de\/inhalt.cham-elektromarkt-euronics-xxl-heller-schliesst-ende-juni-endgueltig.e48f1ec7-3b53-4c96-bd2a-21d76a2de75f.html\" rel=\"noopener\" target=\"_blank\">https:\/\/www.idowa.de\/inhalt.cham-elektromarkt-euronics-xxl-heller-schliesst-ende-juni-endgueltig.e48f1ec7-3b53-4c96-bd2a-21d76a2de75f.html<\/a><\/p>\n","protected":false},"excerpt":{"rendered":"<p>https:\/\/www.idowa.de\/inhalt.cham-elektromarkt-euronics-xxl-heller-schliesst-ende-juni-endgueltig.e48f1ec7-3b53-4c96-bd2a-21d76a2de75f.html<\/p>\n","protected":false},"author":1,"featured_media":0,"comment_status":"closed","ping_status":"open","sticky":false,"template":"","format":"standard","meta":{"_jetpack_memberships_contains_paid_content":false,"footnotes":"","jetpack_publicize_message":"","jetpack_publicize_feature_enabled":true,"jetpack_social_post_already_shared":true,"jetpack_social_options":{"image_generator_settings":{"template":"highway","default_image_id":0,"font":"","enabled":false},"version":2}},"categories":[1],"tags":[24],"class_list":["post-18363","post","type-post","status-publish","format-standard","hentry","category-deutsch","tag-am"],"jetpack_publicize_connections":[],"jetpack_featured_media_url":"","jetpack_sharing_enabled":true,"jetpack_shortlink":"https:\/\/wp.me\/p5CDmr-4Mb","jetpack-related-posts":[{"id":13495,"url":"https:\/\/www.achimbrueckner.de\/dxradio\/php\/wordpress\/?p=13495","url_meta":{"origin":18363,"position":0},"title":"Ab Ende Juni: DAB+ in Mittelhessen besser zu empfangen","author":"Administrator","date":"June 20, 2017","format":false,"excerpt":"http:\/\/www.hr.de\/presse\/der-hr\/2017\/hr-baut-ab-ende-juni-dab-in-mittelhessen-aus,dabplus-neuestandorte-rimberg-100.html","rel":"","context":"In &quot;Deutsch&quot;","block_context":{"text":"Deutsch","link":"https:\/\/www.achimbrueckner.de\/dxradio\/php\/wordpress\/?cat=1"},"img":{"alt_text":"","src":"","width":0,"height":0},"classes":[]},{"id":5300,"url":"https:\/\/www.achimbrueckner.de\/dxradio\/php\/wordpress\/?p=5300","url_meta":{"origin":18363,"position":1},"title":"Serbien schlie\u00dft Auslandsrundfunk","author":"Administrator","date":"July 23, 2015","format":false,"excerpt":"https:\/\/www.freitag.de\/autoren\/justrecently\/serbien-schliesst-auslandsrundfunk","rel":"","context":"In &quot;Deutsch&quot;","block_context":{"text":"Deutsch","link":"https:\/\/www.achimbrueckner.de\/dxradio\/php\/wordpress\/?cat=1"},"img":{"alt_text":"","src":"","width":0,"height":0},"classes":[]},{"id":37065,"url":"https:\/\/www.achimbrueckner.de\/dxradio\/php\/wordpress\/?p=37065","url_meta":{"origin":18363,"position":2},"title":"LandesWelle Th\u00fcringen schlie\u00dft Vormittagsl\u00fccke","author":"Administrator","date":"July 24, 2022","format":false,"excerpt":"https:\/\/www.radioblog.eu\/2022\/07\/24\/landeswelle-thueringen-schliesst-vormittagsluecke\/","rel":"","context":"In &quot;Deutsch&quot;","block_context":{"text":"Deutsch","link":"https:\/\/www.achimbrueckner.de\/dxradio\/php\/wordpress\/?cat=1"},"img":{"alt_text":"","src":"","width":0,"height":0},"classes":[]},{"id":37134,"url":"https:\/\/www.achimbrueckner.de\/dxradio\/php\/wordpress\/?p=37134","url_meta":{"origin":18363,"position":3},"title":"FFH schlie\u00dft Kooperation mit JOKE FM","author":"Administrator","date":"July 29, 2022","format":false,"excerpt":"https:\/\/www.radiowoche.de\/ffh-schliesst-kooperation-mit-joke-fm\/","rel":"","context":"In &quot;Deutsch&quot;","block_context":{"text":"Deutsch","link":"https:\/\/www.achimbrueckner.de\/dxradio\/php\/wordpress\/?cat=1"},"img":{"alt_text":"","src":"","width":0,"height":0},"classes":[]},{"id":41758,"url":"https:\/\/www.achimbrueckner.de\/dxradio\/php\/wordpress\/?p=41758","url_meta":{"origin":18363,"position":4},"title":"Audacy schlie\u00dft Restrukturierung erfolgreich ab","author":"Administrator","date":"October 2, 2024","format":false,"excerpt":"https:\/\/www.radioblog.eu\/2024\/10\/02\/audacy-schliesst-restrukturierung-erfolgreich-ab\/","rel":"","context":"In &quot;Deutsch&quot;","block_context":{"text":"Deutsch","link":"https:\/\/www.achimbrueckner.de\/dxradio\/php\/wordpress\/?cat=1"},"img":{"alt_text":"","src":"","width":0,"height":0},"classes":[]},{"id":42477,"url":"https:\/\/www.achimbrueckner.de\/dxradio\/php\/wordpress\/?p=42477","url_meta":{"origin":18363,"position":5},"title":"USA: Cumulus schlie\u00dft weitere Radiostationen","author":"Administrator","date":"March 31, 2025","format":false,"excerpt":"https:\/\/www.radioblog.eu\/2025\/03\/30\/usa-cumulus-schliesst-weitere-radiostationen\/","rel":"","context":"In &quot;Deutsch&quot;","block_context":{"text":"Deutsch","link":"https:\/\/www.achimbrueckner.de\/dxradio\/php\/wordpress\/?cat=1"},"img":{"alt_text":"","src":"","width":0,"height":0},"classes":[]}],"_links":{"self":[{"href":"https:\/\/www.achimbrueckner.de\/dxradio\/php\/wordpress\/index.php?rest_route=\/wp\/v2\/posts\/18363","targetHints":{"allow":["GET"]}}],"collection":[{"href":"https:\/\/www.achimbrueckner.de\/dxradio\/php\/wordpress\/index.php?rest_route=\/wp\/v2\/posts"}],"about":[{"href":"https:\/\/www.achimbrueckner.de\/dxradio\/php\/wordpress\/index.php?rest_route=\/wp\/v2\/types\/post"}],"author":[{"embeddable":true,"href":"https:\/\/www.achimbrueckner.de\/dxradio\/php\/wordpress\/index.php?rest_route=\/wp\/v2\/users\/1"}],"replies":[{"embeddable":true,"href":"https:\/\/www.achimbrueckner.de\/dxradio\/php\/wordpress\/index.php?rest_route=%2Fwp%2Fv2%2Fcomments&post=18363"}],"version-history":[{"count":0,"href":"https:\/\/www.achimbrueckner.de\/dxradio\/php\/wordpress\/index.php?rest_route=\/wp\/v2\/posts\/18363\/revisions"}],"wp:attachment":[{"href":"https:\/\/www.achimbrueckner.de\/dxradio\/php\/wordpress\/index.php?rest_route=%2Fwp%2Fv2%2Fmedia&parent=18363"}],"wp:term":[{"taxonomy":"category","embeddable":true,"href":"https:\/\/www.achimbrueckner.de\/dxradio\/php\/wordpress\/index.php?rest_route=%2Fwp%2Fv2%2Fcategories&post=18363"},{"taxonomy":"post_tag","embeddable":true,"href":"https:\/\/www.achimbrueckner.de\/dxradio\/php\/wordpress\/index.php?rest_route=%2Fwp%2Fv2%2Ftags&post=18363"}],"curies":[{"name":"wp","href":"https:\/\/api.w.org\/{rel}","templated":true}]}}