{"id":18384,"date":"2018-06-26T14:33:02","date_gmt":"2018-06-26T14:33:02","guid":{"rendered":"https:\/\/www.achimbrueckner.de\/dxradio\/php\/wordpress\/?p=18384"},"modified":"2018-06-26T14:33:02","modified_gmt":"2018-06-26T14:33:02","slug":"engere-zusammenarbeit-mit-orf-und-zdf","status":"publish","type":"post","link":"https:\/\/www.achimbrueckner.de\/dxradio\/php\/wordpress\/?p=18384","title":{"rendered":"Engere Zusammenarbeit mit ORF und ZDF"},"content":{"rendered":"<p><a href=\"https:\/\/www.srgd.ch\/de\/aktuelles\/news\/2018\/06\/26\/engere-zusammenarbeit-mit-orf-und-zdf\/\" rel=\"noopener\" target=\"_blank\">https:\/\/www.srgd.ch\/de\/aktuelles\/news\/2018\/06\/26\/engere-zusammenarbeit-mit-orf-und-zdf\/<\/a><\/p>\n","protected":false},"excerpt":{"rendered":"<p>https:\/\/www.srgd.ch\/de\/aktuelles\/news\/2018\/06\/26\/engere-zusammenarbeit-mit-orf-und-zdf\/<\/p>\n","protected":false},"author":1,"featured_media":0,"comment_status":"closed","ping_status":"open","sticky":false,"template":"","format":"standard","meta":{"_jetpack_memberships_contains_paid_content":false,"footnotes":"","jetpack_publicize_message":"","jetpack_publicize_feature_enabled":true,"jetpack_social_post_already_shared":true,"jetpack_social_options":{"image_generator_settings":{"template":"highway","default_image_id":0,"font":"","enabled":false},"version":2}},"categories":[1],"tags":[24],"class_list":["post-18384","post","type-post","status-publish","format-standard","hentry","category-deutsch","tag-am"],"jetpack_publicize_connections":[],"jetpack_featured_media_url":"","jetpack_sharing_enabled":true,"jetpack_shortlink":"https:\/\/wp.me\/p5CDmr-4Mw","jetpack-related-posts":[{"id":23190,"url":"https:\/\/www.achimbrueckner.de\/dxradio\/php\/wordpress\/?p=23190","url_meta":{"origin":18384,"position":0},"title":"&#8220;Gemeinsam gegen populistische Attacken wehren&#8221; Redakteure von ARD und ZDF kooperieren mit ORF-Kollegen","author":"Administrator","date":"May 22, 2019","format":false,"excerpt":"https:\/\/www.dwdl.de\/nachrichten\/72428\/redakteure_von_ard_und_zdf_kooperieren_mit_orfkollegen\/","rel":"","context":"In &quot;Deutsch&quot;","block_context":{"text":"Deutsch","link":"https:\/\/www.achimbrueckner.de\/dxradio\/php\/wordpress\/?cat=1"},"img":{"alt_text":"","src":"","width":0,"height":0},"classes":[]},{"id":27348,"url":"https:\/\/www.achimbrueckner.de\/dxradio\/php\/wordpress\/?p=27348","url_meta":{"origin":18384,"position":1},"title":"ZDF und CBC\/Radio-Canada vereinbaren strategische Zusammenarbeit","author":"Administrator","date":"February 28, 2020","format":false,"excerpt":"https:\/\/www.horizont.net\/medien\/nachrichten\/content-partnerschaft-zdf-und-cbcradio-canada-vereinbaren-strategische-zusammenarbeit-181057","rel":"","context":"In &quot;Deutsch&quot;","block_context":{"text":"Deutsch","link":"https:\/\/www.achimbrueckner.de\/dxradio\/php\/wordpress\/?cat=1"},"img":{"alt_text":"","src":"","width":0,"height":0},"classes":[]},{"id":24238,"url":"https:\/\/www.achimbrueckner.de\/dxradio\/php\/wordpress\/?p=24238","url_meta":{"origin":18384,"position":2},"title":"Wie soll es weitergehen mit ORF und GIS?","author":"Administrator","date":"August 14, 2019","format":false,"excerpt":"https:\/\/www.derstandard.de\/story\/2000107331692\/wie-soll-es-weitergehen-mit-orf-und-gis","rel":"","context":"In &quot;Deutsch&quot;","block_context":{"text":"Deutsch","link":"https:\/\/www.achimbrueckner.de\/dxradio\/php\/wordpress\/?cat=1"},"img":{"alt_text":"","src":"","width":0,"height":0},"classes":[]},{"id":41330,"url":"https:\/\/www.achimbrueckner.de\/dxradio\/php\/wordpress\/?p=41330","url_meta":{"origin":18384,"position":3},"title":"MEDIATHEKEN: Verleger sehen m\u00f6gliche Technikkooperation mit ARD und ZDF","author":"Administrator","date":"June 4, 2024","format":false,"excerpt":"https:\/\/www.golem.de\/news\/mediatheken-verleger-sehen-moegliche-technikkooperation-mit-ard-und-zdf-2406-185702.html","rel":"","context":"In &quot;Deutsch&quot;","block_context":{"text":"Deutsch","link":"https:\/\/www.achimbrueckner.de\/dxradio\/php\/wordpress\/?cat=1"},"img":{"alt_text":"","src":"","width":0,"height":0},"classes":[]},{"id":6252,"url":"https:\/\/www.achimbrueckner.de\/dxradio\/php\/wordpress\/?p=6252","url_meta":{"origin":18384,"position":4},"title":"ORF-Kurzwelle Moosbrunn, Tag der offenen T\u00fcr beim ORF 1974","author":"Administrator","date":"October 16, 2015","format":false,"excerpt":"Im Jahr 1974 lud der ORF seine Zuseher und Zuh\u00f6rer zu einem Tag der offenen T\u00fcr ein. In allen Bundesl\u00e4ndern und in Wien waren technische Einrichtungen, Studios und Sendeanlagen auf den Besuch der G\u00e4ste vorbereitet. Mehr als 75.000 G\u00e4ste kamen allein ins ORF-Zentrum. Sendung: ORF-Transparent Moderator: Hans Georg Heinke Interview\u2026","rel":"","context":"In &quot;Deutsch&quot;","block_context":{"text":"Deutsch","link":"https:\/\/www.achimbrueckner.de\/dxradio\/php\/wordpress\/?cat=1"},"img":{"alt_text":"","src":"","width":0,"height":0},"classes":[]},{"id":6502,"url":"https:\/\/www.achimbrueckner.de\/dxradio\/php\/wordpress\/?p=6502","url_meta":{"origin":18384,"position":5},"title":"MDR-Beitrag f\u00fcr ARD-Sportschau erh\u00e4lt &#8220;Saure Gurke&#8221; 2015 \/ Negativpreis der Medienfrauen von ARD, ZDF und ORF in Bremen vergeben","author":"Administrator","date":"November 16, 2015","format":false,"excerpt":"http:\/\/www.presseportal.de\/pm\/118095\/3175378","rel":"","context":"In &quot;Deutsch&quot;","block_context":{"text":"Deutsch","link":"https:\/\/www.achimbrueckner.de\/dxradio\/php\/wordpress\/?cat=1"},"img":{"alt_text":"","src":"","width":0,"height":0},"classes":[]}],"_links":{"self":[{"href":"https:\/\/www.achimbrueckner.de\/dxradio\/php\/wordpress\/index.php?rest_route=\/wp\/v2\/posts\/18384","targetHints":{"allow":["GET"]}}],"collection":[{"href":"https:\/\/www.achimbrueckner.de\/dxradio\/php\/wordpress\/index.php?rest_route=\/wp\/v2\/posts"}],"about":[{"href":"https:\/\/www.achimbrueckner.de\/dxradio\/php\/wordpress\/index.php?rest_route=\/wp\/v2\/types\/post"}],"author":[{"embeddable":true,"href":"https:\/\/www.achimbrueckner.de\/dxradio\/php\/wordpress\/index.php?rest_route=\/wp\/v2\/users\/1"}],"replies":[{"embeddable":true,"href":"https:\/\/www.achimbrueckner.de\/dxradio\/php\/wordpress\/index.php?rest_route=%2Fwp%2Fv2%2Fcomments&post=18384"}],"version-history":[{"count":0,"href":"https:\/\/www.achimbrueckner.de\/dxradio\/php\/wordpress\/index.php?rest_route=\/wp\/v2\/posts\/18384\/revisions"}],"wp:attachment":[{"href":"https:\/\/www.achimbrueckner.de\/dxradio\/php\/wordpress\/index.php?rest_route=%2Fwp%2Fv2%2Fmedia&parent=18384"}],"wp:term":[{"taxonomy":"category","embeddable":true,"href":"https:\/\/www.achimbrueckner.de\/dxradio\/php\/wordpress\/index.php?rest_route=%2Fwp%2Fv2%2Fcategories&post=18384"},{"taxonomy":"post_tag","embeddable":true,"href":"https:\/\/www.achimbrueckner.de\/dxradio\/php\/wordpress\/index.php?rest_route=%2Fwp%2Fv2%2Ftags&post=18384"}],"curies":[{"name":"wp","href":"https:\/\/api.w.org\/{rel}","templated":true}]}}