{"id":18402,"date":"2018-06-28T15:34:34","date_gmt":"2018-06-28T15:34:34","guid":{"rendered":"https:\/\/www.achimbrueckner.de\/dxradio\/php\/wordpress\/?p=18402"},"modified":"2018-06-28T15:34:34","modified_gmt":"2018-06-28T15:34:34","slug":"erste-stellungnahmen-zum-neuen-mediengesetz-fallen-unterschiedlich-aus","status":"publish","type":"post","link":"https:\/\/www.achimbrueckner.de\/dxradio\/php\/wordpress\/?p=18402","title":{"rendered":"Erste Stellungnahmen zum neuen Mediengesetz fallen unterschiedlich aus"},"content":{"rendered":"<p><a href=\"https:\/\/www.horizont.net\/schweiz\/nachrichten\/vsp-und-telesuisse-erste-stellungnahmen-zum-neuen-meidengesetz-fallen-unterschiedlich-aus-167957\" rel=\"noopener\" target=\"_blank\">https:\/\/www.horizont.net\/schweiz\/nachrichten\/vsp-und-telesuisse-erste-stellungnahmen-zum-neuen-meidengesetz-fallen-unterschiedlich-aus-167957<\/a><\/p>\n","protected":false},"excerpt":{"rendered":"<p>https:\/\/www.horizont.net\/schweiz\/nachrichten\/vsp-und-telesuisse-erste-stellungnahmen-zum-neuen-meidengesetz-fallen-unterschiedlich-aus-167957<\/p>\n","protected":false},"author":1,"featured_media":0,"comment_status":"closed","ping_status":"open","sticky":false,"template":"","format":"standard","meta":{"_jetpack_memberships_contains_paid_content":false,"footnotes":"","jetpack_publicize_message":"","jetpack_publicize_feature_enabled":true,"jetpack_social_post_already_shared":true,"jetpack_social_options":{"image_generator_settings":{"template":"highway","default_image_id":0,"font":"","enabled":false},"version":2}},"categories":[1,15],"tags":[45],"class_list":["post-18402","post","type-post","status-publish","format-standard","hentry","category-deutsch","category-medien","tag-medien"],"jetpack_publicize_connections":[],"jetpack_featured_media_url":"","jetpack_sharing_enabled":true,"jetpack_shortlink":"https:\/\/wp.me\/p5CDmr-4MO","jetpack-related-posts":[{"id":4288,"url":"https:\/\/www.achimbrueckner.de\/dxradio\/php\/wordpress\/?p=4288","url_meta":{"origin":18402,"position":0},"title":"Die Medien und der Co-Pilot \u2013 so unterschiedlich gehen Bild, New York Times &#038; Co mit Foto und Namen um","author":"Administrator","date":"March 26, 2015","format":false,"excerpt":"http:\/\/meedia.de\/2015\/03\/26\/die-medien-und-der-co-pilot-so-unterschiedlich-gehen-bild-new-york-times-co-mit-foto-und-namen-um\/","rel":"","context":"In &quot;Deutsch&quot;","block_context":{"text":"Deutsch","link":"https:\/\/www.achimbrueckner.de\/dxradio\/php\/wordpress\/?cat=1"},"img":{"alt_text":"","src":"","width":0,"height":0},"classes":[]},{"id":679,"url":"https:\/\/www.achimbrueckner.de\/dxradio\/php\/wordpress\/?p=679","url_meta":{"origin":18402,"position":1},"title":"Stimme Russlands  &#8211;   H\u00d6RERTREFFEN IN BERLIN","author":"Administrator","date":"November 7, 2009","format":false,"excerpt":"Stimme Russlands - H\u00d6RERTREFFEN IN BERLIN AM 28. NOVEMBER 2009 Der deutschsprachige Sendedienst der \u00e2\u20ac\u017eStimme Russlands\u00e2\u20ac\u0153 will den 80. Gr\u00fcndungstag des Senders zusammen mit Ihnen feiern. Aus diesem Anlass veranstalten wir am Sonnabend dem 28. November 2009 in Berlin das traditionelle H\u00f6rertreffen. Wir werden nicht nur \u00fcber die Geschichte reden,\u2026","rel":"","context":"In &quot;camps&quot;","block_context":{"text":"camps","link":"https:\/\/www.achimbrueckner.de\/dxradio\/php\/wordpress\/?cat=5"},"img":{"alt_text":"","src":"","width":0,"height":0},"classes":[]},{"id":4550,"url":"https:\/\/www.achimbrueckner.de\/dxradio\/php\/wordpress\/?p=4550","url_meta":{"origin":18402,"position":2},"title":"Zum 100. Geburtstag von Orson Welles Das Wunderkind der alten neuen Medien","author":"Administrator","date":"May 6, 2015","format":false,"excerpt":"http:\/\/www.wort.lu\/de\/kultur\/zum-100-geburtstag-von-orson-welles-das-wunderkind-der-alten-neuen-medien-5549ce480c88b46a8ce58b80","rel":"","context":"In &quot;Deutsch&quot;","block_context":{"text":"Deutsch","link":"https:\/\/www.achimbrueckner.de\/dxradio\/php\/wordpress\/?cat=1"},"img":{"alt_text":"","src":"","width":0,"height":0},"classes":[]},{"id":12844,"url":"https:\/\/www.achimbrueckner.de\/dxradio\/php\/wordpress\/?p=12844","url_meta":{"origin":18402,"position":3},"title":"Ferienworkshop zum Umgang mit neuen Medien","author":"Administrator","date":"April 13, 2017","format":false,"excerpt":"https:\/\/www.op-online.de\/region\/babenhausen\/babenhausen-ferienworkshop-kinder-jugendfoerderung-umgang-neuen-medien-8125671.html","rel":"","context":"In &quot;Deutsch&quot;","block_context":{"text":"Deutsch","link":"https:\/\/www.achimbrueckner.de\/dxradio\/php\/wordpress\/?cat=1"},"img":{"alt_text":"","src":"","width":0,"height":0},"classes":[]},{"id":29931,"url":"https:\/\/www.achimbrueckner.de\/dxradio\/php\/wordpress\/?p=29931","url_meta":{"origin":18402,"position":4},"title":"SRF Ab 2021 wird aus den neuen Studios gesendet","author":"Administrator","date":"September 6, 2020","format":false,"excerpt":"https:\/\/www.persoenlich.com\/medien\/ab-2021-wird-aus-den-neuen-studios-gesendet","rel":"","context":"In &quot;Deutsch&quot;","block_context":{"text":"Deutsch","link":"https:\/\/www.achimbrueckner.de\/dxradio\/php\/wordpress\/?cat=1"},"img":{"alt_text":"","src":"","width":0,"height":0},"classes":[]},{"id":2423,"url":"https:\/\/www.achimbrueckner.de\/dxradio\/php\/wordpress\/?p=2423","url_meta":{"origin":18402,"position":5},"title":"Radio 90elf verliert Radiorechte f\u00fcr Bundesliga","author":"Administrator","date":"March 19, 2013","format":false,"excerpt":"Hallo allerseits, heute hat die Deutsche Fu\u00dfballliga (DFL) die H\u00f6rfunk-\u00dcbertragungs-Rechte f\u00fcr die erste und zweite Bundesliga f\u00fcr die 4 Spielzeiten beginnend mit der Saison 2013\/14 neu vergeben. Den Zuschlag erhielt dabei der Fernsehsender Sport1, was bedeutet, dass Radio 90elf das Nachsehen hat. 90elf ist mit einer Reichweite von einigen Hunderttausend\u2026","rel":"","context":"In &quot;Deutsch&quot;","block_context":{"text":"Deutsch","link":"https:\/\/www.achimbrueckner.de\/dxradio\/php\/wordpress\/?cat=1"},"img":{"alt_text":"","src":"","width":0,"height":0},"classes":[]}],"_links":{"self":[{"href":"https:\/\/www.achimbrueckner.de\/dxradio\/php\/wordpress\/index.php?rest_route=\/wp\/v2\/posts\/18402","targetHints":{"allow":["GET"]}}],"collection":[{"href":"https:\/\/www.achimbrueckner.de\/dxradio\/php\/wordpress\/index.php?rest_route=\/wp\/v2\/posts"}],"about":[{"href":"https:\/\/www.achimbrueckner.de\/dxradio\/php\/wordpress\/index.php?rest_route=\/wp\/v2\/types\/post"}],"author":[{"embeddable":true,"href":"https:\/\/www.achimbrueckner.de\/dxradio\/php\/wordpress\/index.php?rest_route=\/wp\/v2\/users\/1"}],"replies":[{"embeddable":true,"href":"https:\/\/www.achimbrueckner.de\/dxradio\/php\/wordpress\/index.php?rest_route=%2Fwp%2Fv2%2Fcomments&post=18402"}],"version-history":[{"count":0,"href":"https:\/\/www.achimbrueckner.de\/dxradio\/php\/wordpress\/index.php?rest_route=\/wp\/v2\/posts\/18402\/revisions"}],"wp:attachment":[{"href":"https:\/\/www.achimbrueckner.de\/dxradio\/php\/wordpress\/index.php?rest_route=%2Fwp%2Fv2%2Fmedia&parent=18402"}],"wp:term":[{"taxonomy":"category","embeddable":true,"href":"https:\/\/www.achimbrueckner.de\/dxradio\/php\/wordpress\/index.php?rest_route=%2Fwp%2Fv2%2Fcategories&post=18402"},{"taxonomy":"post_tag","embeddable":true,"href":"https:\/\/www.achimbrueckner.de\/dxradio\/php\/wordpress\/index.php?rest_route=%2Fwp%2Fv2%2Ftags&post=18402"}],"curies":[{"name":"wp","href":"https:\/\/api.w.org\/{rel}","templated":true}]}}