{"id":18599,"date":"2018-07-26T19:18:47","date_gmt":"2018-07-26T19:18:47","guid":{"rendered":"https:\/\/www.achimbrueckner.de\/dxradio\/php\/wordpress\/?p=18599"},"modified":"2018-07-26T19:18:47","modified_gmt":"2018-07-26T19:18:47","slug":"medienstaatsvertrag-rundfunkpolitik-fur-alle","status":"publish","type":"post","link":"https:\/\/www.achimbrueckner.de\/dxradio\/php\/wordpress\/?p=18599","title":{"rendered":"Medienstaatsvertrag Rundfunkpolitik f\u00fcr alle"},"content":{"rendered":"<p><a href=\"https:\/\/www.deutschlandfunk.de\/medienstaatsvertrag-rundfunkpolitik-fuer-alle.2907.de.html?dram:article_id=423734\" rel=\"noopener\" target=\"_blank\">https:\/\/www.deutschlandfunk.de\/medienstaatsvertrag-rundfunkpolitik-fuer-alle.2907.de.html?dram:article_id=423734<\/a><\/p>\n","protected":false},"excerpt":{"rendered":"<p>https:\/\/www.deutschlandfunk.de\/medienstaatsvertrag-rundfunkpolitik-fuer-alle.2907.de.html?dram:article_id=423734<\/p>\n","protected":false},"author":1,"featured_media":0,"comment_status":"closed","ping_status":"open","sticky":false,"template":"","format":"standard","meta":{"_jetpack_memberships_contains_paid_content":false,"footnotes":"","jetpack_publicize_message":"","jetpack_publicize_feature_enabled":true,"jetpack_social_post_already_shared":true,"jetpack_social_options":{"image_generator_settings":{"template":"highway","default_image_id":0,"font":"","enabled":false},"version":2}},"categories":[1,15],"tags":[24,45],"class_list":["post-18599","post","type-post","status-publish","format-standard","hentry","category-deutsch","category-medien","tag-am","tag-medien"],"jetpack_publicize_connections":[],"jetpack_featured_media_url":"","jetpack_sharing_enabled":true,"jetpack_shortlink":"https:\/\/wp.me\/p5CDmr-4PZ","jetpack-related-posts":[{"id":26043,"url":"https:\/\/www.achimbrueckner.de\/dxradio\/php\/wordpress\/?p=26043","url_meta":{"origin":18599,"position":0},"title":"Dieser Staatsvertrag f\u00fcr Medien geht alle etwas an","author":"Administrator","date":"December 5, 2019","format":false,"excerpt":"https:\/\/www.welt.de\/kultur\/medien\/article204053838\/Medienstaatsvertrag-Regeln-fuer-den-Rundfunk-gehen-alle-an.html","rel":"","context":"In &quot;Deutsch&quot;","block_context":{"text":"Deutsch","link":"https:\/\/www.achimbrueckner.de\/dxradio\/php\/wordpress\/?cat=1"},"img":{"alt_text":"","src":"","width":0,"height":0},"classes":[]},{"id":24044,"url":"https:\/\/www.achimbrueckner.de\/dxradio\/php\/wordpress\/?p=24044","url_meta":{"origin":18599,"position":1},"title":"Medienstaatsvertrag Lizenz zum Senden","author":"Administrator","date":"July 31, 2019","format":false,"excerpt":"https:\/\/www.sueddeutsche.de\/medien\/medienstaatsvertrag-lizenz-zum-senden-1.4546467","rel":"","context":"In &quot;Deutsch&quot;","block_context":{"text":"Deutsch","link":"https:\/\/www.achimbrueckner.de\/dxradio\/php\/wordpress\/?cat=1"},"img":{"alt_text":"","src":"","width":0,"height":0},"classes":[]},{"id":28382,"url":"https:\/\/www.achimbrueckner.de\/dxradio\/php\/wordpress\/?p=28382","url_meta":{"origin":18599,"position":2},"title":"Medienstaatsvertrag : Digitaler Weg","author":"Administrator","date":"April 28, 2020","format":false,"excerpt":"https:\/\/www.sueddeutsche.de\/medien\/medienstaatsvertrag-rundfunkstaatsvertrag-ministerpraesidenten-eu-kommission-1.4891074","rel":"","context":"In &quot;Deutsch&quot;","block_context":{"text":"Deutsch","link":"https:\/\/www.achimbrueckner.de\/dxradio\/php\/wordpress\/?cat=1"},"img":{"alt_text":"","src":"","width":0,"height":0},"classes":[]},{"id":25457,"url":"https:\/\/www.achimbrueckner.de\/dxradio\/php\/wordpress\/?p=25457","url_meta":{"origin":18599,"position":3},"title":"Reformpl\u00e4ne Jetzt kommt der Alle-Medien-Staatsvertrag","author":"Administrator","date":"October 24, 2019","format":false,"excerpt":"https:\/\/www.spiegel.de\/netzwelt\/netzpolitik\/medienstaatsvertrag-fuer-youtube-und-co-die-geplanten-aenderungen-a-1292530.html","rel":"","context":"In &quot;Deutsch&quot;","block_context":{"text":"Deutsch","link":"https:\/\/www.achimbrueckner.de\/dxradio\/php\/wordpress\/?cat=1"},"img":{"alt_text":"","src":"","width":0,"height":0},"classes":[]},{"id":24983,"url":"https:\/\/www.achimbrueckner.de\/dxradio\/php\/wordpress\/?p=24983","url_meta":{"origin":18599,"position":4},"title":"Medienstaatsvertrag Neue Regeln f\u00fcr klassische und Online-Medien","author":"Administrator","date":"September 26, 2019","format":false,"excerpt":"https:\/\/www.deutschlandfunk.de\/medienstaatsvertrag-neue-regeln-fuer-klassische-und-online.2907.de.html?dram:article_id=459632","rel":"","context":"In &quot;Deutsch&quot;","block_context":{"text":"Deutsch","link":"https:\/\/www.achimbrueckner.de\/dxradio\/php\/wordpress\/?cat=1"},"img":{"alt_text":"","src":"","width":0,"height":0},"classes":[]},{"id":26056,"url":"https:\/\/www.achimbrueckner.de\/dxradio\/php\/wordpress\/?p=26056","url_meta":{"origin":18599,"position":5},"title":"Ministerpr\u00e4sidenten beschlie\u00dfen Entwurf f\u00fcr neuen Medienstaatsvertrag","author":"Administrator","date":"December 6, 2019","format":false,"excerpt":"https:\/\/www.zeit.de\/politik\/deutschland\/2019-12\/medienpolitik-rundfunkstaatsvertrag-medienstaatsvertrag-konferenz-berlin","rel":"","context":"In &quot;Deutsch&quot;","block_context":{"text":"Deutsch","link":"https:\/\/www.achimbrueckner.de\/dxradio\/php\/wordpress\/?cat=1"},"img":{"alt_text":"","src":"","width":0,"height":0},"classes":[]}],"_links":{"self":[{"href":"https:\/\/www.achimbrueckner.de\/dxradio\/php\/wordpress\/index.php?rest_route=\/wp\/v2\/posts\/18599","targetHints":{"allow":["GET"]}}],"collection":[{"href":"https:\/\/www.achimbrueckner.de\/dxradio\/php\/wordpress\/index.php?rest_route=\/wp\/v2\/posts"}],"about":[{"href":"https:\/\/www.achimbrueckner.de\/dxradio\/php\/wordpress\/index.php?rest_route=\/wp\/v2\/types\/post"}],"author":[{"embeddable":true,"href":"https:\/\/www.achimbrueckner.de\/dxradio\/php\/wordpress\/index.php?rest_route=\/wp\/v2\/users\/1"}],"replies":[{"embeddable":true,"href":"https:\/\/www.achimbrueckner.de\/dxradio\/php\/wordpress\/index.php?rest_route=%2Fwp%2Fv2%2Fcomments&post=18599"}],"version-history":[{"count":0,"href":"https:\/\/www.achimbrueckner.de\/dxradio\/php\/wordpress\/index.php?rest_route=\/wp\/v2\/posts\/18599\/revisions"}],"wp:attachment":[{"href":"https:\/\/www.achimbrueckner.de\/dxradio\/php\/wordpress\/index.php?rest_route=%2Fwp%2Fv2%2Fmedia&parent=18599"}],"wp:term":[{"taxonomy":"category","embeddable":true,"href":"https:\/\/www.achimbrueckner.de\/dxradio\/php\/wordpress\/index.php?rest_route=%2Fwp%2Fv2%2Fcategories&post=18599"},{"taxonomy":"post_tag","embeddable":true,"href":"https:\/\/www.achimbrueckner.de\/dxradio\/php\/wordpress\/index.php?rest_route=%2Fwp%2Fv2%2Ftags&post=18599"}],"curies":[{"name":"wp","href":"https:\/\/api.w.org\/{rel}","templated":true}]}}