{"id":1867,"date":"2011-10-29T13:11:59","date_gmt":"2011-10-29T13:11:59","guid":{"rendered":"https:\/\/www.achimbrueckner.de\/dxradio\/php\/wordpress\/?p=1867"},"modified":"2011-10-29T13:11:59","modified_gmt":"2011-10-29T13:11:59","slug":"prof-dr-ing-dietmar-rudolph","status":"publish","type":"post","link":"https:\/\/www.achimbrueckner.de\/dxradio\/php\/wordpress\/?p=1867","title":{"rendered":"Prof. Dr.-Ing. Dietmar Rudolph"},"content":{"rendered":"<p>Prof. Dr.-Ing. Dietmar Rudolph zu Radiotechnik \/ Rundfunktechnik<\/p>\n<p><a href=\"http:\/\/www.diru-beze.de\/\" target=\"_blank\">http:\/\/www.diru-beze.de\/<\/a><\/p>\n<p>Info via <a href=\"http:\/\/www.ratzer.at\" target=\"_blank\">A-DX<\/a><\/p>\n","protected":false},"excerpt":{"rendered":"<p>Prof. Dr.-Ing. Dietmar Rudolph zu Radiotechnik \/ Rundfunktechnik http:\/\/www.diru-beze.de\/ Info via A-DX<\/p>\n","protected":false},"author":1,"featured_media":0,"comment_status":"open","ping_status":"open","sticky":false,"template":"","format":"standard","meta":{"_jetpack_memberships_contains_paid_content":false,"footnotes":"","jetpack_publicize_message":"","jetpack_publicize_feature_enabled":true,"jetpack_social_post_already_shared":false,"jetpack_social_options":{"image_generator_settings":{"template":"highway","default_image_id":0,"font":"","enabled":false},"version":2}},"categories":[7],"tags":[40],"class_list":["post-1867","post","type-post","status-publish","format-standard","hentry","category-links","tag-dx"],"jetpack_publicize_connections":[],"jetpack_featured_media_url":"","jetpack_sharing_enabled":true,"jetpack_shortlink":"https:\/\/wp.me\/p5CDmr-u7","jetpack-related-posts":[{"id":2112,"url":"https:\/\/www.achimbrueckner.de\/dxradio\/php\/wordpress\/?p=2112","url_meta":{"origin":1867,"position":0},"title":"DX-ing Forums The Balkan Tech Forums","author":"Administrator","date":"January 17, 2012","format":false,"excerpt":"DX-ing Forums The Balkan Tech Forums - DXing, HighTech, Communications and more... http:\/\/www.dx-bg.tk\/ Info via alfalima.net","rel":"","context":"In &quot;links&quot;","block_context":{"text":"links","link":"https:\/\/www.achimbrueckner.de\/dxradio\/php\/wordpress\/?cat=7"},"img":{"alt_text":"","src":"","width":0,"height":0},"classes":[]},{"id":1960,"url":"https:\/\/www.achimbrueckner.de\/dxradio\/php\/wordpress\/?p=1960","url_meta":{"origin":1867,"position":1},"title":"SWL DX-ing Bulgaria","author":"Administrator","date":"November 22, 2011","format":false,"excerpt":"SWL DX-ing Bulgaria http:\/\/swldxbulgaria.blogspot.com\/","rel":"","context":"In &quot;links&quot;","block_context":{"text":"links","link":"https:\/\/www.achimbrueckner.de\/dxradio\/php\/wordpress\/?cat=7"},"img":{"alt_text":"","src":"","width":0,"height":0},"classes":[]},{"id":10294,"url":"https:\/\/www.achimbrueckner.de\/dxradio\/php\/wordpress\/?p=10294","url_meta":{"origin":1867,"position":2},"title":"Tag des offenen Denkmals 2016","author":"Administrator","date":"September 7, 2016","format":false,"excerpt":"Vielen Dank an Roger f\u00fcr die Recherche via A-DX 1.) BERLIN http:\/\/tag-des-offenen-denkmals.de\/pdfs\/2016\/land\/BE_Programm_Denkmaltag_2016.pdf http:\/\/www.rbb-online.de\/unternehmen\/service\/veranstaltungen\/rbb_veranstaltungen.html Sonnabend, 10.09. und Sonntag, 11.09. jew. 10.00 und 12.00 Uhr \/ HAUS DES RUNDFUNKS jew. 14.00 und 16.00 Uhr \/ FERNSEHZENTRUM Sonderf\u00fchrungen zum Tag des offenen Denkmals: Rundfunkgeschichte an Originalschaupl\u00e4tzen rbb \u00f6ffnet die Baudenkm\u00e4ler Haus des Rundfunks\u2026","rel":"","context":"In &quot;Deutsch&quot;","block_context":{"text":"Deutsch","link":"https:\/\/www.achimbrueckner.de\/dxradio\/php\/wordpress\/?cat=1"},"img":{"alt_text":"","src":"","width":0,"height":0},"classes":[]},{"id":1356,"url":"https:\/\/www.achimbrueckner.de\/dxradio\/php\/wordpress\/?p=1356","url_meta":{"origin":1867,"position":3},"title":"Dr Dish TV zu SDR","author":"Administrator","date":"February 4, 2011","format":false,"excerpt":"ein viertelst\u00fcndiges Interview zum Pappradio, mit Ausfl\u00fcgen zu Perseus, Excalibur und LAN-SDR. Zu sehen in der Ausgabe der Sendung \"Reset\", die bis zum 14.2. ausgestrahlt wird: T\u00e4glich um 02:36 \/ 06:15 \/ 10:15 \/ 18:00 \/ 21:30 \u00fcber ASTRA und http:\/\/www.drdish-tv.com\/ Info via A-DX","rel":"","context":"In &quot;Deutsch&quot;","block_context":{"text":"Deutsch","link":"https:\/\/www.achimbrueckner.de\/dxradio\/php\/wordpress\/?cat=1"},"img":{"alt_text":"","src":"","width":0,"height":0},"classes":[]},{"id":2357,"url":"https:\/\/www.achimbrueckner.de\/dxradio\/php\/wordpress\/?p=2357","url_meta":{"origin":1867,"position":4},"title":"Spielfilm-Dreiteiler zur Radiotechnik der Nachkriegsjahre","author":"Administrator","date":"December 19, 2012","format":false,"excerpt":"Hallo, Mi, Do und Fr 19. Dezember bis 21. Dezember 2012 jeweils um 20:15 Ortszeit bringt 3sat den dreiteiligen Fernsehfilm \"Die Rebellin\": http:\/\/www.3sat.de\/page\/?source=\/film\/166433\/index.html Info via A-DX","rel":"","context":"In &quot;Deutsch&quot;","block_context":{"text":"Deutsch","link":"https:\/\/www.achimbrueckner.de\/dxradio\/php\/wordpress\/?cat=1"},"img":{"alt_text":"","src":"","width":0,"height":0},"classes":[]},{"id":669,"url":"https:\/\/www.achimbrueckner.de\/dxradio\/php\/wordpress\/?p=669","url_meta":{"origin":1867,"position":5},"title":"National Radio Club","author":"Administrator","date":"November 3, 2009","format":false,"excerpt":"National Radio Club specialized on MW\/LW-DX-ing can be found at: http:\/\/www.nrcdxas.org\/","rel":"","context":"In &quot;links&quot;","block_context":{"text":"links","link":"https:\/\/www.achimbrueckner.de\/dxradio\/php\/wordpress\/?cat=7"},"img":{"alt_text":"","src":"","width":0,"height":0},"classes":[]}],"_links":{"self":[{"href":"https:\/\/www.achimbrueckner.de\/dxradio\/php\/wordpress\/index.php?rest_route=\/wp\/v2\/posts\/1867","targetHints":{"allow":["GET"]}}],"collection":[{"href":"https:\/\/www.achimbrueckner.de\/dxradio\/php\/wordpress\/index.php?rest_route=\/wp\/v2\/posts"}],"about":[{"href":"https:\/\/www.achimbrueckner.de\/dxradio\/php\/wordpress\/index.php?rest_route=\/wp\/v2\/types\/post"}],"author":[{"embeddable":true,"href":"https:\/\/www.achimbrueckner.de\/dxradio\/php\/wordpress\/index.php?rest_route=\/wp\/v2\/users\/1"}],"replies":[{"embeddable":true,"href":"https:\/\/www.achimbrueckner.de\/dxradio\/php\/wordpress\/index.php?rest_route=%2Fwp%2Fv2%2Fcomments&post=1867"}],"version-history":[{"count":0,"href":"https:\/\/www.achimbrueckner.de\/dxradio\/php\/wordpress\/index.php?rest_route=\/wp\/v2\/posts\/1867\/revisions"}],"wp:attachment":[{"href":"https:\/\/www.achimbrueckner.de\/dxradio\/php\/wordpress\/index.php?rest_route=%2Fwp%2Fv2%2Fmedia&parent=1867"}],"wp:term":[{"taxonomy":"category","embeddable":true,"href":"https:\/\/www.achimbrueckner.de\/dxradio\/php\/wordpress\/index.php?rest_route=%2Fwp%2Fv2%2Fcategories&post=1867"},{"taxonomy":"post_tag","embeddable":true,"href":"https:\/\/www.achimbrueckner.de\/dxradio\/php\/wordpress\/index.php?rest_route=%2Fwp%2Fv2%2Ftags&post=1867"}],"curies":[{"name":"wp","href":"https:\/\/api.w.org\/{rel}","templated":true}]}}