{"id":19109,"date":"2018-09-10T14:39:28","date_gmt":"2018-09-10T14:39:28","guid":{"rendered":"https:\/\/www.achimbrueckner.de\/dxradio\/php\/wordpress\/?p=19109"},"modified":"2018-09-10T14:39:28","modified_gmt":"2018-09-10T14:39:28","slug":"horer-hitparaden-abgesang-eines-erfolgsformats","status":"publish","type":"post","link":"https:\/\/www.achimbrueckner.de\/dxradio\/php\/wordpress\/?p=19109","title":{"rendered":"H\u00f6rer-Hitparaden: Abgesang eines Erfolgsformats"},"content":{"rendered":"<p><a href=\"https:\/\/www.radioszene.de\/125678\/hoerer-hitparaden.html\" rel=\"noopener\" target=\"_blank\">https:\/\/www.radioszene.de\/125678\/hoerer-hitparaden.html<\/a><\/p>\n","protected":false},"excerpt":{"rendered":"<p>https:\/\/www.radioszene.de\/125678\/hoerer-hitparaden.html<\/p>\n","protected":false},"author":1,"featured_media":0,"comment_status":"closed","ping_status":"open","sticky":false,"template":"","format":"standard","meta":{"_jetpack_memberships_contains_paid_content":false,"footnotes":"","jetpack_publicize_message":"","jetpack_publicize_feature_enabled":true,"jetpack_social_post_already_shared":true,"jetpack_social_options":{"image_generator_settings":{"template":"highway","default_image_id":0,"font":"","enabled":false},"version":2}},"categories":[1,16],"tags":[41],"class_list":["post-19109","post","type-post","status-publish","format-standard","hentry","category-deutsch","category-radioszene","tag-radioszene"],"jetpack_publicize_connections":[],"jetpack_featured_media_url":"","jetpack_sharing_enabled":true,"jetpack_shortlink":"https:\/\/wp.me\/p5CDmr-4Yd","jetpack-related-posts":[{"id":24320,"url":"https:\/\/www.achimbrueckner.de\/dxradio\/php\/wordpress\/?p=24320","url_meta":{"origin":19109,"position":0},"title":"Radio-Revolution bei FFH: H\u00f6rer k\u00f6nnen w\u00e4hlen, welche Art von Musik im Programm l\u00e4uft","author":"Administrator","date":"August 19, 2019","format":false,"excerpt":"https:\/\/www.radioszene.de\/135756\/ffh-hoerer-waehlen-musikgenre-radio-revolution.html","rel":"","context":"In &quot;Deutsch&quot;","block_context":{"text":"Deutsch","link":"https:\/\/www.achimbrueckner.de\/dxradio\/php\/wordpress\/?cat=1"},"img":{"alt_text":"","src":"","width":0,"height":0},"classes":[]},{"id":29821,"url":"https:\/\/www.achimbrueckner.de\/dxradio\/php\/wordpress\/?p=29821","url_meta":{"origin":19109,"position":1},"title":"Radio BOB!-H\u00f6rer geben \u00fcber 340.000 Euro f\u00fcr Mitarbeiter aus der Veranstaltungsbranche","author":"Administrator","date":"August 26, 2020","format":false,"excerpt":"https:\/\/www.radioszene.de\/146833\/radio-bob-hoerer-geben-ueber-340-000-euro-fuer-mitarbeiter-aus-der-veranstaltungsbranche.html","rel":"","context":"In &quot;Deutsch&quot;","block_context":{"text":"Deutsch","link":"https:\/\/www.achimbrueckner.de\/dxradio\/php\/wordpress\/?cat=1"},"img":{"alt_text":"","src":"","width":0,"height":0},"classes":[]},{"id":10890,"url":"https:\/\/www.achimbrueckner.de\/dxradio\/php\/wordpress\/?p=10890","url_meta":{"origin":19109,"position":2},"title":"Radio verliert immer mehr junge H\u00f6rer an Spotify &#038; Co.","author":"Administrator","date":"October 30, 2016","format":false,"excerpt":"http:\/\/www.radioszene.de\/97319\/radio-verliert-immer-mehr-junge-hoerer-spotify.html","rel":"","context":"In &quot;Deutsch&quot;","block_context":{"text":"Deutsch","link":"https:\/\/www.achimbrueckner.de\/dxradio\/php\/wordpress\/?cat=1"},"img":{"alt_text":"","src":"","width":0,"height":0},"classes":[]},{"id":4513,"url":"https:\/\/www.achimbrueckner.de\/dxradio\/php\/wordpress\/?p=4513","url_meta":{"origin":19109,"position":3},"title":"DAB+ Gipfel SaarLorLux: Mehrwert f\u00fcr den H\u00f6rer schaffen","author":"Administrator","date":"May 1, 2015","format":false,"excerpt":"http:\/\/www.radioszene.de\/79441\/dab-gipfel-saarlorlux-mehrwert-fuer-den-hoerer-schaffen.html","rel":"","context":"In &quot;Deutsch&quot;","block_context":{"text":"Deutsch","link":"https:\/\/www.achimbrueckner.de\/dxradio\/php\/wordpress\/?cat=1"},"img":{"alt_text":"","src":"","width":0,"height":0},"classes":[]},{"id":22826,"url":"https:\/\/www.achimbrueckner.de\/dxradio\/php\/wordpress\/?p=22826","url_meta":{"origin":19109,"position":4},"title":"Ostern im Radio: Hitparaden, Festivals und Musik-Ostereier","author":"Administrator","date":"April 19, 2019","format":false,"excerpt":"https:\/\/www.radioszene.de\/132635\/oster-radio-ostern.html","rel":"","context":"In &quot;Deutsch&quot;","block_context":{"text":"Deutsch","link":"https:\/\/www.achimbrueckner.de\/dxradio\/php\/wordpress\/?cat=1"},"img":{"alt_text":"","src":"","width":0,"height":0},"classes":[]},{"id":28015,"url":"https:\/\/www.achimbrueckner.de\/dxradio\/php\/wordpress\/?p=28015","url_meta":{"origin":19109,"position":5},"title":"H\u00f6rer vertrauen ihrem Lokalradio wie noch nie","author":"Administrator","date":"April 7, 2020","format":false,"excerpt":"https:\/\/www.radioszene.de\/142825\/lokalradio-coronazeit.html","rel":"","context":"In &quot;Deutsch&quot;","block_context":{"text":"Deutsch","link":"https:\/\/www.achimbrueckner.de\/dxradio\/php\/wordpress\/?cat=1"},"img":{"alt_text":"","src":"","width":0,"height":0},"classes":[]}],"_links":{"self":[{"href":"https:\/\/www.achimbrueckner.de\/dxradio\/php\/wordpress\/index.php?rest_route=\/wp\/v2\/posts\/19109","targetHints":{"allow":["GET"]}}],"collection":[{"href":"https:\/\/www.achimbrueckner.de\/dxradio\/php\/wordpress\/index.php?rest_route=\/wp\/v2\/posts"}],"about":[{"href":"https:\/\/www.achimbrueckner.de\/dxradio\/php\/wordpress\/index.php?rest_route=\/wp\/v2\/types\/post"}],"author":[{"embeddable":true,"href":"https:\/\/www.achimbrueckner.de\/dxradio\/php\/wordpress\/index.php?rest_route=\/wp\/v2\/users\/1"}],"replies":[{"embeddable":true,"href":"https:\/\/www.achimbrueckner.de\/dxradio\/php\/wordpress\/index.php?rest_route=%2Fwp%2Fv2%2Fcomments&post=19109"}],"version-history":[{"count":0,"href":"https:\/\/www.achimbrueckner.de\/dxradio\/php\/wordpress\/index.php?rest_route=\/wp\/v2\/posts\/19109\/revisions"}],"wp:attachment":[{"href":"https:\/\/www.achimbrueckner.de\/dxradio\/php\/wordpress\/index.php?rest_route=%2Fwp%2Fv2%2Fmedia&parent=19109"}],"wp:term":[{"taxonomy":"category","embeddable":true,"href":"https:\/\/www.achimbrueckner.de\/dxradio\/php\/wordpress\/index.php?rest_route=%2Fwp%2Fv2%2Fcategories&post=19109"},{"taxonomy":"post_tag","embeddable":true,"href":"https:\/\/www.achimbrueckner.de\/dxradio\/php\/wordpress\/index.php?rest_route=%2Fwp%2Fv2%2Ftags&post=19109"}],"curies":[{"name":"wp","href":"https:\/\/api.w.org\/{rel}","templated":true}]}}