{"id":19110,"date":"2018-09-10T14:57:25","date_gmt":"2018-09-10T14:57:25","guid":{"rendered":"https:\/\/www.achimbrueckner.de\/dxradio\/php\/wordpress\/?p=19110"},"modified":"2018-09-10T14:57:25","modified_gmt":"2018-09-10T14:57:25","slug":"radio-com-neuer-arger-fur-horer-im-ausland","status":"publish","type":"post","link":"https:\/\/www.achimbrueckner.de\/dxradio\/php\/wordpress\/?p=19110","title":{"rendered":"Radio.com: Neuer \u00c4rger f\u00fcr H\u00f6rer im Ausland"},"content":{"rendered":"<p><a href=\"https:\/\/www.smartphonefan.de\/2018\/09\/10\/radio-com-neuer-aerger-fuer-hoerer-im-ausland\/\" rel=\"noopener\" target=\"_blank\">https:\/\/www.smartphonefan.de\/2018\/09\/10\/radio-com-neuer-aerger-fuer-hoerer-im-ausland\/<\/a><\/p>\n","protected":false},"excerpt":{"rendered":"<p>https:\/\/www.smartphonefan.de\/2018\/09\/10\/radio-com-neuer-aerger-fuer-hoerer-im-ausland\/<\/p>\n","protected":false},"author":1,"featured_media":0,"comment_status":"closed","ping_status":"open","sticky":false,"template":"","format":"standard","meta":{"_jetpack_memberships_contains_paid_content":false,"footnotes":"","jetpack_publicize_message":"","jetpack_publicize_feature_enabled":true,"jetpack_social_post_already_shared":true,"jetpack_social_options":{"image_generator_settings":{"template":"highway","default_image_id":0,"font":"","enabled":false},"version":2}},"categories":[1],"tags":[],"class_list":["post-19110","post","type-post","status-publish","format-standard","hentry","category-deutsch"],"jetpack_publicize_connections":[],"jetpack_featured_media_url":"","jetpack_sharing_enabled":true,"jetpack_shortlink":"https:\/\/wp.me\/p5CDmr-4Ye","jetpack-related-posts":[{"id":43190,"url":"https:\/\/www.achimbrueckner.de\/dxradio\/php\/wordpress\/?p=43190","url_meta":{"origin":19110,"position":0},"title":"Gro\u00dfbritannien: BBC Sounds ab Ende Juli nicht mehr f\u00fcr H\u00f6rer im Ausland","author":"Administrator","date":"July 4, 2025","format":false,"excerpt":"https:\/\/www.radioblog.eu\/2025\/07\/04\/grossbritannien-bbc-sounds-ab-ende-juli-nicht-mehr-fuer-hoerer-im-ausland\/","rel":"","context":"In &quot;Deutsch&quot;","block_context":{"text":"Deutsch","link":"https:\/\/www.achimbrueckner.de\/dxradio\/php\/wordpress\/?cat=1"},"img":{"alt_text":"","src":"","width":0,"height":0},"classes":[]},{"id":41661,"url":"https:\/\/www.achimbrueckner.de\/dxradio\/php\/wordpress\/?p=41661","url_meta":{"origin":19110,"position":1},"title":"TuneIn sperrt Streaming f\u00fcr ARD-Programme im Ausland","author":"Administrator","date":"September 4, 2024","format":false,"excerpt":"https:\/\/www.radioblog.eu\/2024\/09\/04\/tunein-sperrt-streaming-fuer-ard-programme-im-ausland\/","rel":"","context":"In &quot;Deutsch&quot;","block_context":{"text":"Deutsch","link":"https:\/\/www.achimbrueckner.de\/dxradio\/php\/wordpress\/?cat=1"},"img":{"alt_text":"","src":"","width":0,"height":0},"classes":[]},{"id":17484,"url":"https:\/\/www.achimbrueckner.de\/dxradio\/php\/wordpress\/?p=17484","url_meta":{"origin":19110,"position":2},"title":"D\u00fcsseldorfer Lokalradio Schlechter Empfang f\u00fcr Antenne-H\u00f6rer wegen neuer Antenne","author":"Administrator","date":"April 25, 2018","format":false,"excerpt":"http:\/\/www.rp-online.de\/nrw\/staedte\/duesseldorf\/duesseldorfer-lokalradio-schlechter-empfang-fuer-antenne-hoerer-aid-1.7526812","rel":"","context":"In &quot;Deutsch&quot;","block_context":{"text":"Deutsch","link":"https:\/\/www.achimbrueckner.de\/dxradio\/php\/wordpress\/?cat=1"},"img":{"alt_text":"","src":"","width":0,"height":0},"classes":[]},{"id":14706,"url":"https:\/\/www.achimbrueckner.de\/dxradio\/php\/wordpress\/?p=14706","url_meta":{"origin":19110,"position":3},"title":"700.000 H\u00f6rer f\u00fcr documenta-Radio \u2013 allein im Netz","author":"Administrator","date":"September 23, 2017","format":false,"excerpt":"http:\/\/www.deutschlandradio.de\/700-000-hoerer-fuer-documenta-radio-allein-im-netz.2174.de.html?dram:article_id=396345","rel":"","context":"In &quot;Deutsch&quot;","block_context":{"text":"Deutsch","link":"https:\/\/www.achimbrueckner.de\/dxradio\/php\/wordpress\/?cat=1"},"img":{"alt_text":"","src":"","width":0,"height":0},"classes":[]},{"id":36766,"url":"https:\/\/www.achimbrueckner.de\/dxradio\/php\/wordpress\/?p=36766","url_meta":{"origin":19110,"position":4},"title":"Russland versch\u00e4rft Mediengesetz: Rache f\u00fcr \u201eunfreundliche Aktionen\u201c im Ausland","author":"Administrator","date":"June 30, 2022","format":false,"excerpt":"https:\/\/www.fr.de\/politik\/russland-verschaerft-mediengesetz-rache-fuer-unfreundliche-aktionen-im-ausland-zr-91639347.html","rel":"","context":"In &quot;Deutsch&quot;","block_context":{"text":"Deutsch","link":"https:\/\/www.achimbrueckner.de\/dxradio\/php\/wordpress\/?cat=1"},"img":{"alt_text":"","src":"","width":0,"height":0},"classes":[]},{"id":12958,"url":"https:\/\/www.achimbrueckner.de\/dxradio\/php\/wordpress\/?p=12958","url_meta":{"origin":19110,"position":5},"title":"Neuer Sender &#8220;Planet Radio NRW&#8221; soll junge H\u00f6rer erreichen","author":"Administrator","date":"April 24, 2017","format":false,"excerpt":"http:\/\/www.derwesten.de\/kultur\/neuer-sender-planet-radio-nrw-soll-junge-hoerer-erreichen-id9272528.html","rel":"","context":"In &quot;Deutsch&quot;","block_context":{"text":"Deutsch","link":"https:\/\/www.achimbrueckner.de\/dxradio\/php\/wordpress\/?cat=1"},"img":{"alt_text":"","src":"","width":0,"height":0},"classes":[]}],"_links":{"self":[{"href":"https:\/\/www.achimbrueckner.de\/dxradio\/php\/wordpress\/index.php?rest_route=\/wp\/v2\/posts\/19110","targetHints":{"allow":["GET"]}}],"collection":[{"href":"https:\/\/www.achimbrueckner.de\/dxradio\/php\/wordpress\/index.php?rest_route=\/wp\/v2\/posts"}],"about":[{"href":"https:\/\/www.achimbrueckner.de\/dxradio\/php\/wordpress\/index.php?rest_route=\/wp\/v2\/types\/post"}],"author":[{"embeddable":true,"href":"https:\/\/www.achimbrueckner.de\/dxradio\/php\/wordpress\/index.php?rest_route=\/wp\/v2\/users\/1"}],"replies":[{"embeddable":true,"href":"https:\/\/www.achimbrueckner.de\/dxradio\/php\/wordpress\/index.php?rest_route=%2Fwp%2Fv2%2Fcomments&post=19110"}],"version-history":[{"count":0,"href":"https:\/\/www.achimbrueckner.de\/dxradio\/php\/wordpress\/index.php?rest_route=\/wp\/v2\/posts\/19110\/revisions"}],"wp:attachment":[{"href":"https:\/\/www.achimbrueckner.de\/dxradio\/php\/wordpress\/index.php?rest_route=%2Fwp%2Fv2%2Fmedia&parent=19110"}],"wp:term":[{"taxonomy":"category","embeddable":true,"href":"https:\/\/www.achimbrueckner.de\/dxradio\/php\/wordpress\/index.php?rest_route=%2Fwp%2Fv2%2Fcategories&post=19110"},{"taxonomy":"post_tag","embeddable":true,"href":"https:\/\/www.achimbrueckner.de\/dxradio\/php\/wordpress\/index.php?rest_route=%2Fwp%2Fv2%2Ftags&post=19110"}],"curies":[{"name":"wp","href":"https:\/\/api.w.org\/{rel}","templated":true}]}}