{"id":19153,"date":"2018-09-14T14:51:52","date_gmt":"2018-09-14T14:51:52","guid":{"rendered":"https:\/\/www.achimbrueckner.de\/dxradio\/php\/wordpress\/?p=19153"},"modified":"2018-09-14T14:51:52","modified_gmt":"2018-09-14T14:51:52","slug":"digitalradio-ruckschlag-fur-dab-russland-entscheidet-sich-fur-drm","status":"publish","type":"post","link":"https:\/\/www.achimbrueckner.de\/dxradio\/php\/wordpress\/?p=19153","title":{"rendered":"Digitalradio: R\u00fcckschlag f\u00fcr DAB+ &#8211; Russland entscheidet sich f\u00fcr DRM+"},"content":{"rendered":"<p><a href=\"http:\/\/www.satnews.de\/mlesen.php?id=7d0449b303ce5e8af10b50af2f213bae\" rel=\"noopener\" target=\"_blank\">http:\/\/www.satnews.de\/mlesen.php?id=7d0449b303ce5e8af10b50af2f213bae<\/a><\/p>\n","protected":false},"excerpt":{"rendered":"<p>http:\/\/www.satnews.de\/mlesen.php?id=7d0449b303ce5e8af10b50af2f213bae<\/p>\n","protected":false},"author":1,"featured_media":0,"comment_status":"closed","ping_status":"open","sticky":false,"template":"","format":"standard","meta":{"_jetpack_memberships_contains_paid_content":false,"footnotes":"","jetpack_publicize_message":"","jetpack_publicize_feature_enabled":true,"jetpack_social_post_already_shared":true,"jetpack_social_options":{"image_generator_settings":{"template":"highway","default_image_id":0,"font":"","enabled":false},"version":2}},"categories":[1],"tags":[31,32],"class_list":["post-19153","post","type-post","status-publish","format-standard","hentry","category-deutsch","tag-dab","tag-digitalradio"],"jetpack_publicize_connections":[],"jetpack_featured_media_url":"","jetpack_sharing_enabled":true,"jetpack_shortlink":"https:\/\/wp.me\/p5CDmr-4YV","jetpack-related-posts":[{"id":5653,"url":"https:\/\/www.achimbrueckner.de\/dxradio\/php\/wordpress\/?p=5653","url_meta":{"origin":19153,"position":0},"title":"LETZTE CHANCE F\u00dcR DAB+: Nordrhein-Westfalen fragt Bedarf f\u00fcr Digitalradio ab","author":"Administrator","date":"August 23, 2015","format":false,"excerpt":"http:\/\/www.golem.de\/news\/letzte-chance-fuer-dab-nordrhein-westfalen-fragt-bedarf-fuer-digitalradio-ab-1508-115892.html","rel":"","context":"In &quot;Deutsch&quot;","block_context":{"text":"Deutsch","link":"https:\/\/www.achimbrueckner.de\/dxradio\/php\/wordpress\/?cat=1"},"img":{"alt_text":"","src":"","width":0,"height":0},"classes":[]},{"id":12171,"url":"https:\/\/www.achimbrueckner.de\/dxradio\/php\/wordpress\/?p=12171","url_meta":{"origin":19153,"position":1},"title":"Fortschritte f\u00fcr Digitalradio DAB+ in Osteuropa","author":"Administrator","date":"February 15, 2017","format":false,"excerpt":"http:\/\/www.radiowoche.de\/fortschritte-fuer-digitalradio-dab-in-osteuropa\/","rel":"","context":"In &quot;Deutsch&quot;","block_context":{"text":"Deutsch","link":"https:\/\/www.achimbrueckner.de\/dxradio\/php\/wordpress\/?cat=1"},"img":{"alt_text":"","src":"","width":0,"height":0},"classes":[]},{"id":27311,"url":"https:\/\/www.achimbrueckner.de\/dxradio\/php\/wordpress\/?p=27311","url_meta":{"origin":19153,"position":2},"title":"2019: Rekordzahlen f\u00fcr Digitalradio DAB+","author":"Administrator","date":"February 24, 2020","format":false,"excerpt":"https:\/\/www.teltarif.de\/digitalradio-dab-plus-ukw-radio\/news\/79730.html","rel":"","context":"In &quot;Deutsch&quot;","block_context":{"text":"Deutsch","link":"https:\/\/www.achimbrueckner.de\/dxradio\/php\/wordpress\/?cat=1"},"img":{"alt_text":"","src":"","width":0,"height":0},"classes":[]},{"id":19138,"url":"https:\/\/www.achimbrueckner.de\/dxradio\/php\/wordpress\/?p=19138","url_meta":{"origin":19153,"position":3},"title":"Reichweite f\u00fcr Digitalradio DAB+ steigt weiter","author":"Administrator","date":"September 13, 2018","format":false,"excerpt":"https:\/\/www.wz.de\/digital\/reichweite-fuer-digitalradio-dab-steigt-weiter_aid-32699867","rel":"","context":"In &quot;Deutsch&quot;","block_context":{"text":"Deutsch","link":"https:\/\/www.achimbrueckner.de\/dxradio\/php\/wordpress\/?cat=1"},"img":{"alt_text":"","src":"","width":0,"height":0},"classes":[]},{"id":25440,"url":"https:\/\/www.achimbrueckner.de\/dxradio\/php\/wordpress\/?p=25440","url_meta":{"origin":19153,"position":4},"title":"Was bedeutet die DAB+-Pflicht in Radios f\u00fcr Verbraucher?","author":"Administrator","date":"October 22, 2019","format":false,"excerpt":"https:\/\/www.teltarif.de\/radio-digitalradio-dab-plus-pflicht-digitalradio\/news\/78407.html","rel":"","context":"In &quot;Deutsch&quot;","block_context":{"text":"Deutsch","link":"https:\/\/www.achimbrueckner.de\/dxradio\/php\/wordpress\/?cat=1"},"img":{"alt_text":"","src":"","width":0,"height":0},"classes":[]},{"id":14475,"url":"https:\/\/www.achimbrueckner.de\/dxradio\/php\/wordpress\/?p=14475","url_meta":{"origin":19153,"position":5},"title":"Reichweite f\u00fcr Digitalradio DAB+ steigt weiter","author":"Administrator","date":"September 6, 2017","format":false,"excerpt":"https:\/\/www.heise.de\/newsticker\/meldung\/Reichweite-fuer-Digitalradio-DAB-steigt-weiter-3821426.html","rel":"","context":"In &quot;Deutsch&quot;","block_context":{"text":"Deutsch","link":"https:\/\/www.achimbrueckner.de\/dxradio\/php\/wordpress\/?cat=1"},"img":{"alt_text":"","src":"","width":0,"height":0},"classes":[]}],"_links":{"self":[{"href":"https:\/\/www.achimbrueckner.de\/dxradio\/php\/wordpress\/index.php?rest_route=\/wp\/v2\/posts\/19153","targetHints":{"allow":["GET"]}}],"collection":[{"href":"https:\/\/www.achimbrueckner.de\/dxradio\/php\/wordpress\/index.php?rest_route=\/wp\/v2\/posts"}],"about":[{"href":"https:\/\/www.achimbrueckner.de\/dxradio\/php\/wordpress\/index.php?rest_route=\/wp\/v2\/types\/post"}],"author":[{"embeddable":true,"href":"https:\/\/www.achimbrueckner.de\/dxradio\/php\/wordpress\/index.php?rest_route=\/wp\/v2\/users\/1"}],"replies":[{"embeddable":true,"href":"https:\/\/www.achimbrueckner.de\/dxradio\/php\/wordpress\/index.php?rest_route=%2Fwp%2Fv2%2Fcomments&post=19153"}],"version-history":[{"count":0,"href":"https:\/\/www.achimbrueckner.de\/dxradio\/php\/wordpress\/index.php?rest_route=\/wp\/v2\/posts\/19153\/revisions"}],"wp:attachment":[{"href":"https:\/\/www.achimbrueckner.de\/dxradio\/php\/wordpress\/index.php?rest_route=%2Fwp%2Fv2%2Fmedia&parent=19153"}],"wp:term":[{"taxonomy":"category","embeddable":true,"href":"https:\/\/www.achimbrueckner.de\/dxradio\/php\/wordpress\/index.php?rest_route=%2Fwp%2Fv2%2Fcategories&post=19153"},{"taxonomy":"post_tag","embeddable":true,"href":"https:\/\/www.achimbrueckner.de\/dxradio\/php\/wordpress\/index.php?rest_route=%2Fwp%2Fv2%2Ftags&post=19153"}],"curies":[{"name":"wp","href":"https:\/\/api.w.org\/{rel}","templated":true}]}}