{"id":19212,"date":"2018-09-19T15:19:19","date_gmt":"2018-09-19T15:19:19","guid":{"rendered":"https:\/\/www.achimbrueckner.de\/dxradio\/php\/wordpress\/?p=19212"},"modified":"2018-09-19T15:19:19","modified_gmt":"2018-09-19T15:19:19","slug":"martin-wagner-br-ukw-ist-nicht-unser-hauptprogramm","status":"publish","type":"post","link":"https:\/\/www.achimbrueckner.de\/dxradio\/php\/wordpress\/?p=19212","title":{"rendered":"Martin Wagner (BR): \u201eUKW ist nicht unser \u201aHauptprogramm\u2018\u201c"},"content":{"rendered":"<p><a href=\"https:\/\/www.infosat.de\/radio\/martin-wagner-br-ukw-ist-nicht-unser-hauptprogramm\" rel=\"noopener\" target=\"_blank\">https:\/\/www.infosat.de\/radio\/martin-wagner-br-ukw-ist-nicht-unser-hauptprogramm<\/a><\/p>\n","protected":false},"excerpt":{"rendered":"<p>https:\/\/www.infosat.de\/radio\/martin-wagner-br-ukw-ist-nicht-unser-hauptprogramm<\/p>\n","protected":false},"author":1,"featured_media":0,"comment_status":"closed","ping_status":"open","sticky":false,"template":"","format":"standard","meta":{"_jetpack_memberships_contains_paid_content":false,"footnotes":"","jetpack_publicize_message":"","jetpack_publicize_feature_enabled":true,"jetpack_social_post_already_shared":true,"jetpack_social_options":{"image_generator_settings":{"template":"highway","default_image_id":0,"font":"","enabled":false},"version":2}},"categories":[1],"tags":[24,27],"class_list":["post-19212","post","type-post","status-publish","format-standard","hentry","category-deutsch","tag-am","tag-ukw"],"jetpack_publicize_connections":[],"jetpack_featured_media_url":"","jetpack_sharing_enabled":true,"jetpack_shortlink":"https:\/\/wp.me\/p5CDmr-4ZS","jetpack-related-posts":[{"id":44157,"url":"https:\/\/www.achimbrueckner.de\/dxradio\/php\/wordpress\/?p=44157","url_meta":{"origin":19212,"position":0},"title":"Radio Mixtape: F\u00fcnf Webchannels neben dem Hauptprogramm","author":"Administrator","date":"October 30, 2025","format":false,"excerpt":"https:\/\/www.radioblog.eu\/2025\/10\/30\/radio-mixtape-fuenf-webchannels-neben-dem-hauptprogramm\/","rel":"","context":"In &quot;Deutsch&quot;","block_context":{"text":"Deutsch","link":"https:\/\/www.achimbrueckner.de\/dxradio\/php\/wordpress\/?cat=1"},"img":{"alt_text":"","src":"","width":0,"height":0},"classes":[]},{"id":38368,"url":"https:\/\/www.achimbrueckner.de\/dxradio\/php\/wordpress\/?p=38368","url_meta":{"origin":19212,"position":1},"title":"Antenne NRW: Neuer Webchannel l\u00e4uft auch im Hauptprogramm","author":"Administrator","date":"December 27, 2022","format":false,"excerpt":"https:\/\/www.radioblog.eu\/2022\/12\/27\/antenne-nrw-neuer-webchannel-laeuft-auch-im-hauptprogramm\/","rel":"","context":"In &quot;Deutsch&quot;","block_context":{"text":"Deutsch","link":"https:\/\/www.achimbrueckner.de\/dxradio\/php\/wordpress\/?cat=1"},"img":{"alt_text":"","src":"","width":0,"height":0},"classes":[]},{"id":957,"url":"https:\/\/www.achimbrueckner.de\/dxradio\/php\/wordpress\/?p=957","url_meta":{"origin":19212,"position":2},"title":"Radio Bremen 936 Khz","author":"Administrator","date":"March 13, 2010","format":false,"excerpt":"Radio Bremen plant aus wirtschaftlichen Gr\u00fcnden (es geht um Kostensenkung) die Mittelwelle abzuschalten. Unser Programm ist ja neben UKW, Kabel und Satellit auch mittlerweile via Internet weltweit zu empfangen, so dass vermutlich die Mittelwelle nur noch von wenigen H\u00f6rerinnen und H\u00f6rern genutzt wird. Wir hoffen, dass Sie nicht ausschlie\u00dflich auf\u2026","rel":"","context":"In &quot;Deutsch&quot;","block_context":{"text":"Deutsch","link":"https:\/\/www.achimbrueckner.de\/dxradio\/php\/wordpress\/?cat=1"},"img":{"alt_text":"","src":"","width":0,"height":0},"classes":[]},{"id":17272,"url":"https:\/\/www.achimbrueckner.de\/dxradio\/php\/wordpress\/?p=17272","url_meta":{"origin":19212,"position":3},"title":"Unser merkw\u00fcrdiges Verharren auf dem UKW-Standard","author":"Administrator","date":"April 9, 2018","format":false,"excerpt":"https:\/\/www.welt.de\/wirtschaft\/article175252337\/UKW-Abschaltung-Warum-wir-nicht-davon-lassen-koennen.html","rel":"","context":"In &quot;Deutsch&quot;","block_context":{"text":"Deutsch","link":"https:\/\/www.achimbrueckner.de\/dxradio\/php\/wordpress\/?cat=1"},"img":{"alt_text":"","src":"","width":0,"height":0},"classes":[]},{"id":43825,"url":"https:\/\/www.achimbrueckner.de\/dxradio\/php\/wordpress\/?p=43825","url_meta":{"origin":19212,"position":4},"title":"UKW-Abschaltung beim BR: Diese Region ist jetzt betroffen","author":"Administrator","date":"September 17, 2025","format":false,"excerpt":"https:\/\/www.radioblog.eu\/2025\/09\/16\/ukw-abschaltung-beim-br-diese-region-ist-jetzt-betroffen\/","rel":"","context":"In &quot;Deutsch&quot;","block_context":{"text":"Deutsch","link":"https:\/\/www.achimbrueckner.de\/dxradio\/php\/wordpress\/?cat=1"},"img":{"alt_text":"","src":"","width":0,"height":0},"classes":[]},{"id":3309,"url":"https:\/\/www.achimbrueckner.de\/dxradio\/php\/wordpress\/?p=3309","url_meta":{"origin":19212,"position":5},"title":"European Radio Guide","author":"Administrator","date":"July 2, 2014","format":false,"excerpt":"European Radio Guide Die Senderlandschaft in Europa ist so vielf\u00e4ltig wie unser Kontinent selbst. Im European Radio Guide werden die H\u00f6rfunkprogramme gelistet, welche in den 400 wichtigsten St\u00e4dten Europas geh\u00f6rt werden k\u00f6nnen. Die Programmlisten sind auf die Programme beschr\u00e4nkt, die orts\u00fcblich ohne gro\u00dfen Aufwand zu empfangen sind. \u00dcbersichtskarten zeigen die\u2026","rel":"","context":"In &quot;Deutsch&quot;","block_context":{"text":"Deutsch","link":"https:\/\/www.achimbrueckner.de\/dxradio\/php\/wordpress\/?cat=1"},"img":{"alt_text":"","src":"","width":0,"height":0},"classes":[]}],"_links":{"self":[{"href":"https:\/\/www.achimbrueckner.de\/dxradio\/php\/wordpress\/index.php?rest_route=\/wp\/v2\/posts\/19212","targetHints":{"allow":["GET"]}}],"collection":[{"href":"https:\/\/www.achimbrueckner.de\/dxradio\/php\/wordpress\/index.php?rest_route=\/wp\/v2\/posts"}],"about":[{"href":"https:\/\/www.achimbrueckner.de\/dxradio\/php\/wordpress\/index.php?rest_route=\/wp\/v2\/types\/post"}],"author":[{"embeddable":true,"href":"https:\/\/www.achimbrueckner.de\/dxradio\/php\/wordpress\/index.php?rest_route=\/wp\/v2\/users\/1"}],"replies":[{"embeddable":true,"href":"https:\/\/www.achimbrueckner.de\/dxradio\/php\/wordpress\/index.php?rest_route=%2Fwp%2Fv2%2Fcomments&post=19212"}],"version-history":[{"count":0,"href":"https:\/\/www.achimbrueckner.de\/dxradio\/php\/wordpress\/index.php?rest_route=\/wp\/v2\/posts\/19212\/revisions"}],"wp:attachment":[{"href":"https:\/\/www.achimbrueckner.de\/dxradio\/php\/wordpress\/index.php?rest_route=%2Fwp%2Fv2%2Fmedia&parent=19212"}],"wp:term":[{"taxonomy":"category","embeddable":true,"href":"https:\/\/www.achimbrueckner.de\/dxradio\/php\/wordpress\/index.php?rest_route=%2Fwp%2Fv2%2Fcategories&post=19212"},{"taxonomy":"post_tag","embeddable":true,"href":"https:\/\/www.achimbrueckner.de\/dxradio\/php\/wordpress\/index.php?rest_route=%2Fwp%2Fv2%2Ftags&post=19212"}],"curies":[{"name":"wp","href":"https:\/\/api.w.org\/{rel}","templated":true}]}}