{"id":19243,"date":"2018-09-21T14:33:36","date_gmt":"2018-09-21T14:33:36","guid":{"rendered":"https:\/\/www.achimbrueckner.de\/dxradio\/php\/wordpress\/?p=19243"},"modified":"2018-09-21T14:33:36","modified_gmt":"2018-09-21T14:33:36","slug":"jens-spahn-will-dass-pfleger-mehr-arbeiten-wie-medien-ein-zitat-aus-dem-kontext-reisen-und-einen-social-media-shitstorm-anheizen","status":"publish","type":"post","link":"https:\/\/www.achimbrueckner.de\/dxradio\/php\/wordpress\/?p=19243","title":{"rendered":"\u201cJens Spahn will, dass Pfleger mehr arbeiten\u201d: Wie Medien ein Zitat aus dem Kontext rei\u00dfen und einen Social-Media-Shitstorm anheizen"},"content":{"rendered":"<p><a href=\"https:\/\/meedia.de\/2018\/09\/21\/jens-spahn-will-dass-pfleger-mehr-arbeiten-wie-in-den-sozialen-netzwerken-aus-einem-einzelnen-satz-ein-skandal-gemacht-wird\/\" rel=\"noopener\" target=\"_blank\">https:\/\/meedia.de\/2018\/09\/21\/jens-spahn-will-dass-pfleger-mehr-arbeiten-wie-in-den-sozialen-netzwerken-aus-einem-einzelnen-satz-ein-skandal-gemacht-wird\/<\/a><\/p>\n","protected":false},"excerpt":{"rendered":"<p>https:\/\/meedia.de\/2018\/09\/21\/jens-spahn-will-dass-pfleger-mehr-arbeiten-wie-in-den-sozialen-netzwerken-aus-einem-einzelnen-satz-ein-skandal-gemacht-wird\/<\/p>\n","protected":false},"author":1,"featured_media":0,"comment_status":"closed","ping_status":"open","sticky":false,"template":"","format":"standard","meta":{"_jetpack_memberships_contains_paid_content":false,"footnotes":"","jetpack_publicize_message":"","jetpack_publicize_feature_enabled":true,"jetpack_social_post_already_shared":true,"jetpack_social_options":{"image_generator_settings":{"template":"highway","default_image_id":0,"font":"","enabled":false},"version":2}},"categories":[1,17,15],"tags":[46,45],"class_list":["post-19243","post","type-post","status-publish","format-standard","hentry","category-deutsch","category-media","category-medien","tag-media","tag-medien"],"jetpack_publicize_connections":[],"jetpack_featured_media_url":"","jetpack_sharing_enabled":true,"jetpack_shortlink":"https:\/\/wp.me\/p5CDmr-50n","jetpack-related-posts":[{"id":8182,"url":"https:\/\/www.achimbrueckner.de\/dxradio\/php\/wordpress\/?p=8182","url_meta":{"origin":19243,"position":0},"title":"Zum Tag der Pressefreiheit: NDR Programme erkl\u00e4ren, wie Medien arbeiten","author":"Administrator","date":"April 29, 2016","format":false,"excerpt":"http:\/\/www.ndr.de\/der_ndr\/presse\/mitteilungen\/Zum-Tag-der-Pressefreiheit-NDR-Programme-erklaeren-wie-Medien-arbeiten-,pressemeldungndr17164.html","rel":"","context":"In &quot;Deutsch&quot;","block_context":{"text":"Deutsch","link":"https:\/\/www.achimbrueckner.de\/dxradio\/php\/wordpress\/?cat=1"},"img":{"alt_text":"","src":"","width":0,"height":0},"classes":[]},{"id":8149,"url":"https:\/\/www.achimbrueckner.de\/dxradio\/php\/wordpress\/?p=8149","url_meta":{"origin":19243,"position":1},"title":"MediaSurfer 2015: Grundschule Warteberg aus Kassel mit dem Audioprojekt \u201eRadio ist mehr als Musik\u201c","author":"Administrator","date":"April 28, 2016","format":false,"excerpt":"http:\/\/www.mediathek-hessen.de\/medienview_13695_LPR-Hessen-MediaSurfer-2015-Grundschule-Warteberg-aus-Kassel-mit-dem-Audioprojekt-%E2%80%9ERadio-ist-mehr-als-Musik%E2%80%9C.html","rel":"","context":"In &quot;audio&quot;","block_context":{"text":"audio","link":"https:\/\/www.achimbrueckner.de\/dxradio\/php\/wordpress\/?cat=47"},"img":{"alt_text":"","src":"","width":0,"height":0},"classes":[]},{"id":21752,"url":"https:\/\/www.achimbrueckner.de\/dxradio\/php\/wordpress\/?p=21752","url_meta":{"origin":19243,"position":2},"title":"International Public Media Conference (IPMC) &#8211; wie sieht die Zukunft der \u00f6ffentlichen Medien aus?","author":"Administrator","date":"February 21, 2019","format":false,"excerpt":"https:\/\/www.presseportal.ch\/de\/pm\/100014224\/100825134","rel":"","context":"In &quot;Deutsch&quot;","block_context":{"text":"Deutsch","link":"https:\/\/www.achimbrueckner.de\/dxradio\/php\/wordpress\/?cat=1"},"img":{"alt_text":"","src":"","width":0,"height":0},"classes":[]},{"id":267,"url":"https:\/\/www.achimbrueckner.de\/dxradio\/php\/wordpress\/?p=267","url_meta":{"origin":19243,"position":3},"title":"Radioskala","author":"Administrator","date":"February 18, 2007","format":false,"excerpt":"Immer interessante Beitr\u00e4ge aus der Welt der Medien gibt es im Blog Radioskala von Thomas Kamp DF5JL zu lesen. So erf\u00e4hrt man, da\u00df RTL Luxemburg seine englischen DRM-Sendungen auf 7295 Khz eingestellt hat. Au\u00dferdem wird berichtet, da\u00df die Deutsche Welle ab April 2007 voraussichtlich keine Kurzwellensendungen mehr von deutschen Boden\u2026","rel":"","context":"In &quot;links&quot;","block_context":{"text":"links","link":"https:\/\/www.achimbrueckner.de\/dxradio\/php\/wordpress\/?cat=7"},"img":{"alt_text":"","src":"","width":0,"height":0},"classes":[]},{"id":12354,"url":"https:\/\/www.achimbrueckner.de\/dxradio\/php\/wordpress\/?p=12354","url_meta":{"origin":19243,"position":4},"title":"100. Sendung Radio DARC","author":"Administrator","date":"March 2, 2017","format":false,"excerpt":"Liebe YLs und OMs, am kommenden Sonntag,den 05. M\u00e4rz 2017 ist es soweit, die 100. Sendung von RADIO DARC geht \u00fcber die Antennen. Urspr\u00fcnglich als eine Serie von Sondersendungen anl\u00e4sslich des 65. Gr\u00fcndungsjubil\u00e4ums des Deutschen Amateur Radio Clubs e,V, gedacht, haben sich unsere w\u00f6chentlichen DX-Magazine zu einer festen Gr\u00f6\u00dfe entwickelt.\u2026","rel":"","context":"In &quot;Deutsch&quot;","block_context":{"text":"Deutsch","link":"https:\/\/www.achimbrueckner.de\/dxradio\/php\/wordpress\/?cat=1"},"img":{"alt_text":"","src":"","width":0,"height":0},"classes":[]},{"id":21534,"url":"https:\/\/www.achimbrueckner.de\/dxradio\/php\/wordpress\/?p=21534","url_meta":{"origin":19243,"position":5},"title":"\u201eQueer Media Society\u201c gegr\u00fcndet F\u00fcr mehr Diversit\u00e4t in den Medien","author":"Administrator","date":"February 12, 2019","format":false,"excerpt":"https:\/\/www.tagesspiegel.de\/gesellschaft\/queerspiegel\/queer-media-society-gegruendet-fuer-mehr-diversitaet-in-den-medien\/23973990.html","rel":"","context":"In &quot;Deutsch&quot;","block_context":{"text":"Deutsch","link":"https:\/\/www.achimbrueckner.de\/dxradio\/php\/wordpress\/?cat=1"},"img":{"alt_text":"","src":"","width":0,"height":0},"classes":[]}],"_links":{"self":[{"href":"https:\/\/www.achimbrueckner.de\/dxradio\/php\/wordpress\/index.php?rest_route=\/wp\/v2\/posts\/19243","targetHints":{"allow":["GET"]}}],"collection":[{"href":"https:\/\/www.achimbrueckner.de\/dxradio\/php\/wordpress\/index.php?rest_route=\/wp\/v2\/posts"}],"about":[{"href":"https:\/\/www.achimbrueckner.de\/dxradio\/php\/wordpress\/index.php?rest_route=\/wp\/v2\/types\/post"}],"author":[{"embeddable":true,"href":"https:\/\/www.achimbrueckner.de\/dxradio\/php\/wordpress\/index.php?rest_route=\/wp\/v2\/users\/1"}],"replies":[{"embeddable":true,"href":"https:\/\/www.achimbrueckner.de\/dxradio\/php\/wordpress\/index.php?rest_route=%2Fwp%2Fv2%2Fcomments&post=19243"}],"version-history":[{"count":0,"href":"https:\/\/www.achimbrueckner.de\/dxradio\/php\/wordpress\/index.php?rest_route=\/wp\/v2\/posts\/19243\/revisions"}],"wp:attachment":[{"href":"https:\/\/www.achimbrueckner.de\/dxradio\/php\/wordpress\/index.php?rest_route=%2Fwp%2Fv2%2Fmedia&parent=19243"}],"wp:term":[{"taxonomy":"category","embeddable":true,"href":"https:\/\/www.achimbrueckner.de\/dxradio\/php\/wordpress\/index.php?rest_route=%2Fwp%2Fv2%2Fcategories&post=19243"},{"taxonomy":"post_tag","embeddable":true,"href":"https:\/\/www.achimbrueckner.de\/dxradio\/php\/wordpress\/index.php?rest_route=%2Fwp%2Fv2%2Ftags&post=19243"}],"curies":[{"name":"wp","href":"https:\/\/api.w.org\/{rel}","templated":true}]}}