{"id":19310,"date":"2018-09-26T17:34:57","date_gmt":"2018-09-26T17:34:57","guid":{"rendered":"https:\/\/www.achimbrueckner.de\/dxradio\/php\/wordpress\/?p=19310"},"modified":"2018-09-26T17:34:57","modified_gmt":"2018-09-26T17:34:57","slug":"eu-gutachter-halt-rundfunkbeitrag-fur-rechtmasig","status":"publish","type":"post","link":"https:\/\/www.achimbrueckner.de\/dxradio\/php\/wordpress\/?p=19310","title":{"rendered":"EU-Gutachter h\u00e4lt Rundfunkbeitrag f\u00fcr rechtm\u00e4\u00dfig"},"content":{"rendered":"<p><a href=\"https:\/\/www.heise.de\/newsticker\/meldung\/EU-Gutachter-haelt-Rundfunkbeitrag-fuer-rechtmaessig-4174756.html\" rel=\"noopener\" target=\"_blank\">https:\/\/www.heise.de\/newsticker\/meldung\/EU-Gutachter-haelt-Rundfunkbeitrag-fuer-rechtmaessig-4174756.html<\/a><\/p>\n","protected":false},"excerpt":{"rendered":"<p>https:\/\/www.heise.de\/newsticker\/meldung\/EU-Gutachter-haelt-Rundfunkbeitrag-fuer-rechtmaessig-4174756.html<\/p>\n","protected":false},"author":1,"featured_media":0,"comment_status":"closed","ping_status":"open","sticky":false,"template":"","format":"standard","meta":{"_jetpack_memberships_contains_paid_content":false,"footnotes":"","jetpack_publicize_message":"","jetpack_publicize_feature_enabled":true,"jetpack_social_post_already_shared":true,"jetpack_social_options":{"image_generator_settings":{"template":"highway","default_image_id":0,"font":"","enabled":false},"version":2}},"categories":[1],"tags":[],"class_list":["post-19310","post","type-post","status-publish","format-standard","hentry","category-deutsch"],"jetpack_publicize_connections":[],"jetpack_featured_media_url":"","jetpack_sharing_enabled":true,"jetpack_shortlink":"https:\/\/wp.me\/p5CDmr-51s","jetpack-related-posts":[{"id":19055,"url":"https:\/\/www.achimbrueckner.de\/dxradio\/php\/wordpress\/?p=19055","url_meta":{"origin":19310,"position":0},"title":"Gutachter warnen: Zu viele &#8220;anspruchslose&#8221; Gewinnspiele beim WDR","author":"Administrator","date":"September 6, 2018","format":false,"excerpt":"http:\/\/www.wz.de\/home\/kultur\/gutachter-warnen-zu-viele-anspruchslose-gewinnspiele-beim-wdr-1.2758665","rel":"","context":"In &quot;Deutsch&quot;","block_context":{"text":"Deutsch","link":"https:\/\/www.achimbrueckner.de\/dxradio\/php\/wordpress\/?cat=1"},"img":{"alt_text":"","src":"","width":0,"height":0},"classes":[]},{"id":4713,"url":"https:\/\/www.achimbrueckner.de\/dxradio\/php\/wordpress\/?p=4713","url_meta":{"origin":19310,"position":1},"title":"Gutachter wollen ARD und ZDF privatisieren lassen","author":"Administrator","date":"May 25, 2015","format":false,"excerpt":"http:\/\/m.welt.de\/kultur\/medien\/article141421359\/Gutachter-wollen-ARD-und-ZDF-privatisieren-lassen.html","rel":"","context":"In &quot;Deutsch&quot;","block_context":{"text":"Deutsch","link":"https:\/\/www.achimbrueckner.de\/dxradio\/php\/wordpress\/?cat=1"},"img":{"alt_text":"","src":"","width":0,"height":0},"classes":[]},{"id":10669,"url":"https:\/\/www.achimbrueckner.de\/dxradio\/php\/wordpress\/?p=10669","url_meta":{"origin":19310,"position":2},"title":"Gutachter hoffen, dass ARD und ZDF nicht aussterben","author":"Administrator","date":"October 12, 2016","format":false,"excerpt":"http:\/\/www.golem.de\/news\/zdf-fernsehrat-gutachter-hoffen-dass-ard-und-zdf-nicht-aussterben-1610-123745.html","rel":"","context":"In &quot;Deutsch&quot;","block_context":{"text":"Deutsch","link":"https:\/\/www.achimbrueckner.de\/dxradio\/php\/wordpress\/?cat=1"},"img":{"alt_text":"","src":"","width":0,"height":0},"classes":[]},{"id":10654,"url":"https:\/\/www.achimbrueckner.de\/dxradio\/php\/wordpress\/?p=10654","url_meta":{"origin":19310,"position":3},"title":"Gutachter: ARD und ZDF m\u00fcssen sich f\u00fcrs &#8220;Cloud-TV&#8221; wappnen","author":"Administrator","date":"October 10, 2016","format":false,"excerpt":"http:\/\/www.heise.de\/newsticker\/meldung\/Gutachter-ARD-und-ZDF-muessen-sich-fuers-Cloud-TV-wappnen-3344425.html","rel":"","context":"In &quot;Deutsch&quot;","block_context":{"text":"Deutsch","link":"https:\/\/www.achimbrueckner.de\/dxradio\/php\/wordpress\/?cat=1"},"img":{"alt_text":"","src":"","width":0,"height":0},"classes":[]},{"id":20391,"url":"https:\/\/www.achimbrueckner.de\/dxradio\/php\/wordpress\/?p=20391","url_meta":{"origin":19310,"position":4},"title":"EuGH-Entscheidung: Rundfunkbeitrag in Deutschland ist mit EU\u2011Recht vereinbar","author":"Administrator","date":"December 13, 2018","format":false,"excerpt":"https:\/\/www.medienkorrespondenz.de\/politik\/artikel\/eugh-rundfunkbeitrag-in-deutschland-ist-mit-eu-recht-vereinbar.html","rel":"","context":"In &quot;Deutsch&quot;","block_context":{"text":"Deutsch","link":"https:\/\/www.achimbrueckner.de\/dxradio\/php\/wordpress\/?cat=1"},"img":{"alt_text":"","src":"","width":0,"height":0},"classes":[]},{"id":27553,"url":"https:\/\/www.achimbrueckner.de\/dxradio\/php\/wordpress\/?p=27553","url_meta":{"origin":19310,"position":5},"title":"L\u00e4nderchefs stimmen f\u00fcr h\u00f6heren Rundfunkbeitrag","author":"Administrator","date":"March 13, 2020","format":false,"excerpt":"http:\/\/www.radiowoche.de\/laenderchefs-stimmen-fuer-hoeheren-rundfunkbeitrag\/","rel":"","context":"In &quot;Deutsch&quot;","block_context":{"text":"Deutsch","link":"https:\/\/www.achimbrueckner.de\/dxradio\/php\/wordpress\/?cat=1"},"img":{"alt_text":"","src":"","width":0,"height":0},"classes":[]}],"_links":{"self":[{"href":"https:\/\/www.achimbrueckner.de\/dxradio\/php\/wordpress\/index.php?rest_route=\/wp\/v2\/posts\/19310","targetHints":{"allow":["GET"]}}],"collection":[{"href":"https:\/\/www.achimbrueckner.de\/dxradio\/php\/wordpress\/index.php?rest_route=\/wp\/v2\/posts"}],"about":[{"href":"https:\/\/www.achimbrueckner.de\/dxradio\/php\/wordpress\/index.php?rest_route=\/wp\/v2\/types\/post"}],"author":[{"embeddable":true,"href":"https:\/\/www.achimbrueckner.de\/dxradio\/php\/wordpress\/index.php?rest_route=\/wp\/v2\/users\/1"}],"replies":[{"embeddable":true,"href":"https:\/\/www.achimbrueckner.de\/dxradio\/php\/wordpress\/index.php?rest_route=%2Fwp%2Fv2%2Fcomments&post=19310"}],"version-history":[{"count":0,"href":"https:\/\/www.achimbrueckner.de\/dxradio\/php\/wordpress\/index.php?rest_route=\/wp\/v2\/posts\/19310\/revisions"}],"wp:attachment":[{"href":"https:\/\/www.achimbrueckner.de\/dxradio\/php\/wordpress\/index.php?rest_route=%2Fwp%2Fv2%2Fmedia&parent=19310"}],"wp:term":[{"taxonomy":"category","embeddable":true,"href":"https:\/\/www.achimbrueckner.de\/dxradio\/php\/wordpress\/index.php?rest_route=%2Fwp%2Fv2%2Fcategories&post=19310"},{"taxonomy":"post_tag","embeddable":true,"href":"https:\/\/www.achimbrueckner.de\/dxradio\/php\/wordpress\/index.php?rest_route=%2Fwp%2Fv2%2Ftags&post=19310"}],"curies":[{"name":"wp","href":"https:\/\/api.w.org\/{rel}","templated":true}]}}