{"id":19311,"date":"2018-09-26T17:35:46","date_gmt":"2018-09-26T17:35:46","guid":{"rendered":"https:\/\/www.achimbrueckner.de\/dxradio\/php\/wordpress\/?p=19311"},"modified":"2018-09-26T17:35:46","modified_gmt":"2018-09-26T17:35:46","slug":"deutschlandradio-beginnt-mit-dem-ausstieg-aus-dem-ukw-zeitalter","status":"publish","type":"post","link":"https:\/\/www.achimbrueckner.de\/dxradio\/php\/wordpress\/?p=19311","title":{"rendered":"Deutschlandradio beginnt mit dem Ausstieg aus dem UKW-Zeitalter"},"content":{"rendered":"<p><a href=\"https:\/\/www.heise.de\/newsticker\/meldung\/Deutschlandradio-beginnt-mit-dem-Ausstieg-aus-dem-UKW-Zeitalter-4175906.html\" rel=\"noopener\" target=\"_blank\">https:\/\/www.heise.de\/newsticker\/meldung\/Deutschlandradio-beginnt-mit-dem-Ausstieg-aus-dem-UKW-Zeitalter-4175906.html<\/a><\/p>\n","protected":false},"excerpt":{"rendered":"<p>https:\/\/www.heise.de\/newsticker\/meldung\/Deutschlandradio-beginnt-mit-dem-Ausstieg-aus-dem-UKW-Zeitalter-4175906.html<\/p>\n","protected":false},"author":1,"featured_media":0,"comment_status":"closed","ping_status":"open","sticky":false,"template":"","format":"standard","meta":{"_jetpack_memberships_contains_paid_content":false,"footnotes":"","jetpack_publicize_message":"","jetpack_publicize_feature_enabled":true,"jetpack_social_post_already_shared":true,"jetpack_social_options":{"image_generator_settings":{"template":"highway","default_image_id":0,"font":"","enabled":false},"version":2}},"categories":[1],"tags":[27],"class_list":["post-19311","post","type-post","status-publish","format-standard","hentry","category-deutsch","tag-ukw"],"jetpack_publicize_connections":[],"jetpack_featured_media_url":"","jetpack_sharing_enabled":true,"jetpack_shortlink":"https:\/\/wp.me\/p5CDmr-51t","jetpack-related-posts":[{"id":18983,"url":"https:\/\/www.achimbrueckner.de\/dxradio\/php\/wordpress\/?p=18983","url_meta":{"origin":19311,"position":0},"title":"Deutschlandradio: Ausstieg aus analoger UKW-Technik","author":"Administrator","date":"August 31, 2018","format":false,"excerpt":"https:\/\/www.teltarif.de\/radio-ukw-abschaltung-digitalradio-dab-plus\/news\/73828.html","rel":"","context":"In &quot;Deutsch&quot;","block_context":{"text":"Deutsch","link":"https:\/\/www.achimbrueckner.de\/dxradio\/php\/wordpress\/?cat=1"},"img":{"alt_text":"","src":"","width":0,"height":0},"classes":[]},{"id":43199,"url":"https:\/\/www.achimbrueckner.de\/dxradio\/php\/wordpress\/?p=43199","url_meta":{"origin":19311,"position":1},"title":"Schweiz: Ausstieg aus dem UKW-Ausstieg?","author":"Administrator","date":"July 3, 2025","format":false,"excerpt":"https:\/\/www.radioblog.eu\/2025\/07\/02\/schweiz-ausstieg-aus-dem-ukw-ausstieg\/","rel":"","context":"In &quot;Deutsch&quot;","block_context":{"text":"Deutsch","link":"https:\/\/www.achimbrueckner.de\/dxradio\/php\/wordpress\/?cat=1"},"img":{"alt_text":"","src":"","width":0,"height":0},"classes":[]},{"id":2919,"url":"https:\/\/www.achimbrueckner.de\/dxradio\/php\/wordpress\/?p=2919","url_meta":{"origin":19311,"position":2},"title":"KEF dr\u00e4ngt ARD und Deutschlandradio zur Abschaltung von UKW","author":"Administrator","date":"February 27, 2014","format":false,"excerpt":"http:\/\/www.teltarif.de\/dab-plus-kef-ard-deutschlandradio-ukw-ausstieg\/news\/54670.html","rel":"","context":"In &quot;Deutsch&quot;","block_context":{"text":"Deutsch","link":"https:\/\/www.achimbrueckner.de\/dxradio\/php\/wordpress\/?cat=1"},"img":{"alt_text":"","src":"","width":0,"height":0},"classes":[]},{"id":15983,"url":"https:\/\/www.achimbrueckner.de\/dxradio\/php\/wordpress\/?p=15983","url_meta":{"origin":19311,"position":3},"title":"Ausstieg aus dem UKW-Gesch\u00e4ft: Media Broadcast findet K\u00e4ufer f\u00fcr 700 Radio-Antennen","author":"Administrator","date":"December 21, 2017","format":false,"excerpt":"http:\/\/meedia.de\/2017\/12\/21\/ausstieg-aus-dem-ukw-geschaeft-media-broadcast-findet-kaeufer-fuer-700-radio-antennen\/","rel":"","context":"In &quot;Deutsch&quot;","block_context":{"text":"Deutsch","link":"https:\/\/www.achimbrueckner.de\/dxradio\/php\/wordpress\/?cat=1"},"img":{"alt_text":"","src":"","width":0,"height":0},"classes":[]},{"id":29359,"url":"https:\/\/www.achimbrueckner.de\/dxradio\/php\/wordpress\/?p=29359","url_meta":{"origin":19311,"position":4},"title":"Gro\u00dfbritannien stoppt Ausstieg aus dem UKW-Radio","author":"Administrator","date":"July 7, 2020","format":false,"excerpt":"https:\/\/www.teltarif.de\/grossbritannien-ukw-ausstieg-gestoppt-dab-plus-digitalradio\/news\/81196.html","rel":"","context":"In &quot;Deutsch&quot;","block_context":{"text":"Deutsch","link":"https:\/\/www.achimbrueckner.de\/dxradio\/php\/wordpress\/?cat=1"},"img":{"alt_text":"","src":"","width":0,"height":0},"classes":[]},{"id":13576,"url":"https:\/\/www.achimbrueckner.de\/dxradio\/php\/wordpress\/?p=13576","url_meta":{"origin":19311,"position":5},"title":"MEDIA BROADCAST beginnt mit Verkauf ihrer UKW-Anlagen","author":"Administrator","date":"July 1, 2017","format":false,"excerpt":"http:\/\/www.radioszene.de\/107769\/media-broadcast-belgravia-mit-dem-verkauf-radiosender-antennen.html","rel":"","context":"In &quot;Deutsch&quot;","block_context":{"text":"Deutsch","link":"https:\/\/www.achimbrueckner.de\/dxradio\/php\/wordpress\/?cat=1"},"img":{"alt_text":"","src":"","width":0,"height":0},"classes":[]}],"_links":{"self":[{"href":"https:\/\/www.achimbrueckner.de\/dxradio\/php\/wordpress\/index.php?rest_route=\/wp\/v2\/posts\/19311","targetHints":{"allow":["GET"]}}],"collection":[{"href":"https:\/\/www.achimbrueckner.de\/dxradio\/php\/wordpress\/index.php?rest_route=\/wp\/v2\/posts"}],"about":[{"href":"https:\/\/www.achimbrueckner.de\/dxradio\/php\/wordpress\/index.php?rest_route=\/wp\/v2\/types\/post"}],"author":[{"embeddable":true,"href":"https:\/\/www.achimbrueckner.de\/dxradio\/php\/wordpress\/index.php?rest_route=\/wp\/v2\/users\/1"}],"replies":[{"embeddable":true,"href":"https:\/\/www.achimbrueckner.de\/dxradio\/php\/wordpress\/index.php?rest_route=%2Fwp%2Fv2%2Fcomments&post=19311"}],"version-history":[{"count":0,"href":"https:\/\/www.achimbrueckner.de\/dxradio\/php\/wordpress\/index.php?rest_route=\/wp\/v2\/posts\/19311\/revisions"}],"wp:attachment":[{"href":"https:\/\/www.achimbrueckner.de\/dxradio\/php\/wordpress\/index.php?rest_route=%2Fwp%2Fv2%2Fmedia&parent=19311"}],"wp:term":[{"taxonomy":"category","embeddable":true,"href":"https:\/\/www.achimbrueckner.de\/dxradio\/php\/wordpress\/index.php?rest_route=%2Fwp%2Fv2%2Fcategories&post=19311"},{"taxonomy":"post_tag","embeddable":true,"href":"https:\/\/www.achimbrueckner.de\/dxradio\/php\/wordpress\/index.php?rest_route=%2Fwp%2Fv2%2Ftags&post=19311"}],"curies":[{"name":"wp","href":"https:\/\/api.w.org\/{rel}","templated":true}]}}