{"id":19316,"date":"2018-09-26T17:50:11","date_gmt":"2018-09-26T17:50:11","guid":{"rendered":"https:\/\/www.achimbrueckner.de\/dxradio\/php\/wordpress\/?p=19316"},"modified":"2018-09-26T17:50:11","modified_gmt":"2018-09-26T17:50:11","slug":"mehr-geld-fur-lokalradios-und-regional-tv","status":"publish","type":"post","link":"https:\/\/www.achimbrueckner.de\/dxradio\/php\/wordpress\/?p=19316","title":{"rendered":"Mehr Geld f\u00fcr Lokalradios und Regional-TV"},"content":{"rendered":"<p><a href=\"https:\/\/www.persoenlich.com\/medien\/mehr-geld-fur-lokalradios-und-regional-tv\" rel=\"noopener\" target=\"_blank\">https:\/\/www.persoenlich.com\/medien\/mehr-geld-fur-lokalradios-und-regional-tv<\/a><\/p>\n","protected":false},"excerpt":{"rendered":"<p>https:\/\/www.persoenlich.com\/medien\/mehr-geld-fur-lokalradios-und-regional-tv<\/p>\n","protected":false},"author":1,"featured_media":0,"comment_status":"closed","ping_status":"open","sticky":false,"template":"","format":"standard","meta":{"_jetpack_memberships_contains_paid_content":false,"footnotes":"","jetpack_publicize_message":"","jetpack_publicize_feature_enabled":true,"jetpack_social_post_already_shared":true,"jetpack_social_options":{"image_generator_settings":{"template":"highway","default_image_id":0,"font":"","enabled":false},"version":2}},"categories":[1,15],"tags":[45],"class_list":["post-19316","post","type-post","status-publish","format-standard","hentry","category-deutsch","category-medien","tag-medien"],"jetpack_publicize_connections":[],"jetpack_featured_media_url":"","jetpack_sharing_enabled":true,"jetpack_shortlink":"https:\/\/wp.me\/p5CDmr-51y","jetpack-related-posts":[{"id":23115,"url":"https:\/\/www.achimbrueckner.de\/dxradio\/php\/wordpress\/?p=23115","url_meta":{"origin":19316,"position":0},"title":"Offiziell: Mehr Geld f\u00fcr Privat-TV und Privat-Radio","author":"Administrator","date":"May 15, 2019","format":false,"excerpt":"https:\/\/www.sn.at\/panorama\/medien\/offiziell-mehr-geld-fuer-privat-tv-und-privat-radio-70280626","rel":"","context":"In &quot;Deutsch&quot;","block_context":{"text":"Deutsch","link":"https:\/\/www.achimbrueckner.de\/dxradio\/php\/wordpress\/?cat=1"},"img":{"alt_text":"","src":"","width":0,"height":0},"classes":[]},{"id":27828,"url":"https:\/\/www.achimbrueckner.de\/dxradio\/php\/wordpress\/?p=27828","url_meta":{"origin":19316,"position":1},"title":"Soforthilfe f\u00fcr Lokalradios Mehr Hilfe f\u00fcr Radios ohne Geb\u00fchren gefordert","author":"Administrator","date":"March 29, 2020","format":false,"excerpt":"https:\/\/www.persoenlich.com\/medien\/mehr-hilfe-fur-radios-ohne-gebuhren-gefordert","rel":"","context":"In &quot;Deutsch&quot;","block_context":{"text":"Deutsch","link":"https:\/\/www.achimbrueckner.de\/dxradio\/php\/wordpress\/?cat=1"},"img":{"alt_text":"","src":"","width":0,"height":0},"classes":[]},{"id":28867,"url":"https:\/\/www.achimbrueckner.de\/dxradio\/php\/wordpress\/?p=28867","url_meta":{"origin":19316,"position":2},"title":"56 Radio- und TV-Sender erhalten Nothilfe-Geld","author":"Administrator","date":"May 29, 2020","format":false,"excerpt":"https:\/\/www.persoenlich.com\/medien\/56-radio-und-tv-sender-erhalten-nothilfe-geld","rel":"","context":"In &quot;Deutsch&quot;","block_context":{"text":"Deutsch","link":"https:\/\/www.achimbrueckner.de\/dxradio\/php\/wordpress\/?cat=1"},"img":{"alt_text":"","src":"","width":0,"height":0},"classes":[]},{"id":20214,"url":"https:\/\/www.achimbrueckner.de\/dxradio\/php\/wordpress\/?p=20214","url_meta":{"origin":19316,"position":3},"title":"F\u00fcr die Deutsche Welle und die Filmf\u00f6rderung gibt es 2019 mehr Geld vom Bund","author":"Administrator","date":"November 30, 2018","format":false,"excerpt":"https:\/\/www.medienkorrespondenz.de\/politik\/artikel\/mehr-geld-vom-bund-fuer-die-deutsche-welle.html","rel":"","context":"In &quot;Deutsch&quot;","block_context":{"text":"Deutsch","link":"https:\/\/www.achimbrueckner.de\/dxradio\/php\/wordpress\/?cat=1"},"img":{"alt_text":"","src":"","width":0,"height":0},"classes":[]},{"id":11940,"url":"https:\/\/www.achimbrueckner.de\/dxradio\/php\/wordpress\/?p=11940","url_meta":{"origin":19316,"position":4},"title":"Fernsehen und Lokalradios r\u00fccken n\u00e4her zusammen","author":"Administrator","date":"January 31, 2017","format":false,"excerpt":"http:\/\/www.badische-zeitung.de\/kultur-sonstige\/fernsehen-und-lokalradios-ruecken-naeher-zusammen--132877564.html http:\/\/www.horizont.net\/schweiz\/nachrichten\/AZ-Medien-Aus-Radio-Medien-AG-und-AZ-Medien--tv-wird-neu-AZ-Medien--tv--radio-145640","rel":"","context":"In &quot;Deutsch&quot;","block_context":{"text":"Deutsch","link":"https:\/\/www.achimbrueckner.de\/dxradio\/php\/wordpress\/?cat=1"},"img":{"alt_text":"","src":"","width":0,"height":0},"classes":[]},{"id":20390,"url":"https:\/\/www.achimbrueckner.de\/dxradio\/php\/wordpress\/?p=20390","url_meta":{"origin":19316,"position":5},"title":"Alle Medien k\u00e4mpfen ums Geld und bauen Ressourcen ab, aber jeder entwickelt&#8230;","author":"Administrator","date":"December 13, 2018","format":false,"excerpt":"Unbegreiflich: Alle Medien k\u00e4mpfen ums Geld und bauen Ressourcen ab, aber jeder entwickelt... - eine eigene App - ein eigenes CMS - eine eigene Paywall - einen eigenen Player - ein eigenes Infografik-Tool W\u00fcrden wir Technologie gemeinsam l\u00f6sen, bliebe mehr Geld f\u00fcr Journalismus. Info via Twitter","rel":"","context":"In &quot;Deutsch&quot;","block_context":{"text":"Deutsch","link":"https:\/\/www.achimbrueckner.de\/dxradio\/php\/wordpress\/?cat=1"},"img":{"alt_text":"","src":"","width":0,"height":0},"classes":[]}],"_links":{"self":[{"href":"https:\/\/www.achimbrueckner.de\/dxradio\/php\/wordpress\/index.php?rest_route=\/wp\/v2\/posts\/19316","targetHints":{"allow":["GET"]}}],"collection":[{"href":"https:\/\/www.achimbrueckner.de\/dxradio\/php\/wordpress\/index.php?rest_route=\/wp\/v2\/posts"}],"about":[{"href":"https:\/\/www.achimbrueckner.de\/dxradio\/php\/wordpress\/index.php?rest_route=\/wp\/v2\/types\/post"}],"author":[{"embeddable":true,"href":"https:\/\/www.achimbrueckner.de\/dxradio\/php\/wordpress\/index.php?rest_route=\/wp\/v2\/users\/1"}],"replies":[{"embeddable":true,"href":"https:\/\/www.achimbrueckner.de\/dxradio\/php\/wordpress\/index.php?rest_route=%2Fwp%2Fv2%2Fcomments&post=19316"}],"version-history":[{"count":0,"href":"https:\/\/www.achimbrueckner.de\/dxradio\/php\/wordpress\/index.php?rest_route=\/wp\/v2\/posts\/19316\/revisions"}],"wp:attachment":[{"href":"https:\/\/www.achimbrueckner.de\/dxradio\/php\/wordpress\/index.php?rest_route=%2Fwp%2Fv2%2Fmedia&parent=19316"}],"wp:term":[{"taxonomy":"category","embeddable":true,"href":"https:\/\/www.achimbrueckner.de\/dxradio\/php\/wordpress\/index.php?rest_route=%2Fwp%2Fv2%2Fcategories&post=19316"},{"taxonomy":"post_tag","embeddable":true,"href":"https:\/\/www.achimbrueckner.de\/dxradio\/php\/wordpress\/index.php?rest_route=%2Fwp%2Fv2%2Ftags&post=19316"}],"curies":[{"name":"wp","href":"https:\/\/api.w.org\/{rel}","templated":true}]}}