{"id":19319,"date":"2018-09-26T17:57:06","date_gmt":"2018-09-26T17:57:06","guid":{"rendered":"https:\/\/www.achimbrueckner.de\/dxradio\/php\/wordpress\/?p=19319"},"modified":"2018-09-26T17:57:06","modified_gmt":"2018-09-26T17:57:06","slug":"sensationsgeilheit-gefahrdung-der-demokratie-journalismus-professor-rechnet-mit-dopfners-bdzv-rede-ab","status":"publish","type":"post","link":"https:\/\/www.achimbrueckner.de\/dxradio\/php\/wordpress\/?p=19319","title":{"rendered":"\u201cSensationsgeilheit\u201d, \u201cGef\u00e4hrdung der Demokratie\u201d: Journalismus-Professor rechnet mit D\u00f6pfners BDZV-Rede ab"},"content":{"rendered":"<p><a href=\"https:\/\/meedia.de\/2018\/09\/26\/noch-groesser-zu-berichten-waere-sensationsgeilheit-journalismus-professor-widerspricht-doepfner-nach-dessen-bdzv-rede\/\" rel=\"noopener\" target=\"_blank\">https:\/\/meedia.de\/2018\/09\/26\/noch-groesser-zu-berichten-waere-sensationsgeilheit-journalismus-professor-widerspricht-doepfner-nach-dessen-bdzv-rede\/<\/a><\/p>\n","protected":false},"excerpt":{"rendered":"<p>https:\/\/meedia.de\/2018\/09\/26\/noch-groesser-zu-berichten-waere-sensationsgeilheit-journalismus-professor-widerspricht-doepfner-nach-dessen-bdzv-rede\/<\/p>\n","protected":false},"author":1,"featured_media":0,"comment_status":"closed","ping_status":"open","sticky":false,"template":"","format":"standard","meta":{"_jetpack_memberships_contains_paid_content":false,"footnotes":"","jetpack_publicize_message":"","jetpack_publicize_feature_enabled":true,"jetpack_social_post_already_shared":true,"jetpack_social_options":{"image_generator_settings":{"template":"highway","default_image_id":0,"font":"","enabled":false},"version":2}},"categories":[1],"tags":[],"class_list":["post-19319","post","type-post","status-publish","format-standard","hentry","category-deutsch"],"jetpack_publicize_connections":[],"jetpack_featured_media_url":"","jetpack_sharing_enabled":true,"jetpack_shortlink":"https:\/\/wp.me\/p5CDmr-51B","jetpack-related-posts":[{"id":36648,"url":"https:\/\/www.achimbrueckner.de\/dxradio\/php\/wordpress\/?p=36648","url_meta":{"origin":19319,"position":0},"title":"BDZV-Pr\u00e4sident D\u00f6pfner sieht Chancen in automatisiertem Journalismus","author":"Administrator","date":"June 21, 2022","format":false,"excerpt":"https:\/\/meedia.de\/2022\/06\/21\/bdzv-praesident-doepfner-sieht-chancen-in-automatisiertem-journalismus\/","rel":"","context":"In &quot;Deutsch&quot;","block_context":{"text":"Deutsch","link":"https:\/\/www.achimbrueckner.de\/dxradio\/php\/wordpress\/?cat=1"},"img":{"alt_text":"","src":"","width":0,"height":0},"classes":[]},{"id":37386,"url":"https:\/\/www.achimbrueckner.de\/dxradio\/php\/wordpress\/?p=37386","url_meta":{"origin":19319,"position":1},"title":"Was kommt nach der \u00c4ra D\u00f6pfner beim BDZV?","author":"Administrator","date":"August 31, 2022","format":false,"excerpt":"https:\/\/meedia.de\/2022\/08\/31\/was-kommt-nach-der-aera-doepfner-beim-bdzv\/","rel":"","context":"In &quot;Deutsch&quot;","block_context":{"text":"Deutsch","link":"https:\/\/www.achimbrueckner.de\/dxradio\/php\/wordpress\/?cat=1"},"img":{"alt_text":"","src":"","width":0,"height":0},"classes":[]},{"id":37480,"url":"https:\/\/www.achimbrueckner.de\/dxradio\/php\/wordpress\/?p=37480","url_meta":{"origin":19319,"position":2},"title":"Der BDZV bricht in eine neue \u00c4ra auf","author":"Administrator","date":"September 13, 2022","format":false,"excerpt":"https:\/\/meedia.de\/2022\/09\/13\/der-bdzv-bricht-in-eine-neue-aera-auf\/","rel":"","context":"In &quot;Deutsch&quot;","block_context":{"text":"Deutsch","link":"https:\/\/www.achimbrueckner.de\/dxradio\/php\/wordpress\/?cat=1"},"img":{"alt_text":"","src":"","width":0,"height":0},"classes":[]},{"id":28844,"url":"https:\/\/www.achimbrueckner.de\/dxradio\/php\/wordpress\/?p=28844","url_meta":{"origin":19319,"position":3},"title":"BDZV-Pr\u00e4sident D\u00f6pfner: Erl\u00f6smodelle nur mit Werbung sind vorbei","author":"Administrator","date":"May 27, 2020","format":false,"excerpt":"https:\/\/www.heise.de\/news\/BDZV-Praesident-Doepfner-Erloesmodelle-nur-mit-Werbung-sind-vorbei-4766800.html","rel":"","context":"In &quot;Deutsch&quot;","block_context":{"text":"Deutsch","link":"https:\/\/www.achimbrueckner.de\/dxradio\/php\/wordpress\/?cat=1"},"img":{"alt_text":"","src":"","width":0,"height":0},"classes":[]},{"id":31214,"url":"https:\/\/www.achimbrueckner.de\/dxradio\/php\/wordpress\/?p=31214","url_meta":{"origin":19319,"position":4},"title":"Wieder Zoff zwischen ARD und BDZV wegen der \u201eTagesschau\u201c im Netz","author":"Administrator","date":"December 17, 2020","format":false,"excerpt":"https:\/\/meedia.de\/2020\/12\/17\/wieder-zoff-zwischen-ard-und-bdzv-wegen-der-tagesschau-im-netz\/","rel":"","context":"In &quot;Deutsch&quot;","block_context":{"text":"Deutsch","link":"https:\/\/www.achimbrueckner.de\/dxradio\/php\/wordpress\/?cat=1"},"img":{"alt_text":"","src":"","width":0,"height":0},"classes":[]},{"id":33821,"url":"https:\/\/www.achimbrueckner.de\/dxradio\/php\/wordpress\/?p=33821","url_meta":{"origin":19319,"position":5},"title":"Nach umstrittener Aussage D\u00f6pfner und die Propaganda-Assistenten: BDZV duckt sich weg","author":"Administrator","date":"October 19, 2021","format":false,"excerpt":"https:\/\/www.dwdl.de\/nachrichten\/84978\/doepfner_und_die_propagandaassistenten_bdzv_duckt_sich_weg\/","rel":"","context":"In &quot;Deutsch&quot;","block_context":{"text":"Deutsch","link":"https:\/\/www.achimbrueckner.de\/dxradio\/php\/wordpress\/?cat=1"},"img":{"alt_text":"","src":"","width":0,"height":0},"classes":[]}],"_links":{"self":[{"href":"https:\/\/www.achimbrueckner.de\/dxradio\/php\/wordpress\/index.php?rest_route=\/wp\/v2\/posts\/19319","targetHints":{"allow":["GET"]}}],"collection":[{"href":"https:\/\/www.achimbrueckner.de\/dxradio\/php\/wordpress\/index.php?rest_route=\/wp\/v2\/posts"}],"about":[{"href":"https:\/\/www.achimbrueckner.de\/dxradio\/php\/wordpress\/index.php?rest_route=\/wp\/v2\/types\/post"}],"author":[{"embeddable":true,"href":"https:\/\/www.achimbrueckner.de\/dxradio\/php\/wordpress\/index.php?rest_route=\/wp\/v2\/users\/1"}],"replies":[{"embeddable":true,"href":"https:\/\/www.achimbrueckner.de\/dxradio\/php\/wordpress\/index.php?rest_route=%2Fwp%2Fv2%2Fcomments&post=19319"}],"version-history":[{"count":0,"href":"https:\/\/www.achimbrueckner.de\/dxradio\/php\/wordpress\/index.php?rest_route=\/wp\/v2\/posts\/19319\/revisions"}],"wp:attachment":[{"href":"https:\/\/www.achimbrueckner.de\/dxradio\/php\/wordpress\/index.php?rest_route=%2Fwp%2Fv2%2Fmedia&parent=19319"}],"wp:term":[{"taxonomy":"category","embeddable":true,"href":"https:\/\/www.achimbrueckner.de\/dxradio\/php\/wordpress\/index.php?rest_route=%2Fwp%2Fv2%2Fcategories&post=19319"},{"taxonomy":"post_tag","embeddable":true,"href":"https:\/\/www.achimbrueckner.de\/dxradio\/php\/wordpress\/index.php?rest_route=%2Fwp%2Fv2%2Ftags&post=19319"}],"curies":[{"name":"wp","href":"https:\/\/api.w.org\/{rel}","templated":true}]}}