{"id":1942,"date":"2011-11-18T20:00:10","date_gmt":"2011-11-18T20:00:10","guid":{"rendered":"https:\/\/www.achimbrueckner.de\/dxradio\/php\/wordpress\/?p=1942"},"modified":"2011-11-18T20:00:10","modified_gmt":"2011-11-18T20:00:10","slug":"weltrekord-fur-98-8-kiss-fm-berliner-sender-mit-langster-morningshow-der-welt","status":"publish","type":"post","link":"https:\/\/www.achimbrueckner.de\/dxradio\/php\/wordpress\/?p=1942","title":{"rendered":"Weltrekord f\u00fcr 98.8 KISS FM: Berliner Sender mit l\u00e4ngster Morningshow der Welt"},"content":{"rendered":"<p>Weltrekord f\u00fcr 98.8 KISS FM: Berliner Sender mit l\u00e4ngster Morningshow der Welt<\/p>\n<p><a href=\"http:\/\/www.radioszene.de\/31842\/weltrekord-fuer-98-8-kiss-fm-berliner-sender-mit-laengster-morningshow-der-welt.html\" target=\"_blank\">http:\/\/www.radioszene.de\/31842\/weltrekord-fuer-98-8-kiss-fm-berliner-sender-mit-laengster-morningshow-der-welt.html<\/a><\/p>\n","protected":false},"excerpt":{"rendered":"<p>Weltrekord f\u00fcr 98.8 KISS FM: Berliner Sender mit l\u00e4ngster Morningshow der Welt http:\/\/www.radioszene.de\/31842\/weltrekord-fuer-98-8-kiss-fm-berliner-sender-mit-laengster-morningshow-der-welt.html<\/p>\n","protected":false},"author":1,"featured_media":0,"comment_status":"open","ping_status":"open","sticky":false,"template":"","format":"standard","meta":{"_jetpack_memberships_contains_paid_content":false,"footnotes":"","jetpack_publicize_message":"","jetpack_publicize_feature_enabled":true,"jetpack_social_post_already_shared":false,"jetpack_social_options":{"image_generator_settings":{"template":"highway","default_image_id":0,"font":"","enabled":false},"version":2}},"categories":[1],"tags":[28,41],"class_list":["post-1942","post","type-post","status-publish","format-standard","hentry","category-deutsch","tag-fm","tag-radioszene"],"jetpack_publicize_connections":[],"jetpack_featured_media_url":"","jetpack_sharing_enabled":true,"jetpack_shortlink":"https:\/\/wp.me\/p5CDmr-vk","jetpack-related-posts":[{"id":33810,"url":"https:\/\/www.achimbrueckner.de\/dxradio\/php\/wordpress\/?p=33810","url_meta":{"origin":1942,"position":0},"title":"98.8 KISS FM: Neue Morningshow mit Karolina und Vince \u2013 dein Sp\u00e4ti im Radio","author":"Administrator","date":"October 18, 2021","format":false,"excerpt":"https:\/\/www.radioszene.de\/158245\/988kissfm-neue-morningshow-2021.html","rel":"","context":"In &quot;Deutsch&quot;","block_context":{"text":"Deutsch","link":"https:\/\/www.achimbrueckner.de\/dxradio\/php\/wordpress\/?cat=1"},"img":{"alt_text":"","src":"","width":0,"height":0},"classes":[]},{"id":30817,"url":"https:\/\/www.achimbrueckner.de\/dxradio\/php\/wordpress\/?p=30817","url_meta":{"origin":1942,"position":1},"title":"Wenig durchdacht: hr3 mit \u201cl\u00e4ngster Morningshow\u201d","author":"Administrator","date":"November 17, 2020","format":false,"excerpt":"https:\/\/www.smartphonefan.de\/2020\/11\/17\/wenig-durchdacht-hr3-mit-laengster-morningshow\/","rel":"","context":"In &quot;Deutsch&quot;","block_context":{"text":"Deutsch","link":"https:\/\/www.achimbrueckner.de\/dxradio\/php\/wordpress\/?cat=1"},"img":{"alt_text":"","src":"","width":0,"height":0},"classes":[]},{"id":19520,"url":"https:\/\/www.achimbrueckner.de\/dxradio\/php\/wordpress\/?p=19520","url_meta":{"origin":1942,"position":2},"title":"Kiss FM Bushido wird Radio-Moderator: Eigene Morningshow f\u00fcr Rapstar","author":"Administrator","date":"October 12, 2018","format":false,"excerpt":"https:\/\/www.infranken.de\/ueberregional\/boulevard\/bushido-wird-radio-moderator-eigene-morningshow-fuer-rapstar;art183,3749329","rel":"","context":"In &quot;Deutsch&quot;","block_context":{"text":"Deutsch","link":"https:\/\/www.achimbrueckner.de\/dxradio\/php\/wordpress\/?cat=1"},"img":{"alt_text":"","src":"","width":0,"height":0},"classes":[]},{"id":31894,"url":"https:\/\/www.achimbrueckner.de\/dxradio\/php\/wordpress\/?p=31894","url_meta":{"origin":1942,"position":3},"title":"\u201cBurner &#038; Keck\u201d \u2013 STAR FM N\u00fcrnberg mit neuer Morningshow","author":"Administrator","date":"February 5, 2021","format":false,"excerpt":"https:\/\/www.radiowoche.de\/burner-keck-star-fm-nuernberg-mit-neuer-morningshow\/","rel":"","context":"In &quot;Deutsch&quot;","block_context":{"text":"Deutsch","link":"https:\/\/www.achimbrueckner.de\/dxradio\/php\/wordpress\/?cat=1"},"img":{"alt_text":"","src":"","width":0,"height":0},"classes":[]},{"id":30279,"url":"https:\/\/www.achimbrueckner.de\/dxradio\/php\/wordpress\/?p=30279","url_meta":{"origin":1942,"position":4},"title":"YOU FM startet am Montag mit neuer Morningshow","author":"Administrator","date":"October 2, 2020","format":false,"excerpt":"https:\/\/www.radioszene.de\/148062\/you-fm-good-morning-show.html","rel":"","context":"In &quot;Deutsch&quot;","block_context":{"text":"Deutsch","link":"https:\/\/www.achimbrueckner.de\/dxradio\/php\/wordpress\/?cat=1"},"img":{"alt_text":"","src":"","width":0,"height":0},"classes":[]},{"id":30320,"url":"https:\/\/www.achimbrueckner.de\/dxradio\/php\/wordpress\/?p=30320","url_meta":{"origin":1942,"position":5},"title":"YOU FM: Neues Logo, neuer Claim und neue Morningshow","author":"Administrator","date":"October 4, 2020","format":false,"excerpt":"https:\/\/www.radiowoche.de\/you-fm-neues-logo-neuer-claim-und-neue-morningshow\/","rel":"","context":"In &quot;Deutsch&quot;","block_context":{"text":"Deutsch","link":"https:\/\/www.achimbrueckner.de\/dxradio\/php\/wordpress\/?cat=1"},"img":{"alt_text":"","src":"","width":0,"height":0},"classes":[]}],"_links":{"self":[{"href":"https:\/\/www.achimbrueckner.de\/dxradio\/php\/wordpress\/index.php?rest_route=\/wp\/v2\/posts\/1942","targetHints":{"allow":["GET"]}}],"collection":[{"href":"https:\/\/www.achimbrueckner.de\/dxradio\/php\/wordpress\/index.php?rest_route=\/wp\/v2\/posts"}],"about":[{"href":"https:\/\/www.achimbrueckner.de\/dxradio\/php\/wordpress\/index.php?rest_route=\/wp\/v2\/types\/post"}],"author":[{"embeddable":true,"href":"https:\/\/www.achimbrueckner.de\/dxradio\/php\/wordpress\/index.php?rest_route=\/wp\/v2\/users\/1"}],"replies":[{"embeddable":true,"href":"https:\/\/www.achimbrueckner.de\/dxradio\/php\/wordpress\/index.php?rest_route=%2Fwp%2Fv2%2Fcomments&post=1942"}],"version-history":[{"count":0,"href":"https:\/\/www.achimbrueckner.de\/dxradio\/php\/wordpress\/index.php?rest_route=\/wp\/v2\/posts\/1942\/revisions"}],"wp:attachment":[{"href":"https:\/\/www.achimbrueckner.de\/dxradio\/php\/wordpress\/index.php?rest_route=%2Fwp%2Fv2%2Fmedia&parent=1942"}],"wp:term":[{"taxonomy":"category","embeddable":true,"href":"https:\/\/www.achimbrueckner.de\/dxradio\/php\/wordpress\/index.php?rest_route=%2Fwp%2Fv2%2Fcategories&post=1942"},{"taxonomy":"post_tag","embeddable":true,"href":"https:\/\/www.achimbrueckner.de\/dxradio\/php\/wordpress\/index.php?rest_route=%2Fwp%2Fv2%2Ftags&post=1942"}],"curies":[{"name":"wp","href":"https:\/\/api.w.org\/{rel}","templated":true}]}}