{"id":19637,"date":"2018-10-19T13:12:27","date_gmt":"2018-10-19T13:12:27","guid":{"rendered":"https:\/\/www.achimbrueckner.de\/dxradio\/php\/wordpress\/?p=19637"},"modified":"2018-10-19T13:12:27","modified_gmt":"2018-10-19T13:12:27","slug":"bushido-schmeist-radio-job-nach-zwei-tagen-hin-weil-er-dafur-zu-fruh-aufstehen-muss","status":"publish","type":"post","link":"https:\/\/www.achimbrueckner.de\/dxradio\/php\/wordpress\/?p=19637","title":{"rendered":"Bushido schmei\u00dft Radio-Job nach zwei Tagen hin, weil er daf\u00fcr zu fr\u00fch aufstehen muss"},"content":{"rendered":"<p><a href=\"https:\/\/www.bento.de\/musik\/bushido-schmeisst-radio-job-nach-zwei-tagen-hin-weil-er-dafuer-zu-frueh-aufstehen-muss-a-365dc057-8f2e-4a87-a967-0b2420185dc8\" rel=\"noopener\" target=\"_blank\">https:\/\/www.bento.de\/musik\/bushido-schmeisst-radio-job-nach-zwei-tagen-hin-weil-er-dafuer-zu-frueh-aufstehen-muss-a-365dc057-8f2e-4a87-a967-0b2420185dc8<\/a><\/p>\n","protected":false},"excerpt":{"rendered":"<p>https:\/\/www.bento.de\/musik\/bushido-schmeisst-radio-job-nach-zwei-tagen-hin-weil-er-dafuer-zu-frueh-aufstehen-muss-a-365dc057-8f2e-4a87-a967-0b2420185dc8<\/p>\n","protected":false},"author":1,"featured_media":0,"comment_status":"closed","ping_status":"open","sticky":false,"template":"","format":"standard","meta":{"_jetpack_memberships_contains_paid_content":false,"footnotes":"","jetpack_publicize_message":"","jetpack_publicize_feature_enabled":true,"jetpack_social_post_already_shared":true,"jetpack_social_options":{"image_generator_settings":{"template":"highway","default_image_id":0,"font":"","enabled":false},"version":2}},"categories":[1],"tags":[],"class_list":["post-19637","post","type-post","status-publish","format-standard","hentry","category-deutsch"],"jetpack_publicize_connections":[],"jetpack_featured_media_url":"","jetpack_sharing_enabled":true,"jetpack_shortlink":"https:\/\/wp.me\/p5CDmr-56J","jetpack-related-posts":[{"id":19562,"url":"https:\/\/www.achimbrueckner.de\/dxradio\/php\/wordpress\/?p=19562","url_meta":{"origin":19637,"position":0},"title":"Bushido hat nach zwei Tagen genug vom Radio-Job","author":"Administrator","date":"October 14, 2018","format":false,"excerpt":"https:\/\/www.tonight.de\/news\/promis\/bushido-hat-nach-zwei-tagen-genug-vom-radio-job.999016","rel":"","context":"In &quot;Deutsch&quot;","block_context":{"text":"Deutsch","link":"https:\/\/www.achimbrueckner.de\/dxradio\/php\/wordpress\/?cat=1"},"img":{"alt_text":"","src":"","width":0,"height":0},"classes":[]},{"id":24165,"url":"https:\/\/www.achimbrueckner.de\/dxradio\/php\/wordpress\/?p=24165","url_meta":{"origin":19637,"position":1},"title":"Schmei\u00dft die Assistenzwanzen aus dem Fenster!","author":"Administrator","date":"August 9, 2019","format":false,"excerpt":"https:\/\/netzpolitik.org\/2019\/schmeisst-die-assistenzwanzen-aus-dem-fenster\/","rel":"","context":"In &quot;Deutsch&quot;","block_context":{"text":"Deutsch","link":"https:\/\/www.achimbrueckner.de\/dxradio\/php\/wordpress\/?cat=1"},"img":{"alt_text":"","src":"","width":0,"height":0},"classes":[]},{"id":29157,"url":"https:\/\/www.achimbrueckner.de\/dxradio\/php\/wordpress\/?p=29157","url_meta":{"origin":19637,"position":2},"title":"FFH schmei\u00dft Felix Moese raus","author":"Administrator","date":"June 21, 2020","format":false,"excerpt":"https:\/\/www.bild.de\/regional\/frankfurt\/frankfurt-leute\/star-moderator-ffh-schmeisst-felix-moese-raus-71405254.bild.html","rel":"","context":"In &quot;Deutsch&quot;","block_context":{"text":"Deutsch","link":"https:\/\/www.achimbrueckner.de\/dxradio\/php\/wordpress\/?cat=1"},"img":{"alt_text":"","src":"","width":0,"height":0},"classes":[]},{"id":39674,"url":"https:\/\/www.achimbrueckner.de\/dxradio\/php\/wordpress\/?p=39674","url_meta":{"origin":19637,"position":3},"title":"Deutschlands bekanntester, bergsteigender Funkamateur Emil Bergmann zu Gast auf der Ham Radio vom 23. bis 25. Juni 2023","author":"Administrator","date":"June 17, 2023","format":false,"excerpt":"Deutschlands bekanntester, bergsteigender Funkamateur Emil Bergmann zu Gast auf der Ham Radio vom 23. bis 25. Juni 2023 Abenteuer Amateurfunk: Einmal um die ganze Welt mit Funkequipment 12.06.2023 | Emil Bergmann Friedrichshafen \u2013 Emil Bergmann, Alpinist, Extremkletterer und leidenschaftlicher Funkamateur hat vor wenigen Tagen seine j\u00fcngste Expedition beendet. Gemeinsam mit\u2026","rel":"","context":"In &quot;camps&quot;","block_context":{"text":"camps","link":"https:\/\/www.achimbrueckner.de\/dxradio\/php\/wordpress\/?cat=5"},"img":{"alt_text":"","src":"","width":0,"height":0},"classes":[]},{"id":16284,"url":"https:\/\/www.achimbrueckner.de\/dxradio\/php\/wordpress\/?p=16284","url_meta":{"origin":19637,"position":4},"title":"Schlager-Radio B2 schmei\u00dft Nino de Angelo aus dem Programm","author":"Administrator","date":"January 25, 2018","format":false,"excerpt":"http:\/\/www.radioszene.de\/117589\/nino-de-angelo-schlagerradio-b2.html","rel":"","context":"In &quot;Deutsch&quot;","block_context":{"text":"Deutsch","link":"https:\/\/www.achimbrueckner.de\/dxradio\/php\/wordpress\/?cat=1"},"img":{"alt_text":"","src":"","width":0,"height":0},"classes":[]},{"id":7376,"url":"https:\/\/www.achimbrueckner.de\/dxradio\/php\/wordpress\/?p=7376","url_meta":{"origin":19637,"position":5},"title":"31. Januar 2016 Sonntag ab 10 Uhr MEZ: &#8220;Radio. Menschen &#038; Geschichten&#8221;","author":"Administrator","date":"January 26, 2016","format":false,"excerpt":"Hallo in die Runde, Wir haben ja schon \u00fcber ein neues \"Radio-im-Radio-Magazin\" hier berichtet.. Dieses \"Corona-freie\", Ihr wisst schon. In 5 Tagen geht es dann also los mit Ausgabe 1. In den letzten Tagen hat sich einiges getan. Der Name steht fest: \"Radio. Menschen und Geschichten\". Ne Facebookseite gibt's derweil\u2026","rel":"","context":"In &quot;Deutsch&quot;","block_context":{"text":"Deutsch","link":"https:\/\/www.achimbrueckner.de\/dxradio\/php\/wordpress\/?cat=1"},"img":{"alt_text":"","src":"","width":0,"height":0},"classes":[]}],"_links":{"self":[{"href":"https:\/\/www.achimbrueckner.de\/dxradio\/php\/wordpress\/index.php?rest_route=\/wp\/v2\/posts\/19637","targetHints":{"allow":["GET"]}}],"collection":[{"href":"https:\/\/www.achimbrueckner.de\/dxradio\/php\/wordpress\/index.php?rest_route=\/wp\/v2\/posts"}],"about":[{"href":"https:\/\/www.achimbrueckner.de\/dxradio\/php\/wordpress\/index.php?rest_route=\/wp\/v2\/types\/post"}],"author":[{"embeddable":true,"href":"https:\/\/www.achimbrueckner.de\/dxradio\/php\/wordpress\/index.php?rest_route=\/wp\/v2\/users\/1"}],"replies":[{"embeddable":true,"href":"https:\/\/www.achimbrueckner.de\/dxradio\/php\/wordpress\/index.php?rest_route=%2Fwp%2Fv2%2Fcomments&post=19637"}],"version-history":[{"count":0,"href":"https:\/\/www.achimbrueckner.de\/dxradio\/php\/wordpress\/index.php?rest_route=\/wp\/v2\/posts\/19637\/revisions"}],"wp:attachment":[{"href":"https:\/\/www.achimbrueckner.de\/dxradio\/php\/wordpress\/index.php?rest_route=%2Fwp%2Fv2%2Fmedia&parent=19637"}],"wp:term":[{"taxonomy":"category","embeddable":true,"href":"https:\/\/www.achimbrueckner.de\/dxradio\/php\/wordpress\/index.php?rest_route=%2Fwp%2Fv2%2Fcategories&post=19637"},{"taxonomy":"post_tag","embeddable":true,"href":"https:\/\/www.achimbrueckner.de\/dxradio\/php\/wordpress\/index.php?rest_route=%2Fwp%2Fv2%2Ftags&post=19637"}],"curies":[{"name":"wp","href":"https:\/\/api.w.org\/{rel}","templated":true}]}}