{"id":19667,"date":"2018-10-21T17:30:24","date_gmt":"2018-10-21T17:30:24","guid":{"rendered":"https:\/\/www.achimbrueckner.de\/dxradio\/php\/wordpress\/?p=19667"},"modified":"2018-10-21T17:30:24","modified_gmt":"2018-10-21T17:30:24","slug":"die-aliens-kamen-durchs-radio","status":"publish","type":"post","link":"https:\/\/www.achimbrueckner.de\/dxradio\/php\/wordpress\/?p=19667","title":{"rendered":"Die Aliens kamen durchs Radio"},"content":{"rendered":"<p><a href=\"https:\/\/www.freiepresse.de\/kultur-wissen\/wissenschaft\/die-aliens-kamen-durchs-radio-artikel10340402\" rel=\"noopener\" target=\"_blank\">https:\/\/www.freiepresse.de\/kultur-wissen\/wissenschaft\/die-aliens-kamen-durchs-radio-artikel10340402<\/a><\/p>\n","protected":false},"excerpt":{"rendered":"<p>https:\/\/www.freiepresse.de\/kultur-wissen\/wissenschaft\/die-aliens-kamen-durchs-radio-artikel10340402<\/p>\n","protected":false},"author":1,"featured_media":0,"comment_status":"closed","ping_status":"open","sticky":false,"template":"","format":"standard","meta":{"_jetpack_memberships_contains_paid_content":false,"footnotes":"","jetpack_publicize_message":"","jetpack_publicize_feature_enabled":true,"jetpack_social_post_already_shared":true,"jetpack_social_options":{"image_generator_settings":{"template":"highway","default_image_id":0,"font":"","enabled":false},"version":2}},"categories":[1],"tags":[24],"class_list":["post-19667","post","type-post","status-publish","format-standard","hentry","category-deutsch","tag-am"],"jetpack_publicize_connections":[],"jetpack_featured_media_url":"","jetpack_sharing_enabled":true,"jetpack_shortlink":"https:\/\/wp.me\/p5CDmr-57d","jetpack-related-posts":[{"id":31596,"url":"https:\/\/www.achimbrueckner.de\/dxradio\/php\/wordpress\/?p=31596","url_meta":{"origin":19667,"position":0},"title":"Das Radio wird 100 Jahre alt: Als es Neues f\u00fcr die Ohren gab","author":"Administrator","date":"January 10, 2021","format":false,"excerpt":"https:\/\/www.freiepresse.de\/kultur-wissen\/kultur\/das-radio-wird-100-jahre-alt-als-es-neues-fuer-die-ohren-gab-amp11265956","rel":"","context":"In &quot;Deutsch&quot;","block_context":{"text":"Deutsch","link":"https:\/\/www.achimbrueckner.de\/dxradio\/php\/wordpress\/?cat=1"},"img":{"alt_text":"","src":"","width":0,"height":0},"classes":[]},{"id":40434,"url":"https:\/\/www.achimbrueckner.de\/dxradio\/php\/wordpress\/?p=40434","url_meta":{"origin":19667,"position":1},"title":"100 Jahre Radio Und dann kamen die Privaten","author":"Administrator","date":"November 1, 2023","format":false,"excerpt":"https:\/\/www.deutschlandfunk.de\/100-jahre-radio-in-deutschland-und-dann-kamen-die-privaten-zum-beispiel-rsh-dlf-f0316a2f-100.html","rel":"","context":"In &quot;Deutsch&quot;","block_context":{"text":"Deutsch","link":"https:\/\/www.achimbrueckner.de\/dxradio\/php\/wordpress\/?cat=1"},"img":{"alt_text":"","src":"","width":0,"height":0},"classes":[]},{"id":25763,"url":"https:\/\/www.achimbrueckner.de\/dxradio\/php\/wordpress\/?p=25763","url_meta":{"origin":19667,"position":2},"title":"Radiosender verloste zu viele Tickets : Nico-Santos-Fans sind sauer \u2013 sie kamen nicht in die &#8230;","author":"Administrator","date":"November 14, 2019","format":false,"excerpt":"https:\/\/rp-online.de\/nrw\/staedte\/duesseldorf\/duesseldorf-nico-santos-konzert-in-nachtresidenz-radio-energy-verloste-zu-viele-tickets_aid-47160781","rel":"","context":"In &quot;Deutsch&quot;","block_context":{"text":"Deutsch","link":"https:\/\/www.achimbrueckner.de\/dxradio\/php\/wordpress\/?cat=1"},"img":{"alt_text":"","src":"","width":0,"height":0},"classes":[]},{"id":23928,"url":"https:\/\/www.achimbrueckner.de\/dxradio\/php\/wordpress\/?p=23928","url_meta":{"origin":19667,"position":3},"title":"Die Funkwellen kamen vom Mond","author":"Administrator","date":"July 22, 2019","format":false,"excerpt":"https:\/\/www.rnz.de\/nachrichten\/buchen_artikel,-50-jahre-mondlandung-die-funkwellen-kamen-vom-mond-_arid,454450.html","rel":"","context":"In &quot;Deutsch&quot;","block_context":{"text":"Deutsch","link":"https:\/\/www.achimbrueckner.de\/dxradio\/php\/wordpress\/?cat=1"},"img":{"alt_text":"","src":"","width":0,"height":0},"classes":[]},{"id":39716,"url":"https:\/\/www.achimbrueckner.de\/dxradio\/php\/wordpress\/?p=39716","url_meta":{"origin":19667,"position":4},"title":"Ham Radio l\u00e4sst den Funken f\u00fcr Technikbegeisterung \u00fcberspringen","author":"Administrator","date":"June 26, 2023","format":false,"excerpt":"Kurzbericht der Messegesellschaft: Ham Radio l\u00e4sst den Funken f\u00fcr Technikbegeisterung \u00fcberspringen Am Wochenende war es wieder so weit: Antennen, Funkger\u00e4te, nagelneue Sende- und Empf\u00e4ngeranlagen und ein vielseitiges Programm zum Thema MINT (Mathematik, Informatik, Naturwissenschaften und Technik) zogen 11 100 Besucherinnen und Besucher auf das Messegel\u00e4nde in Friedrichshafen. Funk-Fans aus 59\u2026","rel":"","context":"In &quot;Deutsch&quot;","block_context":{"text":"Deutsch","link":"https:\/\/www.achimbrueckner.de\/dxradio\/php\/wordpress\/?cat=1"},"img":{"alt_text":"","src":"","width":0,"height":0},"classes":[]},{"id":12777,"url":"https:\/\/www.achimbrueckner.de\/dxradio\/php\/wordpress\/?p=12777","url_meta":{"origin":19667,"position":5},"title":"2000 Besucher kamen zum Funktag in die Messehallen","author":"Administrator","date":"April 10, 2017","format":false,"excerpt":"https:\/\/www.hna.de\/kassel\/waldau-ort84621\/2000-besucher-kamen-zum-funktag-in-messehallen-8120242.html","rel":"","context":"In &quot;Deutsch&quot;","block_context":{"text":"Deutsch","link":"https:\/\/www.achimbrueckner.de\/dxradio\/php\/wordpress\/?cat=1"},"img":{"alt_text":"","src":"","width":0,"height":0},"classes":[]}],"_links":{"self":[{"href":"https:\/\/www.achimbrueckner.de\/dxradio\/php\/wordpress\/index.php?rest_route=\/wp\/v2\/posts\/19667","targetHints":{"allow":["GET"]}}],"collection":[{"href":"https:\/\/www.achimbrueckner.de\/dxradio\/php\/wordpress\/index.php?rest_route=\/wp\/v2\/posts"}],"about":[{"href":"https:\/\/www.achimbrueckner.de\/dxradio\/php\/wordpress\/index.php?rest_route=\/wp\/v2\/types\/post"}],"author":[{"embeddable":true,"href":"https:\/\/www.achimbrueckner.de\/dxradio\/php\/wordpress\/index.php?rest_route=\/wp\/v2\/users\/1"}],"replies":[{"embeddable":true,"href":"https:\/\/www.achimbrueckner.de\/dxradio\/php\/wordpress\/index.php?rest_route=%2Fwp%2Fv2%2Fcomments&post=19667"}],"version-history":[{"count":0,"href":"https:\/\/www.achimbrueckner.de\/dxradio\/php\/wordpress\/index.php?rest_route=\/wp\/v2\/posts\/19667\/revisions"}],"wp:attachment":[{"href":"https:\/\/www.achimbrueckner.de\/dxradio\/php\/wordpress\/index.php?rest_route=%2Fwp%2Fv2%2Fmedia&parent=19667"}],"wp:term":[{"taxonomy":"category","embeddable":true,"href":"https:\/\/www.achimbrueckner.de\/dxradio\/php\/wordpress\/index.php?rest_route=%2Fwp%2Fv2%2Fcategories&post=19667"},{"taxonomy":"post_tag","embeddable":true,"href":"https:\/\/www.achimbrueckner.de\/dxradio\/php\/wordpress\/index.php?rest_route=%2Fwp%2Fv2%2Ftags&post=19667"}],"curies":[{"name":"wp","href":"https:\/\/api.w.org\/{rel}","templated":true}]}}