{"id":19675,"date":"2018-10-22T16:02:18","date_gmt":"2018-10-22T16:02:18","guid":{"rendered":"https:\/\/www.achimbrueckner.de\/dxradio\/php\/wordpress\/?p=19675"},"modified":"2018-10-22T16:02:18","modified_gmt":"2018-10-22T16:02:18","slug":"medientage-munchen-panel-digital-horen-mit-dab-und-ip-zur-zukunft-der-radioverbreitung","status":"publish","type":"post","link":"https:\/\/www.achimbrueckner.de\/dxradio\/php\/wordpress\/?p=19675","title":{"rendered":"Medientage M\u00fcnchen: Panel \u201eDigital h\u00f6ren mit DAB+ und IP\u201c zur Zukunft der Radioverbreitung"},"content":{"rendered":"<p><a href=\"https:\/\/www.dabplus.de\/2018\/10\/19\/medientage-muenchen-panel-digital-hoeren-mit-dab-und-ip-zur-zukunft-der-radioverbreitung\/\" rel=\"noopener\" target=\"_blank\">https:\/\/www.dabplus.de\/2018\/10\/19\/medientage-muenchen-panel-digital-hoeren-mit-dab-und-ip-zur-zukunft-der-radioverbreitung\/<\/a><\/p>\n","protected":false},"excerpt":{"rendered":"<p>https:\/\/www.dabplus.de\/2018\/10\/19\/medientage-muenchen-panel-digital-hoeren-mit-dab-und-ip-zur-zukunft-der-radioverbreitung\/<\/p>\n","protected":false},"author":1,"featured_media":0,"comment_status":"closed","ping_status":"open","sticky":false,"template":"","format":"standard","meta":{"_jetpack_memberships_contains_paid_content":false,"footnotes":"","jetpack_publicize_message":"","jetpack_publicize_feature_enabled":true,"jetpack_social_post_already_shared":true,"jetpack_social_options":{"image_generator_settings":{"template":"highway","default_image_id":0,"font":"","enabled":false},"version":2}},"categories":[1,15],"tags":[31,45],"class_list":["post-19675","post","type-post","status-publish","format-standard","hentry","category-deutsch","category-medien","tag-dab","tag-medien"],"jetpack_publicize_connections":[],"jetpack_featured_media_url":"","jetpack_sharing_enabled":true,"jetpack_shortlink":"https:\/\/wp.me\/p5CDmr-57l","jetpack-related-posts":[{"id":19289,"url":"https:\/\/www.achimbrueckner.de\/dxradio\/php\/wordpress\/?p=19289","url_meta":{"origin":19675,"position":0},"title":"Studie zur Zukunft des H\u00f6rfunks in NRW Klassische Radioverbreitung unter gro\u00dfem Druck","author":"Administrator","date":"September 25, 2018","format":false,"excerpt":"https:\/\/www.ksta.de\/kultur\/studie-zur-zukunft-des-hoerfunks-in-nrw-klassische-radioverbreitung-unter-grossem-druck-31343142","rel":"","context":"In &quot;Deutsch&quot;","block_context":{"text":"Deutsch","link":"https:\/\/www.achimbrueckner.de\/dxradio\/php\/wordpress\/?cat=1"},"img":{"alt_text":"","src":"","width":0,"height":0},"classes":[]},{"id":8730,"url":"https:\/\/www.achimbrueckner.de\/dxradio\/php\/wordpress\/?p=8730","url_meta":{"origin":19675,"position":1},"title":"Kapazit\u00e4t f\u00fcr landesweite DAB + Radioverbreitung in Baden-W\u00fcrttemberg ausgeschrieben","author":"Administrator","date":"July 6, 2016","format":false,"excerpt":"http:\/\/www.radiowoche.de\/kapazitaet-fuer-landesweite-dab-radioverbreitung-in-baden-wuerttemberg-ausgeschrieben\/","rel":"","context":"In &quot;Deutsch&quot;","block_context":{"text":"Deutsch","link":"https:\/\/www.achimbrueckner.de\/dxradio\/php\/wordpress\/?cat=1"},"img":{"alt_text":"","src":"","width":0,"height":0},"classes":[]},{"id":10899,"url":"https:\/\/www.achimbrueckner.de\/dxradio\/php\/wordpress\/?p=10899","url_meta":{"origin":19675,"position":2},"title":"Medientage M\u00fcnchen: Ist DAB Plus der ideale Weg f\u00fcr Radio?","author":"Administrator","date":"October 30, 2016","format":false,"excerpt":"http:\/\/www.digitalfernsehen.de\/Medientage-Muenchen-Ist-DAB-Plus-der-ideale-Weg-fuer-Radio.145611.0.html","rel":"","context":"In &quot;Deutsch&quot;","block_context":{"text":"Deutsch","link":"https:\/\/www.achimbrueckner.de\/dxradio\/php\/wordpress\/?cat=1"},"img":{"alt_text":"","src":"","width":0,"height":0},"classes":[]},{"id":15153,"url":"https:\/\/www.achimbrueckner.de\/dxradio\/php\/wordpress\/?p=15153","url_meta":{"origin":19675,"position":3},"title":"Medientage: Der Streit um UKW und DAB+ wird nochmal lauter","author":"Administrator","date":"October 26, 2017","format":false,"excerpt":"https:\/\/www.teltarif.de\/radio-dab-plus-ukw-abschaltung\/news\/70478.html","rel":"","context":"In &quot;Deutsch&quot;","block_context":{"text":"Deutsch","link":"https:\/\/www.achimbrueckner.de\/dxradio\/php\/wordpress\/?cat=1"},"img":{"alt_text":"","src":"","width":0,"height":0},"classes":[]},{"id":15204,"url":"https:\/\/www.achimbrueckner.de\/dxradio\/php\/wordpress\/?p=15204","url_meta":{"origin":19675,"position":4},"title":"Medientage suchten Journalismus der Zukunft","author":"Administrator","date":"October 27, 2017","format":false,"excerpt":"http:\/\/www.br.de\/nachrichten\/medientage-suchen-den-journalismus-der-zukunft-100.html","rel":"","context":"In &quot;Deutsch&quot;","block_context":{"text":"Deutsch","link":"https:\/\/www.achimbrueckner.de\/dxradio\/php\/wordpress\/?cat=1"},"img":{"alt_text":"","src":"","width":0,"height":0},"classes":[]},{"id":15138,"url":"https:\/\/www.achimbrueckner.de\/dxradio\/php\/wordpress\/?p=15138","url_meta":{"origin":19675,"position":5},"title":"M\u00fcnchner Medientage: Der schwierige Weg zum Journalismus der Zukunft","author":"Administrator","date":"October 25, 2017","format":false,"excerpt":"https:\/\/www.heise.de\/newsticker\/meldung\/Muenchner-Medientage-Der-schwierige-Weg-zum-Journalismus-der-Zukunft-3872618.html","rel":"","context":"In &quot;Deutsch&quot;","block_context":{"text":"Deutsch","link":"https:\/\/www.achimbrueckner.de\/dxradio\/php\/wordpress\/?cat=1"},"img":{"alt_text":"","src":"","width":0,"height":0},"classes":[]}],"_links":{"self":[{"href":"https:\/\/www.achimbrueckner.de\/dxradio\/php\/wordpress\/index.php?rest_route=\/wp\/v2\/posts\/19675","targetHints":{"allow":["GET"]}}],"collection":[{"href":"https:\/\/www.achimbrueckner.de\/dxradio\/php\/wordpress\/index.php?rest_route=\/wp\/v2\/posts"}],"about":[{"href":"https:\/\/www.achimbrueckner.de\/dxradio\/php\/wordpress\/index.php?rest_route=\/wp\/v2\/types\/post"}],"author":[{"embeddable":true,"href":"https:\/\/www.achimbrueckner.de\/dxradio\/php\/wordpress\/index.php?rest_route=\/wp\/v2\/users\/1"}],"replies":[{"embeddable":true,"href":"https:\/\/www.achimbrueckner.de\/dxradio\/php\/wordpress\/index.php?rest_route=%2Fwp%2Fv2%2Fcomments&post=19675"}],"version-history":[{"count":0,"href":"https:\/\/www.achimbrueckner.de\/dxradio\/php\/wordpress\/index.php?rest_route=\/wp\/v2\/posts\/19675\/revisions"}],"wp:attachment":[{"href":"https:\/\/www.achimbrueckner.de\/dxradio\/php\/wordpress\/index.php?rest_route=%2Fwp%2Fv2%2Fmedia&parent=19675"}],"wp:term":[{"taxonomy":"category","embeddable":true,"href":"https:\/\/www.achimbrueckner.de\/dxradio\/php\/wordpress\/index.php?rest_route=%2Fwp%2Fv2%2Fcategories&post=19675"},{"taxonomy":"post_tag","embeddable":true,"href":"https:\/\/www.achimbrueckner.de\/dxradio\/php\/wordpress\/index.php?rest_route=%2Fwp%2Fv2%2Ftags&post=19675"}],"curies":[{"name":"wp","href":"https:\/\/api.w.org\/{rel}","templated":true}]}}