{"id":19697,"date":"2018-10-23T16:27:38","date_gmt":"2018-10-23T16:27:38","guid":{"rendered":"https:\/\/www.achimbrueckner.de\/dxradio\/php\/wordpress\/?p=19697"},"modified":"2018-10-23T16:27:38","modified_gmt":"2018-10-23T16:27:38","slug":"radio-geht-ins-ohr-jetzt-digital","status":"publish","type":"post","link":"https:\/\/www.achimbrueckner.de\/dxradio\/php\/wordpress\/?p=19697","title":{"rendered":"Radio geht ins Ohr \u2013 jetzt digital"},"content":{"rendered":"<p><a href=\"https:\/\/www.shz.de\/lokales\/husumer-nachrichten\/radio-geht-ins-ohr-jetzt-digital-id21400547.html\" rel=\"noopener\" target=\"_blank\">https:\/\/www.shz.de\/lokales\/husumer-nachrichten\/radio-geht-ins-ohr-jetzt-digital-id21400547.html<\/a><\/p>\n","protected":false},"excerpt":{"rendered":"<p>https:\/\/www.shz.de\/lokales\/husumer-nachrichten\/radio-geht-ins-ohr-jetzt-digital-id21400547.html<\/p>\n","protected":false},"author":1,"featured_media":0,"comment_status":"closed","ping_status":"open","sticky":false,"template":"","format":"standard","meta":{"_jetpack_memberships_contains_paid_content":false,"footnotes":"","jetpack_publicize_message":"","jetpack_publicize_feature_enabled":true,"jetpack_social_post_already_shared":true,"jetpack_social_options":{"image_generator_settings":{"template":"highway","default_image_id":0,"font":"","enabled":false},"version":2}},"categories":[1],"tags":[],"class_list":["post-19697","post","type-post","status-publish","format-standard","hentry","category-deutsch"],"jetpack_publicize_connections":[],"jetpack_featured_media_url":"","jetpack_sharing_enabled":true,"jetpack_shortlink":"https:\/\/wp.me\/p5CDmr-57H","jetpack-related-posts":[{"id":19761,"url":"https:\/\/www.achimbrueckner.de\/dxradio\/php\/wordpress\/?p=19761","url_meta":{"origin":19697,"position":0},"title":"DABPLUS IN NORDFRIESLAND : Radio geht ins Ohr \u2013 jetzt digital","author":"Administrator","date":"October 26, 2018","format":false,"excerpt":"https:\/\/www.shz.de\/lokales\/husumer-nachrichten\/radio-geht-ins-ohr-jetzt-digital-id21400547.html","rel":"","context":"In &quot;Deutsch&quot;","block_context":{"text":"Deutsch","link":"https:\/\/www.achimbrueckner.de\/dxradio\/php\/wordpress\/?cat=1"},"img":{"alt_text":"","src":"","width":0,"height":0},"classes":[]},{"id":7495,"url":"https:\/\/www.achimbrueckner.de\/dxradio\/php\/wordpress\/?p=7495","url_meta":{"origin":19697,"position":1},"title":"Radio. Geht ins Ohr. Bleibt im Kopf: Neue Motive 2016 on air","author":"Administrator","date":"February 10, 2016","format":false,"excerpt":"http:\/\/www.radioszene.de\/87169\/radio-geht-ins-ohr-bleibt-im-kopf-neue-motive-2016-air.html","rel":"","context":"In &quot;Deutsch&quot;","block_context":{"text":"Deutsch","link":"https:\/\/www.achimbrueckner.de\/dxradio\/php\/wordpress\/?cat=1"},"img":{"alt_text":"","src":"","width":0,"height":0},"classes":[]},{"id":13027,"url":"https:\/\/www.achimbrueckner.de\/dxradio\/php\/wordpress\/?p=13027","url_meta":{"origin":19697,"position":2},"title":"RADIO ADVERTISING SUMMIT Unbewusst ins Ohr","author":"Administrator","date":"April 30, 2017","format":false,"excerpt":"http:\/\/www.horizont.net\/medien\/nachrichten\/Radio-Advertising-Summit-Unbewusst-ins-Ohr-157606","rel":"","context":"In &quot;Deutsch&quot;","block_context":{"text":"Deutsch","link":"https:\/\/www.achimbrueckner.de\/dxradio\/php\/wordpress\/?cat=1"},"img":{"alt_text":"","src":"","width":0,"height":0},"classes":[]},{"id":17643,"url":"https:\/\/www.achimbrueckner.de\/dxradio\/php\/wordpress\/?p=17643","url_meta":{"origin":19697,"position":3},"title":"HUSFUNK: MENSCHEN MIT HANDICAPS MACHEN RADIO : Radiomacher mit besonderen Themen","author":"Administrator","date":"May 5, 2018","format":false,"excerpt":"https:\/\/www.shz.de\/lokales\/husumer-nachrichten\/radiomacher-mit-besonderen-themen-id19751326.html","rel":"","context":"In &quot;Deutsch&quot;","block_context":{"text":"Deutsch","link":"https:\/\/www.achimbrueckner.de\/dxradio\/php\/wordpress\/?cat=1"},"img":{"alt_text":"","src":"","width":0,"height":0},"classes":[]},{"id":7267,"url":"https:\/\/www.achimbrueckner.de\/dxradio\/php\/wordpress\/?p=7267","url_meta":{"origin":19697,"position":4},"title":"Radio f\u00fcr die Westk\u00fcste: Unabh\u00e4ngigkeit steht an erster Stelle","author":"Administrator","date":"January 15, 2016","format":false,"excerpt":"http:\/\/www.shz.de\/lokales\/husumer-nachrichten\/unabhaengigkeit-steht-an-erster-stelle-id12454701.html","rel":"","context":"In &quot;Deutsch&quot;","block_context":{"text":"Deutsch","link":"https:\/\/www.achimbrueckner.de\/dxradio\/php\/wordpress\/?cat=1"},"img":{"alt_text":"","src":"","width":0,"height":0},"classes":[]},{"id":33660,"url":"https:\/\/www.achimbrueckner.de\/dxradio\/php\/wordpress\/?p=33660","url_meta":{"origin":19697,"position":5},"title":"BR24: \u201eWas ins Ohr geht, bleibt im Kopf\u201c","author":"Administrator","date":"September 27, 2021","format":false,"excerpt":"https:\/\/www.radioszene.de\/157845\/br24-interview-steffen-jenter.html","rel":"","context":"In &quot;Deutsch&quot;","block_context":{"text":"Deutsch","link":"https:\/\/www.achimbrueckner.de\/dxradio\/php\/wordpress\/?cat=1"},"img":{"alt_text":"","src":"","width":0,"height":0},"classes":[]}],"_links":{"self":[{"href":"https:\/\/www.achimbrueckner.de\/dxradio\/php\/wordpress\/index.php?rest_route=\/wp\/v2\/posts\/19697","targetHints":{"allow":["GET"]}}],"collection":[{"href":"https:\/\/www.achimbrueckner.de\/dxradio\/php\/wordpress\/index.php?rest_route=\/wp\/v2\/posts"}],"about":[{"href":"https:\/\/www.achimbrueckner.de\/dxradio\/php\/wordpress\/index.php?rest_route=\/wp\/v2\/types\/post"}],"author":[{"embeddable":true,"href":"https:\/\/www.achimbrueckner.de\/dxradio\/php\/wordpress\/index.php?rest_route=\/wp\/v2\/users\/1"}],"replies":[{"embeddable":true,"href":"https:\/\/www.achimbrueckner.de\/dxradio\/php\/wordpress\/index.php?rest_route=%2Fwp%2Fv2%2Fcomments&post=19697"}],"version-history":[{"count":0,"href":"https:\/\/www.achimbrueckner.de\/dxradio\/php\/wordpress\/index.php?rest_route=\/wp\/v2\/posts\/19697\/revisions"}],"wp:attachment":[{"href":"https:\/\/www.achimbrueckner.de\/dxradio\/php\/wordpress\/index.php?rest_route=%2Fwp%2Fv2%2Fmedia&parent=19697"}],"wp:term":[{"taxonomy":"category","embeddable":true,"href":"https:\/\/www.achimbrueckner.de\/dxradio\/php\/wordpress\/index.php?rest_route=%2Fwp%2Fv2%2Fcategories&post=19697"},{"taxonomy":"post_tag","embeddable":true,"href":"https:\/\/www.achimbrueckner.de\/dxradio\/php\/wordpress\/index.php?rest_route=%2Fwp%2Fv2%2Ftags&post=19697"}],"curies":[{"name":"wp","href":"https:\/\/api.w.org\/{rel}","templated":true}]}}