{"id":19700,"date":"2018-10-24T11:04:03","date_gmt":"2018-10-24T11:04:03","guid":{"rendered":"https:\/\/www.achimbrueckner.de\/dxradio\/php\/wordpress\/?p=19700"},"modified":"2018-10-24T11:04:03","modified_gmt":"2018-10-24T11:04:03","slug":"rundfunkbeitrag-kopplung-an-inflationsrate-gefordert","status":"publish","type":"post","link":"https:\/\/www.achimbrueckner.de\/dxradio\/php\/wordpress\/?p=19700","title":{"rendered":"Rundfunkbeitrag: Kopplung an Inflationsrate gefordert"},"content":{"rendered":"<p><a href=\"https:\/\/www.heise.de\/newsticker\/meldung\/Rundfunkbeitrag-Kopplung-an-Inflationsrate-gefordert-4200612.html\" rel=\"noopener\" target=\"_blank\">https:\/\/www.heise.de\/newsticker\/meldung\/Rundfunkbeitrag-Kopplung-an-Inflationsrate-gefordert-4200612.html<\/a><\/p>\n","protected":false},"excerpt":{"rendered":"<p>https:\/\/www.heise.de\/newsticker\/meldung\/Rundfunkbeitrag-Kopplung-an-Inflationsrate-gefordert-4200612.html<\/p>\n","protected":false},"author":1,"featured_media":0,"comment_status":"closed","ping_status":"open","sticky":false,"template":"","format":"standard","meta":{"_jetpack_memberships_contains_paid_content":false,"footnotes":"","jetpack_publicize_message":"","jetpack_publicize_feature_enabled":true,"jetpack_social_post_already_shared":true,"jetpack_social_options":{"image_generator_settings":{"template":"highway","default_image_id":0,"font":"","enabled":false},"version":2}},"categories":[1],"tags":[],"class_list":["post-19700","post","type-post","status-publish","format-standard","hentry","category-deutsch"],"jetpack_publicize_connections":[],"jetpack_featured_media_url":"","jetpack_sharing_enabled":true,"jetpack_shortlink":"https:\/\/wp.me\/p5CDmr-57K","jetpack-related-posts":[{"id":22342,"url":"https:\/\/www.achimbrueckner.de\/dxradio\/php\/wordpress\/?p=22342","url_meta":{"origin":19700,"position":0},"title":"Mehr als 18 Euro Rundfunkbeitrag gefordert","author":"Administrator","date":"March 23, 2019","format":false,"excerpt":"https:\/\/www.golem.de\/news\/landeschef-mehr-als-18-euro-rundfunkbeitrag-gefordert-1903-140205.html","rel":"","context":"In &quot;Deutsch&quot;","block_context":{"text":"Deutsch","link":"https:\/\/www.achimbrueckner.de\/dxradio\/php\/wordpress\/?cat=1"},"img":{"alt_text":"","src":"","width":0,"height":0},"classes":[]},{"id":27553,"url":"https:\/\/www.achimbrueckner.de\/dxradio\/php\/wordpress\/?p=27553","url_meta":{"origin":19700,"position":1},"title":"L\u00e4nderchefs stimmen f\u00fcr h\u00f6heren Rundfunkbeitrag","author":"Administrator","date":"March 13, 2020","format":false,"excerpt":"http:\/\/www.radiowoche.de\/laenderchefs-stimmen-fuer-hoeheren-rundfunkbeitrag\/","rel":"","context":"In &quot;Deutsch&quot;","block_context":{"text":"Deutsch","link":"https:\/\/www.achimbrueckner.de\/dxradio\/php\/wordpress\/?cat=1"},"img":{"alt_text":"","src":"","width":0,"height":0},"classes":[]},{"id":43942,"url":"https:\/\/www.achimbrueckner.de\/dxradio\/php\/wordpress\/?p=43942","url_meta":{"origin":19700,"position":2},"title":"Bundesverwaltungsgericht Verhandlung zum Rundfunkbeitrag","author":"Administrator","date":"October 3, 2025","format":false,"excerpt":"https:\/\/www.tagesschau.de\/inland\/gesellschaft\/rundfunkbeitrag-verhandlung-100.html","rel":"","context":"In &quot;Deutsch&quot;","block_context":{"text":"Deutsch","link":"https:\/\/www.achimbrueckner.de\/dxradio\/php\/wordpress\/?cat=1"},"img":{"alt_text":"","src":"","width":0,"height":0},"classes":[]},{"id":33252,"url":"https:\/\/www.achimbrueckner.de\/dxradio\/php\/wordpress\/?p=33252","url_meta":{"origin":19700,"position":3},"title":"Bundesverfassungsgericht: Rundfunkbeitrag darf steigen","author":"Administrator","date":"August 5, 2021","format":false,"excerpt":"https:\/\/www.teltarif.de\/ard-zdf-rundfunkbeitrag-gez\/news\/85333.html","rel":"","context":"In &quot;Deutsch&quot;","block_context":{"text":"Deutsch","link":"https:\/\/www.achimbrueckner.de\/dxradio\/php\/wordpress\/?cat=1"},"img":{"alt_text":"","src":"","width":0,"height":0},"classes":[]},{"id":18515,"url":"https:\/\/www.achimbrueckner.de\/dxradio\/php\/wordpress\/?p=18515","url_meta":{"origin":19700,"position":4},"title":"Rundfunkbeitrag im Wesentlichen verfassungsgem\u00e4\u00df","author":"Administrator","date":"July 18, 2018","format":false,"excerpt":"https:\/\/www.sueddeutsche.de\/medien\/gez-rundfunkbeitrag-bundesverfassungsgericht-1.4058710","rel":"","context":"In &quot;Deutsch&quot;","block_context":{"text":"Deutsch","link":"https:\/\/www.achimbrueckner.de\/dxradio\/php\/wordpress\/?cat=1"},"img":{"alt_text":"","src":"","width":0,"height":0},"classes":[]},{"id":7855,"url":"https:\/\/www.achimbrueckner.de\/dxradio\/php\/wordpress\/?p=7855","url_meta":{"origin":19700,"position":5},"title":"Bundesverwaltungsgericht: Rundfunkbeitrag ist rechtm\u00e4\u00dfig","author":"Administrator","date":"March 18, 2016","format":false,"excerpt":"http:\/\/www.radioszene.de\/89131\/bundesverwaltungsgericht-rundfunkbeitrag-ist-rechtmaessig.html","rel":"","context":"In &quot;Deutsch&quot;","block_context":{"text":"Deutsch","link":"https:\/\/www.achimbrueckner.de\/dxradio\/php\/wordpress\/?cat=1"},"img":{"alt_text":"","src":"","width":0,"height":0},"classes":[]}],"_links":{"self":[{"href":"https:\/\/www.achimbrueckner.de\/dxradio\/php\/wordpress\/index.php?rest_route=\/wp\/v2\/posts\/19700","targetHints":{"allow":["GET"]}}],"collection":[{"href":"https:\/\/www.achimbrueckner.de\/dxradio\/php\/wordpress\/index.php?rest_route=\/wp\/v2\/posts"}],"about":[{"href":"https:\/\/www.achimbrueckner.de\/dxradio\/php\/wordpress\/index.php?rest_route=\/wp\/v2\/types\/post"}],"author":[{"embeddable":true,"href":"https:\/\/www.achimbrueckner.de\/dxradio\/php\/wordpress\/index.php?rest_route=\/wp\/v2\/users\/1"}],"replies":[{"embeddable":true,"href":"https:\/\/www.achimbrueckner.de\/dxradio\/php\/wordpress\/index.php?rest_route=%2Fwp%2Fv2%2Fcomments&post=19700"}],"version-history":[{"count":0,"href":"https:\/\/www.achimbrueckner.de\/dxradio\/php\/wordpress\/index.php?rest_route=\/wp\/v2\/posts\/19700\/revisions"}],"wp:attachment":[{"href":"https:\/\/www.achimbrueckner.de\/dxradio\/php\/wordpress\/index.php?rest_route=%2Fwp%2Fv2%2Fmedia&parent=19700"}],"wp:term":[{"taxonomy":"category","embeddable":true,"href":"https:\/\/www.achimbrueckner.de\/dxradio\/php\/wordpress\/index.php?rest_route=%2Fwp%2Fv2%2Fcategories&post=19700"},{"taxonomy":"post_tag","embeddable":true,"href":"https:\/\/www.achimbrueckner.de\/dxradio\/php\/wordpress\/index.php?rest_route=%2Fwp%2Fv2%2Ftags&post=19700"}],"curies":[{"name":"wp","href":"https:\/\/api.w.org\/{rel}","templated":true}]}}