{"id":19788,"date":"2018-10-27T14:40:28","date_gmt":"2018-10-27T14:40:28","guid":{"rendered":"https:\/\/www.achimbrueckner.de\/dxradio\/php\/wordpress\/?p=19788"},"modified":"2018-10-27T14:40:28","modified_gmt":"2018-10-27T14:40:28","slug":"die-blutigste-1-000-euro-morgenwette-bei-89-0-rtl","status":"publish","type":"post","link":"https:\/\/www.achimbrueckner.de\/dxradio\/php\/wordpress\/?p=19788","title":{"rendered":"Die blutigste 1.000 Euro Morgenwette bei 89.0 RTL"},"content":{"rendered":"<p><a href=\"https:\/\/www.radioszene.de\/127201\/blutigste-morgenwette-rtl.html?fbclid=IwAR3DewOeROw8sJZOkJY6dhkwqCykd2fS0hEAE-ZZ7rvy6Ss5LsRADrhPiY4\" rel=\"noopener\" target=\"_blank\">https:\/\/www.radioszene.de\/127201\/blutigste-morgenwette-rtl.html<\/a><\/p>\n","protected":false},"excerpt":{"rendered":"<p>https:\/\/www.radioszene.de\/127201\/blutigste-morgenwette-rtl.html<\/p>\n","protected":false},"author":1,"featured_media":0,"comment_status":"closed","ping_status":"open","sticky":false,"template":"","format":"standard","meta":{"_jetpack_memberships_contains_paid_content":false,"footnotes":"","jetpack_publicize_message":"","jetpack_publicize_feature_enabled":true,"jetpack_social_post_already_shared":true,"jetpack_social_options":{"image_generator_settings":{"template":"highway","default_image_id":0,"font":"","enabled":false},"version":2}},"categories":[1,16],"tags":[41],"class_list":["post-19788","post","type-post","status-publish","format-standard","hentry","category-deutsch","category-radioszene","tag-radioszene"],"jetpack_publicize_connections":[],"jetpack_featured_media_url":"","jetpack_sharing_enabled":true,"jetpack_shortlink":"https:\/\/wp.me\/p5CDmr-59a","jetpack-related-posts":[{"id":20371,"url":"https:\/\/www.achimbrueckner.de\/dxradio\/php\/wordpress\/?p=20371","url_meta":{"origin":19788,"position":0},"title":"Nieders\u00e4chsischer H\u00f6rfunkpreis f\u00fcr die 89.0 RTL Social Media Show","author":"Administrator","date":"December 12, 2018","format":false,"excerpt":"https:\/\/www.radioszene.de\/128542\/niedersaechsischer-hoerfunkpreis-fuer-die-89-0-rtl-social-media-show.html","rel":"","context":"In &quot;Deutsch&quot;","block_context":{"text":"Deutsch","link":"https:\/\/www.achimbrueckner.de\/dxradio\/php\/wordpress\/?cat=1"},"img":{"alt_text":"","src":"","width":0,"height":0},"classes":[]},{"id":20109,"url":"https:\/\/www.achimbrueckner.de\/dxradio\/php\/wordpress\/?p=20109","url_meta":{"origin":19788,"position":1},"title":"Personalisiertes RTL-Radio: \u201eDeutlich mehr Nutzerinnen und Nutzer\u201c","author":"Administrator","date":"November 20, 2018","format":false,"excerpt":"https:\/\/www.radioszene.de\/127911\/personalisiertes-radio-rtl.html","rel":"","context":"In &quot;Deutsch&quot;","block_context":{"text":"Deutsch","link":"https:\/\/www.achimbrueckner.de\/dxradio\/php\/wordpress\/?cat=1"},"img":{"alt_text":"","src":"","width":0,"height":0},"classes":[]},{"id":22490,"url":"https:\/\/www.achimbrueckner.de\/dxradio\/php\/wordpress\/?p=22490","url_meta":{"origin":19788,"position":2},"title":"89.0 RTL gibt deutschem Rap einen Programmplatz","author":"Administrator","date":"March 29, 2019","format":false,"excerpt":"https:\/\/www.radioszene.de\/132081\/whatsrap-890rtl.html","rel":"","context":"In &quot;Deutsch&quot;","block_context":{"text":"Deutsch","link":"https:\/\/www.achimbrueckner.de\/dxradio\/php\/wordpress\/?cat=1"},"img":{"alt_text":"","src":"","width":0,"height":0},"classes":[]},{"id":24685,"url":"https:\/\/www.achimbrueckner.de\/dxradio\/php\/wordpress\/?p=24685","url_meta":{"origin":19788,"position":3},"title":"89.0 RTL Ring Dong: Der sch\u00f6nste Klingelstreich seit es Radio gibt","author":"Administrator","date":"September 8, 2019","format":false,"excerpt":"https:\/\/www.radioszene.de\/136451\/890rtl-ring-dong-klingelstreich-radio.html","rel":"","context":"In &quot;Deutsch&quot;","block_context":{"text":"Deutsch","link":"https:\/\/www.achimbrueckner.de\/dxradio\/php\/wordpress\/?cat=1"},"img":{"alt_text":"","src":"","width":0,"height":0},"classes":[]},{"id":9917,"url":"https:\/\/www.achimbrueckner.de\/dxradio\/php\/wordpress\/?p=9917","url_meta":{"origin":19788,"position":4},"title":"25 Jahre 104.6 RTL","author":"Administrator","date":"August 16, 2016","format":false,"excerpt":"http:\/\/www.radioszene.de\/94065\/arno-mueller-25-jahre-1046-rtl.html","rel":"","context":"In &quot;Deutsch&quot;","block_context":{"text":"Deutsch","link":"https:\/\/www.achimbrueckner.de\/dxradio\/php\/wordpress\/?cat=1"},"img":{"alt_text":"","src":"","width":0,"height":0},"classes":[]},{"id":14681,"url":"https:\/\/www.achimbrueckner.de\/dxradio\/php\/wordpress\/?p=14681","url_meta":{"origin":19788,"position":5},"title":"89.0 RTL startet ab heute neue Social Media Show","author":"Administrator","date":"September 21, 2017","format":false,"excerpt":"http:\/\/www.radioszene.de\/113209\/890rtl-social-media-show.html","rel":"","context":"In &quot;Deutsch&quot;","block_context":{"text":"Deutsch","link":"https:\/\/www.achimbrueckner.de\/dxradio\/php\/wordpress\/?cat=1"},"img":{"alt_text":"","src":"","width":0,"height":0},"classes":[]}],"_links":{"self":[{"href":"https:\/\/www.achimbrueckner.de\/dxradio\/php\/wordpress\/index.php?rest_route=\/wp\/v2\/posts\/19788","targetHints":{"allow":["GET"]}}],"collection":[{"href":"https:\/\/www.achimbrueckner.de\/dxradio\/php\/wordpress\/index.php?rest_route=\/wp\/v2\/posts"}],"about":[{"href":"https:\/\/www.achimbrueckner.de\/dxradio\/php\/wordpress\/index.php?rest_route=\/wp\/v2\/types\/post"}],"author":[{"embeddable":true,"href":"https:\/\/www.achimbrueckner.de\/dxradio\/php\/wordpress\/index.php?rest_route=\/wp\/v2\/users\/1"}],"replies":[{"embeddable":true,"href":"https:\/\/www.achimbrueckner.de\/dxradio\/php\/wordpress\/index.php?rest_route=%2Fwp%2Fv2%2Fcomments&post=19788"}],"version-history":[{"count":0,"href":"https:\/\/www.achimbrueckner.de\/dxradio\/php\/wordpress\/index.php?rest_route=\/wp\/v2\/posts\/19788\/revisions"}],"wp:attachment":[{"href":"https:\/\/www.achimbrueckner.de\/dxradio\/php\/wordpress\/index.php?rest_route=%2Fwp%2Fv2%2Fmedia&parent=19788"}],"wp:term":[{"taxonomy":"category","embeddable":true,"href":"https:\/\/www.achimbrueckner.de\/dxradio\/php\/wordpress\/index.php?rest_route=%2Fwp%2Fv2%2Fcategories&post=19788"},{"taxonomy":"post_tag","embeddable":true,"href":"https:\/\/www.achimbrueckner.de\/dxradio\/php\/wordpress\/index.php?rest_route=%2Fwp%2Fv2%2Ftags&post=19788"}],"curies":[{"name":"wp","href":"https:\/\/api.w.org\/{rel}","templated":true}]}}