{"id":1980,"date":"2011-11-25T20:43:59","date_gmt":"2011-11-25T20:43:59","guid":{"rendered":"https:\/\/www.achimbrueckner.de\/dxradio\/php\/wordpress\/?p=1980"},"modified":"2011-11-25T20:43:59","modified_gmt":"2011-11-25T20:43:59","slug":"5-okf-dx-tag-21-01-2012","status":"publish","type":"post","link":"https:\/\/www.achimbrueckner.de\/dxradio\/php\/wordpress\/?p=1980","title":{"rendered":"5. OKF DX-Tag 21.01.2012"},"content":{"rendered":"<p>Hallo Hobbyfreunde,<\/p>\n<p>die Oldenburger Kurzwellenfreunde  veranstalten am Sa. 21.01.2012 von 09:30 bis ?? Uhr  den 5. OKF DX Tag in Oldenburg, Bootshaus des Post SV , Achterdiek. Wir treffen uns dort f\u00fcr einen Tag , um in noisearmer,<br \/>\nempfangsg\u00fcnstiger Umgebung zu h\u00f6ren, reden, uns austauschen und einiges auszuprobieren. Diese Veranstaltung ist nicht so lang wie unser DX Camp Sandkrug ( \u00fcbrigens v. 17.-21.10.2012 ) und ist praktisch die &#8221; kleine Mahlzeit &#8221; zwischen zwei Camps . Wir haben gute Erfahrung mit diesem<br \/>\nHobbytag gemacht und laden interessierte A-DX ler ein uns zu besuchen und teilzunehmen. Jeder versorgt sich f\u00fcr den Tag selbst ( Equipment und Verflegung ) . Der Raum im Bootshaus ist begrenzt, daher gilt das &#8221; Windhundprinzip&#8221; . ( Wer sich zuerst meldet  &#8230;.ihr kennt das !).<\/p>\n<p>vy73  Karl<\/p>\n<p>Info via <a href=\"http:\/\/www.ratzer.at\" target=\"_blank\">A-DX<\/a><\/p>\n","protected":false},"excerpt":{"rendered":"<p>Hallo Hobbyfreunde, die Oldenburger Kurzwellenfreunde veranstalten am Sa. 21.01.2012 von 09:30 bis ?? Uhr den 5. OKF DX Tag in Oldenburg, Bootshaus des Post SV , Achterdiek. Wir treffen uns dort f\u00fcr einen Tag , um in noisearmer, empfangsg\u00fcnstiger Umgebung zu h\u00f6ren, reden, uns austauschen und einiges auszuprobieren. Diese Veranstaltung ist nicht so lang wie &hellip; <a href=\"https:\/\/www.achimbrueckner.de\/dxradio\/php\/wordpress\/?p=1980\" class=\"more-link\">Continue reading <span class=\"screen-reader-text\">5. OKF DX-Tag 21.01.2012<\/span><\/a><\/p>\n","protected":false},"author":1,"featured_media":0,"comment_status":"open","ping_status":"open","sticky":false,"template":"","format":"standard","meta":{"_jetpack_memberships_contains_paid_content":false,"footnotes":"","jetpack_publicize_message":"","jetpack_publicize_feature_enabled":true,"jetpack_social_post_already_shared":false,"jetpack_social_options":{"image_generator_settings":{"template":"highway","default_image_id":0,"font":"","enabled":false},"version":2}},"categories":[5,3],"tags":[24,26,40,42],"class_list":["post-1980","post","type-post","status-publish","format-standard","hentry","category-camps","category-empfang","tag-am","tag-camp","tag-dx","tag-empfang"],"jetpack_publicize_connections":[],"jetpack_featured_media_url":"","jetpack_sharing_enabled":true,"jetpack_shortlink":"https:\/\/wp.me\/p5CDmr-vW","jetpack-related-posts":[{"id":1945,"url":"https:\/\/www.achimbrueckner.de\/dxradio\/php\/wordpress\/?p=1945","url_meta":{"origin":1980,"position":0},"title":"DX-Camp 2012 der Oldenburger Kurzwellenfreunde","author":"Administrator","date":"November 19, 2011","format":false,"excerpt":"Hallo, mittlerweile steht der Termin f\u00fcr das n\u00e4chste Camp in Sandkrug fest, Termin steht auch im Kalender der Group: Auch dieses Jahr wird wieder das traditionelle DX\u00e2\u20ac\u0090Camp von uns in Sandkrug veranstaltet. Es wendet sich an alle, die sich f\u00fcr den Rundfunkfernempfang interessieren. Von Langwelle bis zur ultrakurzen Welle finden\u2026","rel":"","context":"In &quot;camps&quot;","block_context":{"text":"camps","link":"https:\/\/www.achimbrueckner.de\/dxradio\/php\/wordpress\/?cat=5"},"img":{"alt_text":"","src":"","width":0,"height":0},"classes":[]},{"id":2351,"url":"https:\/\/www.achimbrueckner.de\/dxradio\/php\/wordpress\/?p=2351","url_meta":{"origin":1980,"position":1},"title":"DX Camp der OLKWF 2013 und DX Tag","author":"Administrator","date":"December 15, 2012","format":false,"excerpt":"Liebe Hobbyfreunde, das DX Camp der OLKWF findet im n\u00e4chsten Jahr in der Zeit vom 06.11.-10.11.2013 in Sandkrug im Haus Maranatha statt. Am Sa. den 19.Januar 2013 werden wir von 9:30 -? Uhr wieder einen DX-Tag im Bootshaus der Ruderabtlg. des PostSV am Achterdiek in Oldenburg veranstalten. Anmeldungen an Karl-J.Conrads(at)t-online.de\u2026","rel":"","context":"In &quot;camps&quot;","block_context":{"text":"camps","link":"https:\/\/www.achimbrueckner.de\/dxradio\/php\/wordpress\/?cat=5"},"img":{"alt_text":"","src":"","width":0,"height":0},"classes":[]},{"id":918,"url":"https:\/\/www.achimbrueckner.de\/dxradio\/php\/wordpress\/?p=918","url_meta":{"origin":1980,"position":2},"title":"3.DX-Tag der Oldenburger KW-Freunde am 6.M\u00e4rz","author":"Administrator","date":"February 18, 2010","format":false,"excerpt":"Den 3.OKF-DX-Tag wollen wir diesmal, aufgrund der etwas h\u00f6heren Lage, in Bookholzberg (zwischen OL und HB gelegen) begehen. Schwerpunkt der letzten Treffen waren Interessen unter 30MHz und da auch einige Spa\u00df von uns am UKW-DXen haben, war die Idee, es diesmal >30MHz anzusetzen. Im Vordergrund steht immer der pers\u00f6nliche Austausch\u2026","rel":"","context":"In &quot;camps&quot;","block_context":{"text":"camps","link":"https:\/\/www.achimbrueckner.de\/dxradio\/php\/wordpress\/?cat=5"},"img":{"alt_text":"","src":"","width":0,"height":0},"classes":[]},{"id":1863,"url":"https:\/\/www.achimbrueckner.de\/dxradio\/php\/wordpress\/?p=1863","url_meta":{"origin":1980,"position":3},"title":"\u00e2\u20ac\u017eRadiofreunde NRW\u00e2\u20ac\u0153 &#8211; eine neue Interessengemeinschaft im Westen.","author":"Administrator","date":"October 28, 2011","format":false,"excerpt":"\u00e2\u20ac\u017eRadiofreunde NRW\u00e2\u20ac\u0153 - eine neue Interessengemeinschaft im Westen. Wer sind wir? Die RADIOFREUNDE NRW sind eine lose Gruppe von Kurzwellenh\u00f6rern, DXern und Rundfunkinteressierten. Unser Fokus liegt auf dem Empfang auf Lang-, Mittel- und Kurzwelle. Auch f\u00fcr andere Empfangsbereiche und Kommunikationswege sind wir offen und laden Interessierte ein, sich mit uns\u2026","rel":"","context":"In &quot;Deutsch&quot;","block_context":{"text":"Deutsch","link":"https:\/\/www.achimbrueckner.de\/dxradio\/php\/wordpress\/?cat=1"},"img":{"alt_text":"","src":"","width":0,"height":0},"classes":[]},{"id":934,"url":"https:\/\/www.achimbrueckner.de\/dxradio\/php\/wordpress\/?p=934","url_meta":{"origin":1980,"position":4},"title":"45. DX-Camp Langenselbold","author":"Administrator","date":"March 4, 2010","format":false,"excerpt":"Hallo Freunde und Radiofreaks, der Rhein-Main-Radio-Club l\u00e4dt ein zum 45. DX-Camp in Langenselbold 19.4.-25.4.2010 Die ersten Tage sind etwas Besonderes, weil wir uns da dem Extrem-DX widmen und vor allem die Nacht zu Tag machen bei Kaffe und Rotwein. Am Freitag 23.4.2010 ein besonderes Highlight: Wir besuchen Radio Andernach, das\u2026","rel":"","context":"In &quot;camps&quot;","block_context":{"text":"camps","link":"https:\/\/www.achimbrueckner.de\/dxradio\/php\/wordpress\/?cat=5"},"img":{"alt_text":"","src":"","width":0,"height":0},"classes":[]},{"id":2298,"url":"https:\/\/www.achimbrueckner.de\/dxradio\/php\/wordpress\/?p=2298","url_meta":{"origin":1980,"position":5},"title":"50. RMRC DX-Camp Langenselbold","author":"Administrator","date":"September 15, 2012","format":false,"excerpt":"Unser 50. DX-Camp wird gro\u00df gefeiert. Es findet vom 01. bis 07. Oktober 2012 in Langenselbold statt. Vor dem DX-Camp werden wir eine KW-Sendung \u00fcber Sitkunai ausstrahlen: 1. voraussichtlich So. 23.9.2012 14.00-15.00 UTC auf 6180 kHz 2. voraussichtlich So. 21.10.2012 14.00-15.00 UTC auf 6180 kHz Das Programm steht noch nicht\u2026","rel":"","context":"In &quot;camps&quot;","block_context":{"text":"camps","link":"https:\/\/www.achimbrueckner.de\/dxradio\/php\/wordpress\/?cat=5"},"img":{"alt_text":"","src":"","width":0,"height":0},"classes":[]}],"_links":{"self":[{"href":"https:\/\/www.achimbrueckner.de\/dxradio\/php\/wordpress\/index.php?rest_route=\/wp\/v2\/posts\/1980","targetHints":{"allow":["GET"]}}],"collection":[{"href":"https:\/\/www.achimbrueckner.de\/dxradio\/php\/wordpress\/index.php?rest_route=\/wp\/v2\/posts"}],"about":[{"href":"https:\/\/www.achimbrueckner.de\/dxradio\/php\/wordpress\/index.php?rest_route=\/wp\/v2\/types\/post"}],"author":[{"embeddable":true,"href":"https:\/\/www.achimbrueckner.de\/dxradio\/php\/wordpress\/index.php?rest_route=\/wp\/v2\/users\/1"}],"replies":[{"embeddable":true,"href":"https:\/\/www.achimbrueckner.de\/dxradio\/php\/wordpress\/index.php?rest_route=%2Fwp%2Fv2%2Fcomments&post=1980"}],"version-history":[{"count":0,"href":"https:\/\/www.achimbrueckner.de\/dxradio\/php\/wordpress\/index.php?rest_route=\/wp\/v2\/posts\/1980\/revisions"}],"wp:attachment":[{"href":"https:\/\/www.achimbrueckner.de\/dxradio\/php\/wordpress\/index.php?rest_route=%2Fwp%2Fv2%2Fmedia&parent=1980"}],"wp:term":[{"taxonomy":"category","embeddable":true,"href":"https:\/\/www.achimbrueckner.de\/dxradio\/php\/wordpress\/index.php?rest_route=%2Fwp%2Fv2%2Fcategories&post=1980"},{"taxonomy":"post_tag","embeddable":true,"href":"https:\/\/www.achimbrueckner.de\/dxradio\/php\/wordpress\/index.php?rest_route=%2Fwp%2Fv2%2Ftags&post=1980"}],"curies":[{"name":"wp","href":"https:\/\/api.w.org\/{rel}","templated":true}]}}