{"id":199,"date":"2006-11-15T15:29:41","date_gmt":"2006-11-15T15:29:41","guid":{"rendered":"https:\/\/www.achimbrueckner.de\/dxradio\/php\/wordpress\/?p=199"},"modified":"2006-11-15T15:29:58","modified_gmt":"2006-11-15T15:29:58","slug":"hfcc-b06","status":"publish","type":"post","link":"https:\/\/www.achimbrueckner.de\/dxradio\/php\/wordpress\/?p=199","title":{"rendered":"HFCC B06 schedule"},"content":{"rendered":"<p>The HFCC schedule B06 is available via <a href=\"http:\/\/www.hfcc.org\/data\/index.html\">http:\/\/www.hfcc.org\/data\/index.html<\/a>. Not all broadcasters are included but it gives a good orientation what can be heard on shortwave.<\/p>\n","protected":false},"excerpt":{"rendered":"<p>The HFCC schedule B06 is available via http:\/\/www.hfcc.org\/data\/index.html. Not all broadcasters are included but it gives a good orientation what can be heard on shortwave.<\/p>\n","protected":false},"author":1,"featured_media":0,"comment_status":"open","ping_status":"open","sticky":false,"template":"","format":"standard","meta":{"_jetpack_memberships_contains_paid_content":false,"footnotes":"","jetpack_publicize_message":"","jetpack_publicize_feature_enabled":true,"jetpack_social_post_already_shared":false,"jetpack_social_options":{"image_generator_settings":{"template":"highway","default_image_id":0,"font":"","enabled":false},"version":2}},"categories":[8],"tags":[43],"class_list":["post-199","post","type-post","status-publish","format-standard","hentry","category-schedules","tag-shortwave"],"jetpack_publicize_connections":[],"jetpack_featured_media_url":"","jetpack_sharing_enabled":true,"jetpack_shortlink":"https:\/\/wp.me\/p5CDmr-3d","jetpack-related-posts":[{"id":216,"url":"https:\/\/www.achimbrueckner.de\/dxradio\/php\/wordpress\/?p=216","url_meta":{"origin":199,"position":0},"title":"Eibi frequency list B06","author":"Administrator","date":"November 24, 2006","format":false,"excerpt":"Eibi has published his frequency list B06 via http:\/\/www.eibi.de.vu\/. It is completed to 90% and now it contains also mediumwave stations with international programmes. Apart from the HFCC-list a good orientation what can be heard on shortwave. The ILG-list has been cancelled unfortunatelly.","rel":"","context":"In &quot;schedules&quot;","block_context":{"text":"schedules","link":"https:\/\/www.achimbrueckner.de\/dxradio\/php\/wordpress\/?cat=8"},"img":{"alt_text":"","src":"","width":0,"height":0},"classes":[]},{"id":176,"url":"https:\/\/www.achimbrueckner.de\/dxradio\/php\/wordpress\/?p=176","url_meta":{"origin":199,"position":1},"title":"Kombinierter H\u00f6rfahrplan RMRC B06","author":"Administrator","date":"October 31, 2006","format":false,"excerpt":"Den kombinierten H\u00f6rfahrplan B06 f\u00fcr die Sendungen in Deutsch, Englisch, Franz\u00f6sisch und Spanisch gibt es beim RMRC unter http:\/\/www.rmrc.de\/content\/S02_EasyDX\/hoerfahrplan_fritz.htm. Aktualisiert wurde er am 29.10.06. Er ist ein erster Anhaltspunkt f\u00fcr neue Frequenzen, da Eibi und HFCC noch keine Daten f\u00fcr B06 eingestellt haben. Quelle: Lutz Winkler in A-DX","rel":"","context":"In &quot;links&quot;","block_context":{"text":"links","link":"https:\/\/www.achimbrueckner.de\/dxradio\/php\/wordpress\/?cat=7"},"img":{"alt_text":"","src":"","width":0,"height":0},"classes":[]},{"id":2025,"url":"https:\/\/www.achimbrueckner.de\/dxradio\/php\/wordpress\/?p=2025","url_meta":{"origin":199,"position":2},"title":"HFCC Expands Focus Beyond Shortwave","author":"Administrator","date":"December 8, 2011","format":false,"excerpt":"HFCC Expands Focus Beyond Shortwave http:\/\/www.radioworld.com\/article\/hfcc-expands-focus-beyond-shortwave\/50832","rel":"","context":"In &quot;English&quot;","block_context":{"text":"English","link":"https:\/\/www.achimbrueckner.de\/dxradio\/php\/wordpress\/?cat=2"},"img":{"alt_text":"","src":"","width":0,"height":0},"classes":[]},{"id":170,"url":"https:\/\/www.achimbrueckner.de\/dxradio\/php\/wordpress\/?p=170","url_meta":{"origin":199,"position":3},"title":"Radio Slovakia International B06","author":"Administrator","date":"October 29, 2006","format":false,"excerpt":"Radio Slovakia International is back on shortwave. Schedule available via schedule. Thanks to Markus Weidner on A-DX","rel":"","context":"In &quot;schedules&quot;","block_context":{"text":"schedules","link":"https:\/\/www.achimbrueckner.de\/dxradio\/php\/wordpress\/?cat=8"},"img":{"alt_text":"","src":"","width":0,"height":0},"classes":[]},{"id":611,"url":"https:\/\/www.achimbrueckner.de\/dxradio\/php\/wordpress\/?p=611","url_meta":{"origin":199,"position":4},"title":"HF schedule list","author":"Administrator","date":"October 21, 2009","format":false,"excerpt":"Combined frequency list: Aoki, Eibi, HFCC public and Primetime shortwave in one list: http:\/\/www.hfskeds.com\/skeds\/","rel":"","context":"In &quot;schedules&quot;","block_context":{"text":"schedules","link":"https:\/\/www.achimbrueckner.de\/dxradio\/php\/wordpress\/?cat=8"},"img":{"alt_text":"","src":"","width":0,"height":0},"classes":[]},{"id":5744,"url":"https:\/\/www.achimbrueckner.de\/dxradio\/php\/wordpress\/?p=5744","url_meta":{"origin":199,"position":5},"title":"DRM on Shortwave To Be Demonstrated During HFCC Conference in Brisbane","author":"Administrator","date":"August 30, 2015","format":false,"excerpt":"http:\/\/www.radiomagonline.com\/around-the-world\/0020\/drm-on-shortwave-to-be-demonstrated-during-hfcc-conference-in-brisbane\/36877","rel":"","context":"In &quot;English&quot;","block_context":{"text":"English","link":"https:\/\/www.achimbrueckner.de\/dxradio\/php\/wordpress\/?cat=2"},"img":{"alt_text":"","src":"","width":0,"height":0},"classes":[]}],"_links":{"self":[{"href":"https:\/\/www.achimbrueckner.de\/dxradio\/php\/wordpress\/index.php?rest_route=\/wp\/v2\/posts\/199","targetHints":{"allow":["GET"]}}],"collection":[{"href":"https:\/\/www.achimbrueckner.de\/dxradio\/php\/wordpress\/index.php?rest_route=\/wp\/v2\/posts"}],"about":[{"href":"https:\/\/www.achimbrueckner.de\/dxradio\/php\/wordpress\/index.php?rest_route=\/wp\/v2\/types\/post"}],"author":[{"embeddable":true,"href":"https:\/\/www.achimbrueckner.de\/dxradio\/php\/wordpress\/index.php?rest_route=\/wp\/v2\/users\/1"}],"replies":[{"embeddable":true,"href":"https:\/\/www.achimbrueckner.de\/dxradio\/php\/wordpress\/index.php?rest_route=%2Fwp%2Fv2%2Fcomments&post=199"}],"version-history":[{"count":0,"href":"https:\/\/www.achimbrueckner.de\/dxradio\/php\/wordpress\/index.php?rest_route=\/wp\/v2\/posts\/199\/revisions"}],"wp:attachment":[{"href":"https:\/\/www.achimbrueckner.de\/dxradio\/php\/wordpress\/index.php?rest_route=%2Fwp%2Fv2%2Fmedia&parent=199"}],"wp:term":[{"taxonomy":"category","embeddable":true,"href":"https:\/\/www.achimbrueckner.de\/dxradio\/php\/wordpress\/index.php?rest_route=%2Fwp%2Fv2%2Fcategories&post=199"},{"taxonomy":"post_tag","embeddable":true,"href":"https:\/\/www.achimbrueckner.de\/dxradio\/php\/wordpress\/index.php?rest_route=%2Fwp%2Fv2%2Ftags&post=199"}],"curies":[{"name":"wp","href":"https:\/\/api.w.org\/{rel}","templated":true}]}}