{"id":20063,"date":"2018-11-17T20:02:31","date_gmt":"2018-11-17T20:02:31","guid":{"rendered":"https:\/\/www.achimbrueckner.de\/dxradio\/php\/wordpress\/?p=20063"},"modified":"2018-11-17T20:02:31","modified_gmt":"2018-11-17T20:02:31","slug":"tkg-neu-was-andert-sich-fur-den-amateurfunkdienst","status":"publish","type":"post","link":"https:\/\/www.achimbrueckner.de\/dxradio\/php\/wordpress\/?p=20063","title":{"rendered":"TKG neu: was \u00e4ndert sich f\u00fcr den Amateurfunkdienst?"},"content":{"rendered":"<p><a href=\"https:\/\/www.oevsv.at\/oevsv\/aktuelles\/TKG-neu-was-aendert-sich-fuer-den-Amateurfunkdienst\" rel=\"noopener\" target=\"_blank\">https:\/\/www.oevsv.at\/oevsv\/aktuelles\/TKG-neu-was-aendert-sich-fuer-den-Amateurfunkdienst<\/a><\/p>\n","protected":false},"excerpt":{"rendered":"<p>https:\/\/www.oevsv.at\/oevsv\/aktuelles\/TKG-neu-was-aendert-sich-fuer-den-Amateurfunkdienst<\/p>\n","protected":false},"author":1,"featured_media":0,"comment_status":"closed","ping_status":"open","sticky":false,"template":"","format":"standard","meta":{"_jetpack_memberships_contains_paid_content":false,"footnotes":"","jetpack_publicize_message":"","jetpack_publicize_feature_enabled":true,"jetpack_social_post_already_shared":true,"jetpack_social_options":{"image_generator_settings":{"template":"highway","default_image_id":0,"font":"","enabled":false},"version":2}},"categories":[1],"tags":[24],"class_list":["post-20063","post","type-post","status-publish","format-standard","hentry","category-deutsch","tag-am"],"jetpack_publicize_connections":[],"jetpack_featured_media_url":"","jetpack_sharing_enabled":true,"jetpack_shortlink":"https:\/\/wp.me\/p5CDmr-5dB","jetpack-related-posts":[{"id":15962,"url":"https:\/\/www.achimbrueckner.de\/dxradio\/php\/wordpress\/?p=15962","url_meta":{"origin":20063,"position":0},"title":"Neue Duldungsregelungen f\u00fcr den Amateurfunkdienst in Deutschland","author":"Administrator","date":"December 19, 2017","format":false,"excerpt":"https:\/\/www.hamspirit.de\/8992\/neue-duldungsregelungen-fuer-den-amateurfunkdienst-in-deutschland\/","rel":"","context":"In &quot;Deutsch&quot;","block_context":{"text":"Deutsch","link":"https:\/\/www.achimbrueckner.de\/dxradio\/php\/wordpress\/?cat=1"},"img":{"alt_text":"","src":"","width":0,"height":0},"classes":[]},{"id":18639,"url":"https:\/\/www.achimbrueckner.de\/dxradio\/php\/wordpress\/?p=18639","url_meta":{"origin":20063,"position":1},"title":"Amateurfunkdienst steht vor einer Neuregulierung","author":"Administrator","date":"July 30, 2018","format":false,"excerpt":"https:\/\/futurezone.at\/netzpolitik\/amateurfunkdienst-steht-vor-einer-neuregulierung\/400071119","rel":"","context":"In &quot;Deutsch&quot;","block_context":{"text":"Deutsch","link":"https:\/\/www.achimbrueckner.de\/dxradio\/php\/wordpress\/?cat=1"},"img":{"alt_text":"","src":"","width":0,"height":0},"classes":[]},{"id":16389,"url":"https:\/\/www.achimbrueckner.de\/dxradio\/php\/wordpress\/?p=16389","url_meta":{"origin":20063,"position":2},"title":"NASA berichtet \u00fcber Amateurfunkdienst","author":"Administrator","date":"February 7, 2018","format":false,"excerpt":"http:\/\/www.funkamateur.de\/nachrichtendetails\/items\/NASA-ARISS.html","rel":"","context":"In &quot;Deutsch&quot;","block_context":{"text":"Deutsch","link":"https:\/\/www.achimbrueckner.de\/dxradio\/php\/wordpress\/?cat=1"},"img":{"alt_text":"","src":"","width":0,"height":0},"classes":[]},{"id":1423,"url":"https:\/\/www.achimbrueckner.de\/dxradio\/php\/wordpress\/?p=1423","url_meta":{"origin":20063,"position":3},"title":"TKG-Novelle: Keine DAB-Pflicht f\u00fcr Radio-Empf\u00e4nger","author":"Administrator","date":"March 24, 2011","format":false,"excerpt":"TKG-Novelle: Keine DAB-Pflicht f\u00fcr Radio-Empf\u00e4nger http:\/\/www.teltarif.de\/tkg-novelle-radio-keine-dab-pflicht\/news\/42127.html","rel":"","context":"In &quot;Deutsch&quot;","block_context":{"text":"Deutsch","link":"https:\/\/www.achimbrueckner.de\/dxradio\/php\/wordpress\/?cat=1"},"img":{"alt_text":"","src":"","width":0,"height":0},"classes":[]},{"id":25410,"url":"https:\/\/www.achimbrueckner.de\/dxradio\/php\/wordpress\/?p=25410","url_meta":{"origin":20063,"position":4},"title":"Digitalradio-Pflicht: Bundestag beschlie\u00dft TKG-Novelle (Update)","author":"Administrator","date":"October 21, 2019","format":false,"excerpt":"https:\/\/www.teltarif.de\/dab-plus-digitalradio-pflicht-tkg-novelle\/news\/78385.html","rel":"","context":"In &quot;Deutsch&quot;","block_context":{"text":"Deutsch","link":"https:\/\/www.achimbrueckner.de\/dxradio\/php\/wordpress\/?cat=1"},"img":{"alt_text":"","src":"","width":0,"height":0},"classes":[]},{"id":32545,"url":"https:\/\/www.achimbrueckner.de\/dxradio\/php\/wordpress\/?p=32545","url_meta":{"origin":20063,"position":5},"title":"TKG-Novelle: Recht auf schnelles Internet und Glasfaserumlage stehen","author":"Administrator","date":"April 22, 2021","format":false,"excerpt":"https:\/\/www.heise.de\/news\/TKG-Novelle-Recht-auf-schnelles-Internet-und-Glasfaserumlage-stehen-6022396.html","rel":"","context":"In &quot;Deutsch&quot;","block_context":{"text":"Deutsch","link":"https:\/\/www.achimbrueckner.de\/dxradio\/php\/wordpress\/?cat=1"},"img":{"alt_text":"","src":"","width":0,"height":0},"classes":[]}],"_links":{"self":[{"href":"https:\/\/www.achimbrueckner.de\/dxradio\/php\/wordpress\/index.php?rest_route=\/wp\/v2\/posts\/20063","targetHints":{"allow":["GET"]}}],"collection":[{"href":"https:\/\/www.achimbrueckner.de\/dxradio\/php\/wordpress\/index.php?rest_route=\/wp\/v2\/posts"}],"about":[{"href":"https:\/\/www.achimbrueckner.de\/dxradio\/php\/wordpress\/index.php?rest_route=\/wp\/v2\/types\/post"}],"author":[{"embeddable":true,"href":"https:\/\/www.achimbrueckner.de\/dxradio\/php\/wordpress\/index.php?rest_route=\/wp\/v2\/users\/1"}],"replies":[{"embeddable":true,"href":"https:\/\/www.achimbrueckner.de\/dxradio\/php\/wordpress\/index.php?rest_route=%2Fwp%2Fv2%2Fcomments&post=20063"}],"version-history":[{"count":0,"href":"https:\/\/www.achimbrueckner.de\/dxradio\/php\/wordpress\/index.php?rest_route=\/wp\/v2\/posts\/20063\/revisions"}],"wp:attachment":[{"href":"https:\/\/www.achimbrueckner.de\/dxradio\/php\/wordpress\/index.php?rest_route=%2Fwp%2Fv2%2Fmedia&parent=20063"}],"wp:term":[{"taxonomy":"category","embeddable":true,"href":"https:\/\/www.achimbrueckner.de\/dxradio\/php\/wordpress\/index.php?rest_route=%2Fwp%2Fv2%2Fcategories&post=20063"},{"taxonomy":"post_tag","embeddable":true,"href":"https:\/\/www.achimbrueckner.de\/dxradio\/php\/wordpress\/index.php?rest_route=%2Fwp%2Fv2%2Ftags&post=20063"}],"curies":[{"name":"wp","href":"https:\/\/api.w.org\/{rel}","templated":true}]}}