{"id":20067,"date":"2018-11-17T20:07:21","date_gmt":"2018-11-17T20:07:21","guid":{"rendered":"https:\/\/www.achimbrueckner.de\/dxradio\/php\/wordpress\/?p=20067"},"modified":"2018-11-17T20:07:21","modified_gmt":"2018-11-17T20:07:21","slug":"heike-raab-begrust-regelungen-zur-interoperabilitat-von-radiogeraten","status":"publish","type":"post","link":"https:\/\/www.achimbrueckner.de\/dxradio\/php\/wordpress\/?p=20067","title":{"rendered":"Heike Raab begr\u00fc\u00dft Regelungen zur Interoperabilit\u00e4t von Radioger\u00e4ten"},"content":{"rendered":"<p><a href=\"https:\/\/www.infosat.de\/technik\/heike-raab-begr-t-regelungen-zur-interoperabilit-t-von-radioger-ten\" rel=\"noopener\" target=\"_blank\">https:\/\/www.infosat.de\/technik\/heike-raab-begr-t-regelungen-zur-interoperabilit-t-von-radioger-ten<\/a><\/p>\n","protected":false},"excerpt":{"rendered":"<p>https:\/\/www.infosat.de\/technik\/heike-raab-begr-t-regelungen-zur-interoperabilit-t-von-radioger-ten<\/p>\n","protected":false},"author":1,"featured_media":0,"comment_status":"closed","ping_status":"open","sticky":false,"template":"","format":"standard","meta":{"_jetpack_memberships_contains_paid_content":false,"footnotes":"","jetpack_publicize_message":"","jetpack_publicize_feature_enabled":true,"jetpack_social_post_already_shared":true,"jetpack_social_options":{"image_generator_settings":{"template":"highway","default_image_id":0,"font":"","enabled":false},"version":2}},"categories":[1],"tags":[],"class_list":["post-20067","post","type-post","status-publish","format-standard","hentry","category-deutsch"],"jetpack_publicize_connections":[],"jetpack_featured_media_url":"","jetpack_sharing_enabled":true,"jetpack_shortlink":"https:\/\/wp.me\/p5CDmr-5dF","jetpack-related-posts":[{"id":18644,"url":"https:\/\/www.achimbrueckner.de\/dxradio\/php\/wordpress\/?p=18644","url_meta":{"origin":20067,"position":0},"title":"Heike Raab und Carsten Brosda leiten die SPD\u2011Medienkommission","author":"Administrator","date":"July 31, 2018","format":false,"excerpt":"https:\/\/www.medienkorrespondenz.de\/politik\/artikel\/heike-raab-und-carsten-brosda-leiten-spd-medienkommission.html","rel":"","context":"In &quot;Deutsch&quot;","block_context":{"text":"Deutsch","link":"https:\/\/www.achimbrueckner.de\/dxradio\/php\/wordpress\/?cat=1"},"img":{"alt_text":"","src":"","width":0,"height":0},"classes":[]},{"id":18327,"url":"https:\/\/www.achimbrueckner.de\/dxradio\/php\/wordpress\/?p=18327","url_meta":{"origin":20067,"position":1},"title":"Senderbetrieb Heike Raab f\u00fcr eine \u00c4nderung des TKG","author":"Administrator","date":"June 21, 2018","format":false,"excerpt":"https:\/\/www.privatfunk.de\/r18\/10188.html","rel":"","context":"In &quot;Deutsch&quot;","block_context":{"text":"Deutsch","link":"https:\/\/www.achimbrueckner.de\/dxradio\/php\/wordpress\/?cat=1"},"img":{"alt_text":"","src":"","width":0,"height":0},"classes":[]},{"id":18888,"url":"https:\/\/www.achimbrueckner.de\/dxradio\/php\/wordpress\/?p=18888","url_meta":{"origin":20067,"position":2},"title":"Staatssekret\u00e4rin Raab: \u201eLokale und regionale Medien leisten einen besonderen Beitrag zur Meinungsvielfalt","author":"Administrator","date":"August 23, 2018","format":false,"excerpt":"https:\/\/www.rlp.de\/de\/aktuelles\/einzelansicht\/news\/detail\/News\/staatssekretaerin-raab-lokale-und-regionale-medien-leisten-einen-besonderen-beitrag-zur-meinungsvie\/","rel":"","context":"In &quot;Deutsch&quot;","block_context":{"text":"Deutsch","link":"https:\/\/www.achimbrueckner.de\/dxradio\/php\/wordpress\/?cat=1"},"img":{"alt_text":"","src":"","width":0,"height":0},"classes":[]},{"id":18836,"url":"https:\/\/www.achimbrueckner.de\/dxradio\/php\/wordpress\/?p=18836","url_meta":{"origin":20067,"position":3},"title":"Z\u00fcgige Fortentwicklung der Regelungen zur Interoperabilit\u00e4t digitaler Empfangsger\u00e4te gefordert","author":"Administrator","date":"August 18, 2018","format":false,"excerpt":"http:\/\/www.radiowoche.de\/zuegige-fortentwicklung-der-regelungen-zur-interoperabilitaet-digitaler-empfangsgeraete-gefordert\/","rel":"","context":"In &quot;Deutsch&quot;","block_context":{"text":"Deutsch","link":"https:\/\/www.achimbrueckner.de\/dxradio\/php\/wordpress\/?cat=1"},"img":{"alt_text":"","src":"","width":0,"height":0},"classes":[]},{"id":13155,"url":"https:\/\/www.achimbrueckner.de\/dxradio\/php\/wordpress\/?p=13155","url_meta":{"origin":20067,"position":4},"title":"Heike Verheggen: \u201eRadio n\u00e4her an die Menschen bringen\u201c","author":"Administrator","date":"May 12, 2017","format":false,"excerpt":"http:\/\/www.grenzecho.net\/politik\/ostbelgien\/heike-verheggen-radio-naeher-an-die-menschen-bringen","rel":"","context":"In &quot;Deutsch&quot;","block_context":{"text":"Deutsch","link":"https:\/\/www.achimbrueckner.de\/dxradio\/php\/wordpress\/?cat=1"},"img":{"alt_text":"","src":"","width":0,"height":0},"classes":[]},{"id":12425,"url":"https:\/\/www.achimbrueckner.de\/dxradio\/php\/wordpress\/?p=12425","url_meta":{"origin":20067,"position":5},"title":"Moderatorin Heike Verheggen wechselt vom BRF zu Radio Contact","author":"Administrator","date":"March 8, 2017","format":false,"excerpt":"http:\/\/ostbelgiendirekt.be\/moderatorin-heike-verheggen-wechselt-vom-brf-zu-radio-contact-125526","rel":"","context":"In &quot;Deutsch&quot;","block_context":{"text":"Deutsch","link":"https:\/\/www.achimbrueckner.de\/dxradio\/php\/wordpress\/?cat=1"},"img":{"alt_text":"","src":"","width":0,"height":0},"classes":[]}],"_links":{"self":[{"href":"https:\/\/www.achimbrueckner.de\/dxradio\/php\/wordpress\/index.php?rest_route=\/wp\/v2\/posts\/20067","targetHints":{"allow":["GET"]}}],"collection":[{"href":"https:\/\/www.achimbrueckner.de\/dxradio\/php\/wordpress\/index.php?rest_route=\/wp\/v2\/posts"}],"about":[{"href":"https:\/\/www.achimbrueckner.de\/dxradio\/php\/wordpress\/index.php?rest_route=\/wp\/v2\/types\/post"}],"author":[{"embeddable":true,"href":"https:\/\/www.achimbrueckner.de\/dxradio\/php\/wordpress\/index.php?rest_route=\/wp\/v2\/users\/1"}],"replies":[{"embeddable":true,"href":"https:\/\/www.achimbrueckner.de\/dxradio\/php\/wordpress\/index.php?rest_route=%2Fwp%2Fv2%2Fcomments&post=20067"}],"version-history":[{"count":0,"href":"https:\/\/www.achimbrueckner.de\/dxradio\/php\/wordpress\/index.php?rest_route=\/wp\/v2\/posts\/20067\/revisions"}],"wp:attachment":[{"href":"https:\/\/www.achimbrueckner.de\/dxradio\/php\/wordpress\/index.php?rest_route=%2Fwp%2Fv2%2Fmedia&parent=20067"}],"wp:term":[{"taxonomy":"category","embeddable":true,"href":"https:\/\/www.achimbrueckner.de\/dxradio\/php\/wordpress\/index.php?rest_route=%2Fwp%2Fv2%2Fcategories&post=20067"},{"taxonomy":"post_tag","embeddable":true,"href":"https:\/\/www.achimbrueckner.de\/dxradio\/php\/wordpress\/index.php?rest_route=%2Fwp%2Fv2%2Ftags&post=20067"}],"curies":[{"name":"wp","href":"https:\/\/api.w.org\/{rel}","templated":true}]}}