{"id":20078,"date":"2018-11-18T14:40:19","date_gmt":"2018-11-18T14:40:19","guid":{"rendered":"https:\/\/www.achimbrueckner.de\/dxradio\/php\/wordpress\/?p=20078"},"modified":"2018-11-18T14:40:19","modified_gmt":"2018-11-18T14:40:19","slug":"senderstandorte-auf-den-florida-keys","status":"publish","type":"post","link":"https:\/\/www.achimbrueckner.de\/dxradio\/php\/wordpress\/?p=20078","title":{"rendered":"Senderstandorte auf den Florida Keys"},"content":{"rendered":"<p><a href=\"https:\/\/www.smartphonefan.de\/2018\/11\/18\/senderstandorte-auf-den-florida-keys\/?fbclid=IwAR1tMC-vlqeyBz5rGJfNdGknAwy7K8y1HtE9E9cf7YPpU51lTedglizHVjw\" rel=\"noopener\" target=\"_blank\">https:\/\/www.smartphonefan.de\/2018\/11\/18\/senderstandorte-auf-den-florida-keys\/<\/a><\/p>\n","protected":false},"excerpt":{"rendered":"<p>https:\/\/www.smartphonefan.de\/2018\/11\/18\/senderstandorte-auf-den-florida-keys\/<\/p>\n","protected":false},"author":1,"featured_media":0,"comment_status":"closed","ping_status":"open","sticky":false,"template":"","format":"standard","meta":{"_jetpack_memberships_contains_paid_content":false,"footnotes":"","jetpack_publicize_message":"","jetpack_publicize_feature_enabled":true,"jetpack_social_post_already_shared":true,"jetpack_social_options":{"image_generator_settings":{"template":"highway","default_image_id":0,"font":"","enabled":false},"version":2}},"categories":[1],"tags":[],"class_list":["post-20078","post","type-post","status-publish","format-standard","hentry","category-deutsch"],"jetpack_publicize_connections":[],"jetpack_featured_media_url":"","jetpack_sharing_enabled":true,"jetpack_shortlink":"https:\/\/wp.me\/p5CDmr-5dQ","jetpack-related-posts":[{"id":19809,"url":"https:\/\/www.achimbrueckner.de\/dxradio\/php\/wordpress\/?p=19809","url_meta":{"origin":20078,"position":0},"title":"US1 Radio &#038; mehr: Besuch bei Florida Keys Media","author":"Administrator","date":"October 28, 2018","format":false,"excerpt":"https:\/\/www.smartphonefan.de\/2018\/10\/28\/us1-radio-mehr-besuch-bei-florida-keys-media\/","rel":"","context":"In &quot;Deutsch&quot;","block_context":{"text":"Deutsch","link":"https:\/\/www.achimbrueckner.de\/dxradio\/php\/wordpress\/?cat=1"},"img":{"alt_text":"","src":"","width":0,"height":0},"classes":[]},{"id":40850,"url":"https:\/\/www.achimbrueckner.de\/dxradio\/php\/wordpress\/?p=40850","url_meta":{"origin":20078,"position":1},"title":"Florida Keys Media gibt Gesch\u00e4ftst\u00e4tigkeit auf: Sieben Radiostationen verkauft","author":"Administrator","date":"January 25, 2024","format":false,"excerpt":"https:\/\/www.radioblog.eu\/2024\/01\/25\/florida-keys-media-gibt-geschaeftstaetigkeit-auf-sieben-radiostationen-verkauft\/","rel":"","context":"In &quot;Deutsch&quot;","block_context":{"text":"Deutsch","link":"https:\/\/www.achimbrueckner.de\/dxradio\/php\/wordpress\/?cat=1"},"img":{"alt_text":"","src":"","width":0,"height":0},"classes":[]},{"id":30106,"url":"https:\/\/www.achimbrueckner.de\/dxradio\/php\/wordpress\/?p=30106","url_meta":{"origin":20078,"position":2},"title":"Media Broadcast gibt Senderstandorte f\u00fcr den 2. DAB+ Bundesmux bekannt","author":"Administrator","date":"September 17, 2020","format":false,"excerpt":"https:\/\/www.radiowoche.de\/media-broadcast-gibt-senderstandorte-fuer-den-2-dab-bundesmux-bekannt\/","rel":"","context":"In &quot;Deutsch&quot;","block_context":{"text":"Deutsch","link":"https:\/\/www.achimbrueckner.de\/dxradio\/php\/wordpress\/?cat=1"},"img":{"alt_text":"","src":"","width":0,"height":0},"classes":[]},{"id":29717,"url":"https:\/\/www.achimbrueckner.de\/dxradio\/php\/wordpress\/?p=29717","url_meta":{"origin":20078,"position":3},"title":"Brocken und Torfhaus als Senderstandorte","author":"Administrator","date":"August 9, 2020","format":false,"excerpt":"https:\/\/www.smartphonefan.de\/2020\/08\/08\/brocken-und-torfhaus-als-senderstandorte\/","rel":"","context":"In &quot;Deutsch&quot;","block_context":{"text":"Deutsch","link":"https:\/\/www.achimbrueckner.de\/dxradio\/php\/wordpress\/?cat=1"},"img":{"alt_text":"","src":"","width":0,"height":0},"classes":[]},{"id":20030,"url":"https:\/\/www.achimbrueckner.de\/dxradio\/php\/wordpress\/?p=20030","url_meta":{"origin":20078,"position":4},"title":"Von den Niederlanden bis zur Oberpfalz: \u00dcberreichweiten auf DAB+","author":"Administrator","date":"November 15, 2018","format":false,"excerpt":"https:\/\/www.smartphonefan.de\/2018\/11\/15\/von-den-niederlanden-bis-in-die-oberpfalz-ueberreichweiten-auf-dab\/","rel":"","context":"In &quot;Deutsch&quot;","block_context":{"text":"Deutsch","link":"https:\/\/www.achimbrueckner.de\/dxradio\/php\/wordpress\/?cat=1"},"img":{"alt_text":"","src":"","width":0,"height":0},"classes":[]},{"id":164,"url":"https:\/\/www.achimbrueckner.de\/dxradio\/php\/wordpress\/?p=164","url_meta":{"origin":20078,"position":5},"title":"Neue Senderstandorte f\u00fcr Radio Polonia","author":"Administrator","date":"October 26, 2006","format":false,"excerpt":"Neue Senderstandorte f\u00fcr Radio Polonia Polskie Radio hat die Kurzwellenverbreitung seines Auslandsdienstes Radio Polonia auf dem Wege einer Ausschreibung an T-Systems vergeben, nachdem der polnische Senderbetreiber Emitel seit Jahren keine qualit\u00e4tsgerechten Ausstrahlungen mehr gew\u00e4hrleisten konnte. T-Systems wird die \u00dcbertragung der Programme von Radio Polonia mit dem Beginn der Winterzeit am\u2026","rel":"","context":"In &quot;Empfang&quot;","block_context":{"text":"Empfang","link":"https:\/\/www.achimbrueckner.de\/dxradio\/php\/wordpress\/?cat=3"},"img":{"alt_text":"","src":"","width":0,"height":0},"classes":[]}],"_links":{"self":[{"href":"https:\/\/www.achimbrueckner.de\/dxradio\/php\/wordpress\/index.php?rest_route=\/wp\/v2\/posts\/20078","targetHints":{"allow":["GET"]}}],"collection":[{"href":"https:\/\/www.achimbrueckner.de\/dxradio\/php\/wordpress\/index.php?rest_route=\/wp\/v2\/posts"}],"about":[{"href":"https:\/\/www.achimbrueckner.de\/dxradio\/php\/wordpress\/index.php?rest_route=\/wp\/v2\/types\/post"}],"author":[{"embeddable":true,"href":"https:\/\/www.achimbrueckner.de\/dxradio\/php\/wordpress\/index.php?rest_route=\/wp\/v2\/users\/1"}],"replies":[{"embeddable":true,"href":"https:\/\/www.achimbrueckner.de\/dxradio\/php\/wordpress\/index.php?rest_route=%2Fwp%2Fv2%2Fcomments&post=20078"}],"version-history":[{"count":0,"href":"https:\/\/www.achimbrueckner.de\/dxradio\/php\/wordpress\/index.php?rest_route=\/wp\/v2\/posts\/20078\/revisions"}],"wp:attachment":[{"href":"https:\/\/www.achimbrueckner.de\/dxradio\/php\/wordpress\/index.php?rest_route=%2Fwp%2Fv2%2Fmedia&parent=20078"}],"wp:term":[{"taxonomy":"category","embeddable":true,"href":"https:\/\/www.achimbrueckner.de\/dxradio\/php\/wordpress\/index.php?rest_route=%2Fwp%2Fv2%2Fcategories&post=20078"},{"taxonomy":"post_tag","embeddable":true,"href":"https:\/\/www.achimbrueckner.de\/dxradio\/php\/wordpress\/index.php?rest_route=%2Fwp%2Fv2%2Ftags&post=20078"}],"curies":[{"name":"wp","href":"https:\/\/api.w.org\/{rel}","templated":true}]}}