{"id":20250,"date":"2018-12-03T18:19:44","date_gmt":"2018-12-03T18:19:44","guid":{"rendered":"https:\/\/www.achimbrueckner.de\/dxradio\/php\/wordpress\/?p=20250"},"modified":"2018-12-03T18:19:44","modified_gmt":"2018-12-03T18:19:44","slug":"mutiger-einsatz-fur-presse-und-meinungsfreiheit","status":"publish","type":"post","link":"https:\/\/www.achimbrueckner.de\/dxradio\/php\/wordpress\/?p=20250","title":{"rendered":"Mutiger Einsatz f\u00fcr Presse- und Meinungsfreiheit"},"content":{"rendered":"<p><a href=\"https:\/\/www.stuttgarter-nachrichten.de\/inhalt.johann-philipp-palm-preis-verliehen-mutiger-einsatz-fuer-presse-und-meinungsfreiheit.b0be0e9e-f90d-4bb2-8d00-08544c3f9768.html\" rel=\"noopener\" target=\"_blank\">https:\/\/www.stuttgarter-nachrichten.de\/inhalt.johann-philipp-palm-preis-verliehen-mutiger-einsatz-fuer-presse-und-meinungsfreiheit.b0be0e9e-f90d-4bb2-8d00-08544c3f9768.html<\/a><\/p>\n","protected":false},"excerpt":{"rendered":"<p>https:\/\/www.stuttgarter-nachrichten.de\/inhalt.johann-philipp-palm-preis-verliehen-mutiger-einsatz-fuer-presse-und-meinungsfreiheit.b0be0e9e-f90d-4bb2-8d00-08544c3f9768.html<\/p>\n","protected":false},"author":1,"featured_media":0,"comment_status":"closed","ping_status":"open","sticky":false,"template":"","format":"standard","meta":{"_jetpack_memberships_contains_paid_content":false,"footnotes":"","jetpack_publicize_message":"","jetpack_publicize_feature_enabled":true,"jetpack_social_post_already_shared":true,"jetpack_social_options":{"image_generator_settings":{"template":"highway","default_image_id":0,"font":"","enabled":false},"version":2}},"categories":[1],"tags":[],"class_list":["post-20250","post","type-post","status-publish","format-standard","hentry","category-deutsch"],"jetpack_publicize_connections":[],"jetpack_featured_media_url":"","jetpack_sharing_enabled":true,"jetpack_shortlink":"https:\/\/wp.me\/p5CDmr-5gC","jetpack-related-posts":[{"id":43930,"url":"https:\/\/www.achimbrueckner.de\/dxradio\/php\/wordpress\/?p=43930","url_meta":{"origin":20250,"position":0},"title":"Bob Murawka: \u201eWir m\u00fcssen selektiver und mutiger sein\u201c","author":"Administrator","date":"October 2, 2025","format":false,"excerpt":"https:\/\/www.radioszene.de\/206638\/bob-murawka-interview-2025.html","rel":"","context":"In &quot;Deutsch&quot;","block_context":{"text":"Deutsch","link":"https:\/\/www.achimbrueckner.de\/dxradio\/php\/wordpress\/?cat=1"},"img":{"alt_text":"","src":"","width":0,"height":0},"classes":[]},{"id":477,"url":"https:\/\/www.achimbrueckner.de\/dxradio\/php\/wordpress\/?p=477","url_meta":{"origin":20250,"position":1},"title":"N24 Doku: Job am Limit: Einsatz auf der Riesenantenne","author":"Administrator","date":"July 26, 2009","format":false,"excerpt":"Mo 27.07.2009 20:06-21:00 Uhr auf N24 Doku: Job am Limit: Einsatz auf der Riesenantenne Als Industriekletterer hat Sean Riley schon die erstaunlichsten Bauwerke erklommen - doch dieser Einsatz treibt selbst ihn noch an seine Grenzen. Wie eine riesige Nadel sticht der Antennenmast gut 600 Meter hoch in den Himmel \u00fcber\u2026","rel":"","context":"In &quot;Deutsch&quot;","block_context":{"text":"Deutsch","link":"https:\/\/www.achimbrueckner.de\/dxradio\/php\/wordpress\/?cat=1"},"img":{"alt_text":"","src":"","width":0,"height":0},"classes":[]},{"id":33717,"url":"https:\/\/www.achimbrueckner.de\/dxradio\/php\/wordpress\/?p=33717","url_meta":{"origin":20250,"position":2},"title":"S\u00e4chsische Landesmedienanstalt schreibt landesweite, regionale und lokale DAB+-\u00dcbertragungskapazit\u00e4ten in Sachsen aus","author":"Administrator","date":"October 6, 2021","format":false,"excerpt":"https:\/\/www.slm-online.de\/presse-und-infothek\/presse\/meldung\/saechsische-landesmedienanstalt-schreibt-landesweite-regionale-und-lokale-dab-uebertragungskapazitaeten-in-sachsen-aus\/","rel":"","context":"In &quot;Deutsch&quot;","block_context":{"text":"Deutsch","link":"https:\/\/www.achimbrueckner.de\/dxradio\/php\/wordpress\/?cat=1"},"img":{"alt_text":"","src":"","width":0,"height":0},"classes":[]},{"id":23154,"url":"https:\/\/www.achimbrueckner.de\/dxradio\/php\/wordpress\/?p=23154","url_meta":{"origin":20250,"position":3},"title":"Hip-Hop und Medien Bei schlechter Presse kommt der Anwalt?","author":"Administrator","date":"May 19, 2019","format":false,"excerpt":"https:\/\/www.deutschlandfunkkultur.de\/hip-hop-und-medien-bei-schlechter-presse-kommt-der-anwalt.1264.de.html?dram:article_id=449117","rel":"","context":"In &quot;Deutsch&quot;","block_context":{"text":"Deutsch","link":"https:\/\/www.achimbrueckner.de\/dxradio\/php\/wordpress\/?cat=1"},"img":{"alt_text":"","src":"","width":0,"height":0},"classes":[]},{"id":11463,"url":"https:\/\/www.achimbrueckner.de\/dxradio\/php\/wordpress\/?p=11463","url_meta":{"origin":20250,"position":4},"title":"Wie sich die Debatte um Fake News zum Problem f\u00fcr Presse- und Meinungsfreiheit entwickelt","author":"Administrator","date":"December 20, 2016","format":false,"excerpt":"https:\/\/netzpolitik.org\/2016\/wie-sich-die-debatte-um-fake-news-zum-problem-fuer-presse-und-meinungsfreiheit-entwickelt\/","rel":"","context":"In &quot;Deutsch&quot;","block_context":{"text":"Deutsch","link":"https:\/\/www.achimbrueckner.de\/dxradio\/php\/wordpress\/?cat=1"},"img":{"alt_text":"","src":"","width":0,"height":0},"classes":[]},{"id":8075,"url":"https:\/\/www.achimbrueckner.de\/dxradio\/php\/wordpress\/?p=8075","url_meta":{"origin":20250,"position":5},"title":"M\u00dcHLACKER Spektakul\u00e4rer Einsatz am Sendemast","author":"Administrator","date":"April 20, 2016","format":false,"excerpt":"http:\/\/muehlacker-tagblatt.de\/region-muehlacker\/muehlacker\/spektakulaerer-einsatz-am-sendemast\/","rel":"","context":"In &quot;Deutsch&quot;","block_context":{"text":"Deutsch","link":"https:\/\/www.achimbrueckner.de\/dxradio\/php\/wordpress\/?cat=1"},"img":{"alt_text":"","src":"","width":0,"height":0},"classes":[]}],"_links":{"self":[{"href":"https:\/\/www.achimbrueckner.de\/dxradio\/php\/wordpress\/index.php?rest_route=\/wp\/v2\/posts\/20250","targetHints":{"allow":["GET"]}}],"collection":[{"href":"https:\/\/www.achimbrueckner.de\/dxradio\/php\/wordpress\/index.php?rest_route=\/wp\/v2\/posts"}],"about":[{"href":"https:\/\/www.achimbrueckner.de\/dxradio\/php\/wordpress\/index.php?rest_route=\/wp\/v2\/types\/post"}],"author":[{"embeddable":true,"href":"https:\/\/www.achimbrueckner.de\/dxradio\/php\/wordpress\/index.php?rest_route=\/wp\/v2\/users\/1"}],"replies":[{"embeddable":true,"href":"https:\/\/www.achimbrueckner.de\/dxradio\/php\/wordpress\/index.php?rest_route=%2Fwp%2Fv2%2Fcomments&post=20250"}],"version-history":[{"count":0,"href":"https:\/\/www.achimbrueckner.de\/dxradio\/php\/wordpress\/index.php?rest_route=\/wp\/v2\/posts\/20250\/revisions"}],"wp:attachment":[{"href":"https:\/\/www.achimbrueckner.de\/dxradio\/php\/wordpress\/index.php?rest_route=%2Fwp%2Fv2%2Fmedia&parent=20250"}],"wp:term":[{"taxonomy":"category","embeddable":true,"href":"https:\/\/www.achimbrueckner.de\/dxradio\/php\/wordpress\/index.php?rest_route=%2Fwp%2Fv2%2Fcategories&post=20250"},{"taxonomy":"post_tag","embeddable":true,"href":"https:\/\/www.achimbrueckner.de\/dxradio\/php\/wordpress\/index.php?rest_route=%2Fwp%2Fv2%2Ftags&post=20250"}],"curies":[{"name":"wp","href":"https:\/\/api.w.org\/{rel}","templated":true}]}}