{"id":20598,"date":"2018-12-28T16:16:20","date_gmt":"2018-12-28T16:16:20","guid":{"rendered":"https:\/\/www.achimbrueckner.de\/dxradio\/php\/wordpress\/?p=20598"},"modified":"2018-12-28T16:16:20","modified_gmt":"2018-12-28T16:16:20","slug":"zugang-zum-packet-radio-digipeater-auf-dem-chaos-communication-congress-via-internet","status":"publish","type":"post","link":"https:\/\/www.achimbrueckner.de\/dxradio\/php\/wordpress\/?p=20598","title":{"rendered":"Zugang zum Packet Radio Digipeater auf dem Chaos Communication Congress via Internet"},"content":{"rendered":"<p><a href=\"https:\/\/www.hamspirit.de\/10750\/zugang-zum-packet-radio-digipeater-auf-dem-chaos-communication-congress-via-internet\/\" rel=\"noopener\" target=\"_blank\">https:\/\/www.hamspirit.de\/10750\/zugang-zum-packet-radio-digipeater-auf-dem-chaos-communication-congress-via-internet\/<\/a><\/p>\n","protected":false},"excerpt":{"rendered":"<p>https:\/\/www.hamspirit.de\/10750\/zugang-zum-packet-radio-digipeater-auf-dem-chaos-communication-congress-via-internet\/<\/p>\n","protected":false},"author":1,"featured_media":0,"comment_status":"closed","ping_status":"open","sticky":false,"template":"","format":"standard","meta":{"_jetpack_memberships_contains_paid_content":false,"footnotes":"","jetpack_publicize_message":"","jetpack_publicize_feature_enabled":true,"jetpack_social_post_already_shared":true,"jetpack_social_options":{"image_generator_settings":{"template":"highway","default_image_id":0,"font":"","enabled":false},"version":2}},"categories":[1],"tags":[24],"class_list":["post-20598","post","type-post","status-publish","format-standard","hentry","category-deutsch","tag-am"],"jetpack_publicize_connections":[],"jetpack_featured_media_url":"","jetpack_sharing_enabled":true,"jetpack_shortlink":"https:\/\/wp.me\/p5CDmr-5me","jetpack-related-posts":[{"id":1296,"url":"https:\/\/www.achimbrueckner.de\/dxradio\/php\/wordpress\/?p=1296","url_meta":{"origin":20598,"position":0},"title":"Radio der Zukunft","author":"Administrator","date":"January 1, 2011","format":false,"excerpt":"Diskussion Radio der Zukunft auf dem Chaos Computer Club Kongress http:\/\/forum.mysnip.de\/read.php?8773,866343 Direkt-Link zum Video http:\/\/achtbaan.nikhef.nl\/27c3-stream\/releases\/mkv\/[4326]%20Radio%20der%20Zukunft\/","rel":"","context":"In &quot;Deutsch&quot;","block_context":{"text":"Deutsch","link":"https:\/\/www.achimbrueckner.de\/dxradio\/php\/wordpress\/?cat=1"},"img":{"alt_text":"","src":"","width":0,"height":0},"classes":[]},{"id":43373,"url":"https:\/\/www.achimbrueckner.de\/dxradio\/php\/wordpress\/?p=43373","url_meta":{"origin":20598,"position":1},"title":"laut.fm Ausfall Juli 2025","author":"Administrator","date":"July 23, 2025","format":false,"excerpt":"Liebe DJs, wie ihr mitbekommen habt, mussten wir am Montag den Zugang zum Radioadmin und zum Forum vor\u00fcbergehend schlie\u00dfen. Hintergrund war ein sicherheitsrelevanter Vorfall, der einer gr\u00fcndlichen Untersuchung bedurfte. Wir bitten, allf\u00e4llige Unannehmlichkeiten zu entschuldigen. Was wir bislang wissen ist, dass sich Unbefugte Zugang zu etwa 30 laut.fm-Stationen verschafft haben.\u2026","rel":"","context":"In &quot;Deutsch&quot;","block_context":{"text":"Deutsch","link":"https:\/\/www.achimbrueckner.de\/dxradio\/php\/wordpress\/?cat=1"},"img":{"alt_text":"","src":"","width":0,"height":0},"classes":[]},{"id":36460,"url":"https:\/\/www.achimbrueckner.de\/dxradio\/php\/wordpress\/?p=36460","url_meta":{"origin":20598,"position":2},"title":"Radio DARC 6070 Khz 5. Juni 2022","author":"Administrator","date":"June 4, 2022","format":false,"excerpt":"Die n\u00e4chste Sendung Nummer 381 von Radio DARC wird erstmals morgen, Sonntag um 11 Uhr auf Kurzwelle 6070 kHz von Moosbrunn mit 100 kW ausgesendet. Die Themen Es wird f\u00fcr die meisten Menschen auf dieser Welt immer schwieriger, an freie und unzensierte Information zu kommen. Nach Angaben der US-Denkfabrik \"Freedom\u2026","rel":"","context":"In &quot;Deutsch&quot;","block_context":{"text":"Deutsch","link":"https:\/\/www.achimbrueckner.de\/dxradio\/php\/wordpress\/?cat=1"},"img":{"alt_text":"","src":"","width":0,"height":0},"classes":[]},{"id":6630,"url":"https:\/\/www.achimbrueckner.de\/dxradio\/php\/wordpress\/?p=6630","url_meta":{"origin":20598,"position":3},"title":"Radio von \u00fcberall auf dem Erdball: Internet-Sender zum Nulltarif","author":"Administrator","date":"November 24, 2015","format":false,"excerpt":"http:\/\/www.rnz.de\/nachrichten_artikel,-Radio-von-ueberall-auf-dem-Erdball-Internet-Sender-zum-Nulltarif-_arid,144410.html","rel":"","context":"In &quot;Deutsch&quot;","block_context":{"text":"Deutsch","link":"https:\/\/www.achimbrueckner.de\/dxradio\/php\/wordpress\/?cat=1"},"img":{"alt_text":"","src":"","width":0,"height":0},"classes":[]},{"id":8870,"url":"https:\/\/www.achimbrueckner.de\/dxradio\/php\/wordpress\/?p=8870","url_meta":{"origin":20598,"position":4},"title":"Vortr\u00e4ge und Pr\u00e4sentationen der Ham Radio 2016","author":"Administrator","date":"July 18, 2016","format":false,"excerpt":"Das Dokumentationsarchiv Funk hat die wichtigsten Vortr\u00e4ge und Pr\u00e4sentationen der Ham Radio 2016 in Bild und Ton online gestellt. Zugang zum \u201eH\u00f6rsaal\u201c 2008-2016: www.dokufunk.org","rel":"","context":"In &quot;Deutsch&quot;","block_context":{"text":"Deutsch","link":"https:\/\/www.achimbrueckner.de\/dxradio\/php\/wordpress\/?cat=1"},"img":{"alt_text":"","src":"","width":0,"height":0},"classes":[]},{"id":3467,"url":"https:\/\/www.achimbrueckner.de\/dxradio\/php\/wordpress\/?p=3467","url_meta":{"origin":20598,"position":5},"title":"DokuFunk: Vortr\u00e4ge von der Ham Radio 2014","author":"Administrator","date":"August 29, 2014","format":false,"excerpt":"Das Dokumentationsarchiv Funk in Wien hat die ersten Vortr\u00e4ge von der Ham Radio 2014 in Friedrichshafen mit Bild und Ton auf seine Homepage gestellt: Yagi- und Quad- Antennen f\u00fcr den Kurzwellenamateur Martin Steyer, DK7ZB The Enigma and Others famous Cipher Machines Tom Perera, W1TP FT5ZM- Amsterdam Island DXpedition Ralph Fedor,\u2026","rel":"","context":"In &quot;camps&quot;","block_context":{"text":"camps","link":"https:\/\/www.achimbrueckner.de\/dxradio\/php\/wordpress\/?cat=5"},"img":{"alt_text":"","src":"","width":0,"height":0},"classes":[]}],"_links":{"self":[{"href":"https:\/\/www.achimbrueckner.de\/dxradio\/php\/wordpress\/index.php?rest_route=\/wp\/v2\/posts\/20598","targetHints":{"allow":["GET"]}}],"collection":[{"href":"https:\/\/www.achimbrueckner.de\/dxradio\/php\/wordpress\/index.php?rest_route=\/wp\/v2\/posts"}],"about":[{"href":"https:\/\/www.achimbrueckner.de\/dxradio\/php\/wordpress\/index.php?rest_route=\/wp\/v2\/types\/post"}],"author":[{"embeddable":true,"href":"https:\/\/www.achimbrueckner.de\/dxradio\/php\/wordpress\/index.php?rest_route=\/wp\/v2\/users\/1"}],"replies":[{"embeddable":true,"href":"https:\/\/www.achimbrueckner.de\/dxradio\/php\/wordpress\/index.php?rest_route=%2Fwp%2Fv2%2Fcomments&post=20598"}],"version-history":[{"count":0,"href":"https:\/\/www.achimbrueckner.de\/dxradio\/php\/wordpress\/index.php?rest_route=\/wp\/v2\/posts\/20598\/revisions"}],"wp:attachment":[{"href":"https:\/\/www.achimbrueckner.de\/dxradio\/php\/wordpress\/index.php?rest_route=%2Fwp%2Fv2%2Fmedia&parent=20598"}],"wp:term":[{"taxonomy":"category","embeddable":true,"href":"https:\/\/www.achimbrueckner.de\/dxradio\/php\/wordpress\/index.php?rest_route=%2Fwp%2Fv2%2Fcategories&post=20598"},{"taxonomy":"post_tag","embeddable":true,"href":"https:\/\/www.achimbrueckner.de\/dxradio\/php\/wordpress\/index.php?rest_route=%2Fwp%2Fv2%2Ftags&post=20598"}],"curies":[{"name":"wp","href":"https:\/\/api.w.org\/{rel}","templated":true}]}}