{"id":20599,"date":"2018-12-28T16:59:16","date_gmt":"2018-12-28T16:59:16","guid":{"rendered":"https:\/\/www.achimbrueckner.de\/dxradio\/php\/wordpress\/?p=20599"},"modified":"2018-12-28T16:59:16","modified_gmt":"2018-12-28T16:59:16","slug":"bakom-erklarvideo-zu-den-radio-und-fernsehabgaben-enthalt-fehler","status":"publish","type":"post","link":"https:\/\/www.achimbrueckner.de\/dxradio\/php\/wordpress\/?p=20599","title":{"rendered":"Bakom Erkl\u00e4rvideo zu den Radio- und Fernsehabgaben enth\u00e4lt Fehler"},"content":{"rendered":"<p><a href=\"https:\/\/www.persoenlich.com\/medien\/erklarvideo-zu-den-radio-und-fernsehabgaben-enthalt-fehler\" rel=\"noopener\" target=\"_blank\">https:\/\/www.persoenlich.com\/medien\/erklarvideo-zu-den-radio-und-fernsehabgaben-enthalt-fehler<\/a><\/p>\n","protected":false},"excerpt":{"rendered":"<p>https:\/\/www.persoenlich.com\/medien\/erklarvideo-zu-den-radio-und-fernsehabgaben-enthalt-fehler<\/p>\n","protected":false},"author":1,"featured_media":0,"comment_status":"closed","ping_status":"open","sticky":false,"template":"","format":"standard","meta":{"_jetpack_memberships_contains_paid_content":false,"footnotes":"","jetpack_publicize_message":"","jetpack_publicize_feature_enabled":true,"jetpack_social_post_already_shared":true,"jetpack_social_options":{"image_generator_settings":{"template":"highway","default_image_id":0,"font":"","enabled":false},"version":2}},"categories":[1,15],"tags":[45],"class_list":["post-20599","post","type-post","status-publish","format-standard","hentry","category-deutsch","category-medien","tag-medien"],"jetpack_publicize_connections":[],"jetpack_featured_media_url":"","jetpack_sharing_enabled":true,"jetpack_shortlink":"https:\/\/wp.me\/p5CDmr-5mf","jetpack-related-posts":[{"id":15440,"url":"https:\/\/www.achimbrueckner.de\/dxradio\/php\/wordpress\/?p=15440","url_meta":{"origin":20599,"position":0},"title":"\u00abNo Billag\u00bb enth\u00e4lt auch Antikes","author":"Administrator","date":"November 10, 2017","format":false,"excerpt":"https:\/\/www.nzz.ch\/feuilleton\/medien\/no-billag-enthaelt-auch-antikes-ld.1326920","rel":"","context":"In &quot;Deutsch&quot;","block_context":{"text":"Deutsch","link":"https:\/\/www.achimbrueckner.de\/dxradio\/php\/wordpress\/?cat=1"},"img":{"alt_text":"","src":"","width":0,"height":0},"classes":[]},{"id":4973,"url":"https:\/\/www.achimbrueckner.de\/dxradio\/php\/wordpress\/?p=4973","url_meta":{"origin":20599,"position":1},"title":"Fehler in der Digitalstrategie","author":"Administrator","date":"June 22, 2015","format":false,"excerpt":"http:\/\/radiotage.wasmitmedien.de\/2015\/06\/22\/fehler-in-der-digitalstrategie\/","rel":"","context":"In &quot;Deutsch&quot;","block_context":{"text":"Deutsch","link":"https:\/\/www.achimbrueckner.de\/dxradio\/php\/wordpress\/?cat=1"},"img":{"alt_text":"","src":"","width":0,"height":0},"classes":[]},{"id":18350,"url":"https:\/\/www.achimbrueckner.de\/dxradio\/php\/wordpress\/?p=18350","url_meta":{"origin":20599,"position":2},"title":"Was Parteien und Verb\u00e4nde zu den vorgeschlagenen Abgaben f\u00fcr Online-Medien sagen","author":"Administrator","date":"June 22, 2018","format":false,"excerpt":"http:\/\/www.werbewoche.ch\/medien\/medienpolitik\/2018-06-21\/was-parteien-und-verbaende-zu-den-vorgeschlagenen-abgaben-fuer","rel":"","context":"In &quot;Deutsch&quot;","block_context":{"text":"Deutsch","link":"https:\/\/www.achimbrueckner.de\/dxradio\/php\/wordpress\/?cat=1"},"img":{"alt_text":"","src":"","width":0,"height":0},"classes":[]},{"id":25898,"url":"https:\/\/www.achimbrueckner.de\/dxradio\/php\/wordpress\/?p=25898","url_meta":{"origin":20599,"position":3},"title":"Journalisten leben riskant: Die Gelbwesten und ihr Verh\u00e4ltnis zu den Medien","author":"Administrator","date":"November 22, 2019","format":false,"excerpt":"https:\/\/www.suedkurier.de\/ueberregional\/politik\/Journalisten-leben-riskant-Die-Gelbwesten-und-ihr-Verhaeltnis-zu-den-Medien;art410924,10350424","rel":"","context":"In &quot;Deutsch&quot;","block_context":{"text":"Deutsch","link":"https:\/\/www.achimbrueckner.de\/dxradio\/php\/wordpress\/?cat=1"},"img":{"alt_text":"","src":"","width":0,"height":0},"classes":[]},{"id":8580,"url":"https:\/\/www.achimbrueckner.de\/dxradio\/php\/wordpress\/?p=8580","url_meta":{"origin":20599,"position":4},"title":"Radio und Zeitung H\u00f6r zu","author":"Administrator","date":"June 22, 2016","format":false,"excerpt":"http:\/\/www.sueddeutsche.de\/medien\/radio-und-zeitung-hoer-zu-1.3044067","rel":"","context":"In &quot;Deutsch&quot;","block_context":{"text":"Deutsch","link":"https:\/\/www.achimbrueckner.de\/dxradio\/php\/wordpress\/?cat=1"},"img":{"alt_text":"","src":"","width":0,"height":0},"classes":[]},{"id":31237,"url":"https:\/\/www.achimbrueckner.de\/dxradio\/php\/wordpress\/?p=31237","url_meta":{"origin":20599,"position":5},"title":"SDXF Weihnachtssendung 2020","author":"Administrator","date":"December 18, 2020","format":false,"excerpt":"SDXFs Wochenendprogramm auf Kurzwelle Auch in diesem Jahr bietet der schwedische DX-Verband w\u00e4hrend der Weihnachts- und Neujahrsferien eine spezielle Kurzwellensendung an. Das 60-min\u00fctige Programm wurde von dem bekannten G\u00f6ran Lindemark zusammengestellt und enth\u00e4lt unter anderem ein exklusives Interview mit George Wood \u00fcber seine Zeit bei Radio Sweden. Wir h\u00f6ren auch\u2026","rel":"","context":"In &quot;Deutsch&quot;","block_context":{"text":"Deutsch","link":"https:\/\/www.achimbrueckner.de\/dxradio\/php\/wordpress\/?cat=1"},"img":{"alt_text":"","src":"","width":0,"height":0},"classes":[]}],"_links":{"self":[{"href":"https:\/\/www.achimbrueckner.de\/dxradio\/php\/wordpress\/index.php?rest_route=\/wp\/v2\/posts\/20599","targetHints":{"allow":["GET"]}}],"collection":[{"href":"https:\/\/www.achimbrueckner.de\/dxradio\/php\/wordpress\/index.php?rest_route=\/wp\/v2\/posts"}],"about":[{"href":"https:\/\/www.achimbrueckner.de\/dxradio\/php\/wordpress\/index.php?rest_route=\/wp\/v2\/types\/post"}],"author":[{"embeddable":true,"href":"https:\/\/www.achimbrueckner.de\/dxradio\/php\/wordpress\/index.php?rest_route=\/wp\/v2\/users\/1"}],"replies":[{"embeddable":true,"href":"https:\/\/www.achimbrueckner.de\/dxradio\/php\/wordpress\/index.php?rest_route=%2Fwp%2Fv2%2Fcomments&post=20599"}],"version-history":[{"count":0,"href":"https:\/\/www.achimbrueckner.de\/dxradio\/php\/wordpress\/index.php?rest_route=\/wp\/v2\/posts\/20599\/revisions"}],"wp:attachment":[{"href":"https:\/\/www.achimbrueckner.de\/dxradio\/php\/wordpress\/index.php?rest_route=%2Fwp%2Fv2%2Fmedia&parent=20599"}],"wp:term":[{"taxonomy":"category","embeddable":true,"href":"https:\/\/www.achimbrueckner.de\/dxradio\/php\/wordpress\/index.php?rest_route=%2Fwp%2Fv2%2Fcategories&post=20599"},{"taxonomy":"post_tag","embeddable":true,"href":"https:\/\/www.achimbrueckner.de\/dxradio\/php\/wordpress\/index.php?rest_route=%2Fwp%2Fv2%2Ftags&post=20599"}],"curies":[{"name":"wp","href":"https:\/\/api.w.org\/{rel}","templated":true}]}}