{"id":2074,"date":"2011-12-30T22:47:52","date_gmt":"2011-12-30T22:47:52","guid":{"rendered":"https:\/\/www.achimbrueckner.de\/dxradio\/php\/wordpress\/?p=2074"},"modified":"2011-12-30T22:47:52","modified_gmt":"2011-12-30T22:47:52","slug":"50-jahre-dlf-bastion-des-horfunks","status":"publish","type":"post","link":"https:\/\/www.achimbrueckner.de\/dxradio\/php\/wordpress\/?p=2074","title":{"rendered":"50 Jahre DLF: Bastion des H\u00f6rfunks"},"content":{"rendered":"<p>Bastion des H\u00f6rfunks<br \/>\nWorte, die die Welt bedeuten<\/p>\n<p><a href=\"http:\/\/www.tagesspiegel.de\/medien\/bastion-des-hoerfunks-worte-die-die-welt-bedeuten\/6008116.html\" target=\"_blank\">http:\/\/www.tagesspiegel.de\/medien\/bastion-des-hoerfunks-worte-die-die-welt-bedeuten\/6008116.html<\/a><\/p>\n","protected":false},"excerpt":{"rendered":"<p>Bastion des H\u00f6rfunks Worte, die die Welt bedeuten http:\/\/www.tagesspiegel.de\/medien\/bastion-des-hoerfunks-worte-die-die-welt-bedeuten\/6008116.html<\/p>\n","protected":false},"author":1,"featured_media":0,"comment_status":"open","ping_status":"open","sticky":false,"template":"","format":"standard","meta":{"_jetpack_memberships_contains_paid_content":false,"footnotes":"","jetpack_publicize_message":"","jetpack_publicize_feature_enabled":true,"jetpack_social_post_already_shared":false,"jetpack_social_options":{"image_generator_settings":{"template":"highway","default_image_id":0,"font":"","enabled":false},"version":2}},"categories":[1],"tags":[25,45],"class_list":["post-2074","post","type-post","status-publish","format-standard","hentry","category-deutsch","tag-horfunk","tag-medien"],"jetpack_publicize_connections":[],"jetpack_featured_media_url":"","jetpack_sharing_enabled":true,"jetpack_shortlink":"https:\/\/wp.me\/p5CDmr-xs","jetpack-related-posts":[{"id":6743,"url":"https:\/\/www.achimbrueckner.de\/dxradio\/php\/wordpress\/?p=6743","url_meta":{"origin":2074,"position":0},"title":"Die letzte Bastion des klassischen H\u00f6rfunks f\u00e4llt: In-Car-Entertainment ver\u00e4ndert die Mediennutzung","author":"Administrator","date":"December 4, 2015","format":false,"excerpt":"https:\/\/kress.de\/tagesdienst\/detail\/beitrag\/133537-die-letzte-bastion-des-klassischen-hoerfunks-faellt-in-car-entertainment-veraendert-die-mediennutzung.html","rel":"","context":"In &quot;Deutsch&quot;","block_context":{"text":"Deutsch","link":"https:\/\/www.achimbrueckner.de\/dxradio\/php\/wordpress\/?cat=1"},"img":{"alt_text":"","src":"","width":0,"height":0},"classes":[]},{"id":18102,"url":"https:\/\/www.achimbrueckner.de\/dxradio\/php\/wordpress\/?p=18102","url_meta":{"origin":2074,"position":1},"title":"Liberalisierung des H\u00f6rfunks  Im Juli k\u00f6nnten f\u00fcr 28 Millionen H\u00f6rer die Radios verstummen","author":"Administrator","date":"June 8, 2018","format":false,"excerpt":"http:\/\/www.sueddeutsche.de\/medien\/liberalisierung-des-hoerfunks-im-juli-koennten-fuer-millionen-hoerer-die-radios-verstummen-1.4004731","rel":"","context":"In &quot;Deutsch&quot;","block_context":{"text":"Deutsch","link":"https:\/\/www.achimbrueckner.de\/dxradio\/php\/wordpress\/?cat=1"},"img":{"alt_text":"","src":"","width":0,"height":0},"classes":[]},{"id":10215,"url":"https:\/\/www.achimbrueckner.de\/dxradio\/php\/wordpress\/?p=10215","url_meta":{"origin":2074,"position":2},"title":"Zukunft des H\u00f6rfunks Sie werden das digitale Radio nicht verhindern","author":"Administrator","date":"September 3, 2016","format":false,"excerpt":"http:\/\/www.faz.net\/aktuell\/feuilleton\/medien\/den-gegnern-des-digitalradios-fehlen-die-argumente-14414471.html","rel":"","context":"In &quot;Deutsch&quot;","block_context":{"text":"Deutsch","link":"https:\/\/www.achimbrueckner.de\/dxradio\/php\/wordpress\/?cat=1"},"img":{"alt_text":"","src":"","width":0,"height":0},"classes":[]},{"id":10301,"url":"https:\/\/www.achimbrueckner.de\/dxradio\/php\/wordpress\/?p=10301","url_meta":{"origin":2074,"position":3},"title":"\u00c4NDERUNG DES BAYERISCHEN MEDIENGESETZES SOLL DIGITALISIERUNG DES H\u00d6RFUNKS WEITER VORANTREIBEN","author":"Administrator","date":"September 8, 2016","format":false,"excerpt":"http:\/\/digitalradio.de\/index.php\/de\/startseite-news-digitalradio\/item\/aenderung-des-bayerischen-mediengesetzes-soll-digitalisierung-des-hoerfunks-weiter-vorantreiben","rel":"","context":"In &quot;Deutsch&quot;","block_context":{"text":"Deutsch","link":"https:\/\/www.achimbrueckner.de\/dxradio\/php\/wordpress\/?cat=1"},"img":{"alt_text":"","src":"","width":0,"height":0},"classes":[]},{"id":19301,"url":"https:\/\/www.achimbrueckner.de\/dxradio\/php\/wordpress\/?p=19301","url_meta":{"origin":2074,"position":4},"title":"Goldmedia-Studie zur Zukunft des H\u00f6rfunks: Medienanstalt NRW-Chef Dr. Tobias Schmid im Interview","author":"Administrator","date":"September 26, 2018","format":false,"excerpt":"http:\/\/www.radiowoche.de\/goldmedia-studie-zur-zukunft-des-hoerfunks-lfm-chef-dr-tobias-schmid-im-interview\/","rel":"","context":"In &quot;Deutsch&quot;","block_context":{"text":"Deutsch","link":"https:\/\/www.achimbrueckner.de\/dxradio\/php\/wordpress\/?cat=1"},"img":{"alt_text":"","src":"","width":0,"height":0},"classes":[]},{"id":8709,"url":"https:\/\/www.achimbrueckner.de\/dxradio\/php\/wordpress\/?p=8709","url_meta":{"origin":2074,"position":5},"title":"Zukunft des H\u00f6rfunks Das Radio von morgen haben wir schon heute im Ohr","author":"Administrator","date":"July 4, 2016","format":false,"excerpt":"http:\/\/www.faz.net\/aktuell\/feuilleton\/medien\/das-digitale-radio-hat-fuer-den-privaten-rundfunk-seine-tuecken-14315596.html","rel":"","context":"In &quot;Deutsch&quot;","block_context":{"text":"Deutsch","link":"https:\/\/www.achimbrueckner.de\/dxradio\/php\/wordpress\/?cat=1"},"img":{"alt_text":"","src":"","width":0,"height":0},"classes":[]}],"_links":{"self":[{"href":"https:\/\/www.achimbrueckner.de\/dxradio\/php\/wordpress\/index.php?rest_route=\/wp\/v2\/posts\/2074","targetHints":{"allow":["GET"]}}],"collection":[{"href":"https:\/\/www.achimbrueckner.de\/dxradio\/php\/wordpress\/index.php?rest_route=\/wp\/v2\/posts"}],"about":[{"href":"https:\/\/www.achimbrueckner.de\/dxradio\/php\/wordpress\/index.php?rest_route=\/wp\/v2\/types\/post"}],"author":[{"embeddable":true,"href":"https:\/\/www.achimbrueckner.de\/dxradio\/php\/wordpress\/index.php?rest_route=\/wp\/v2\/users\/1"}],"replies":[{"embeddable":true,"href":"https:\/\/www.achimbrueckner.de\/dxradio\/php\/wordpress\/index.php?rest_route=%2Fwp%2Fv2%2Fcomments&post=2074"}],"version-history":[{"count":0,"href":"https:\/\/www.achimbrueckner.de\/dxradio\/php\/wordpress\/index.php?rest_route=\/wp\/v2\/posts\/2074\/revisions"}],"wp:attachment":[{"href":"https:\/\/www.achimbrueckner.de\/dxradio\/php\/wordpress\/index.php?rest_route=%2Fwp%2Fv2%2Fmedia&parent=2074"}],"wp:term":[{"taxonomy":"category","embeddable":true,"href":"https:\/\/www.achimbrueckner.de\/dxradio\/php\/wordpress\/index.php?rest_route=%2Fwp%2Fv2%2Fcategories&post=2074"},{"taxonomy":"post_tag","embeddable":true,"href":"https:\/\/www.achimbrueckner.de\/dxradio\/php\/wordpress\/index.php?rest_route=%2Fwp%2Fv2%2Ftags&post=2074"}],"curies":[{"name":"wp","href":"https:\/\/api.w.org\/{rel}","templated":true}]}}