{"id":2076,"date":"2012-01-01T15:25:17","date_gmt":"2012-01-01T15:25:17","guid":{"rendered":"https:\/\/www.achimbrueckner.de\/dxradio\/php\/wordpress\/?p=2076"},"modified":"2012-01-01T15:25:17","modified_gmt":"2012-01-01T15:25:17","slug":"50-jahre-dlf","status":"publish","type":"post","link":"https:\/\/www.achimbrueckner.de\/dxradio\/php\/wordpress\/?p=2076","title":{"rendered":"50 Jahre DLF"},"content":{"rendered":"<p>Heute um 16.00 Uhr MEZ ist es soweit! Der Deutschlandfunk feiert sein 50. Jubil\u00e4um. Aus diesem Anlass hat man eine wirklich nette Seite online gestellt, auf der man viele H\u00f6hepunkte anh\u00f6ren und lesen kann:<\/p>\n<p><a href=\"http:\/\/dlf.de\/index.22.de.html\" target=\"_blank\">http:\/\/dlf.de\/index.22.de.html<\/a><\/p>\n<p>Besonders sch\u00f6n auch die Radiopannen, der Mitschnitt vom Sendestart (offensichtlich eine LW-Aufnahme) und einige Fotos.<\/p>\n<p>Info via <a href=\"http:\/\/www.ratzer.at\" target=\"_blank\">A-DX<\/a><\/p>\n","protected":false},"excerpt":{"rendered":"<p>Heute um 16.00 Uhr MEZ ist es soweit! Der Deutschlandfunk feiert sein 50. Jubil\u00e4um. Aus diesem Anlass hat man eine wirklich nette Seite online gestellt, auf der man viele H\u00f6hepunkte anh\u00f6ren und lesen kann: http:\/\/dlf.de\/index.22.de.html Besonders sch\u00f6n auch die Radiopannen, der Mitschnitt vom Sendestart (offensichtlich eine LW-Aufnahme) und einige Fotos. Info via A-DX<\/p>\n","protected":false},"author":1,"featured_media":0,"comment_status":"open","ping_status":"open","sticky":false,"template":"","format":"standard","meta":{"_jetpack_memberships_contains_paid_content":false,"footnotes":"","jetpack_publicize_message":"","jetpack_publicize_feature_enabled":true,"jetpack_social_post_already_shared":false,"jetpack_social_options":{"image_generator_settings":{"template":"highway","default_image_id":0,"font":"","enabled":false},"version":2}},"categories":[7],"tags":[40],"class_list":["post-2076","post","type-post","status-publish","format-standard","hentry","category-links","tag-dx"],"jetpack_publicize_connections":[],"jetpack_featured_media_url":"","jetpack_sharing_enabled":true,"jetpack_shortlink":"https:\/\/wp.me\/p5CDmr-xu","jetpack-related-posts":[{"id":21454,"url":"https:\/\/www.achimbrueckner.de\/dxradio\/php\/wordpress\/?p=21454","url_meta":{"origin":2076,"position":0},"title":"HAM Radio 2019","author":"Administrator","date":"February 10, 2019","format":false,"excerpt":"Liebe A-DXer, Die HAM Radio 2019 findet vom 21.- 23. Juni 2019 in Friedrichshafen statt. Ich m\u00f6chte daher zeitgerecht informieren falls man die M\u00f6glichkeit nutzen m\u00f6chte der Messe, nein es ist ja lt. Messegesellschaft nun nur mehr eine \u201eAusstellung\u201c, einen Besuch abzustatten und rechtzeitig eine \u00dcbernachtungsm\u00f6glichkeit zu suchen. Da es\u2026","rel":"","context":"In &quot;camps&quot;","block_context":{"text":"camps","link":"https:\/\/www.achimbrueckner.de\/dxradio\/php\/wordpress\/?cat=5"},"img":{"alt_text":"","src":"","width":0,"height":0},"classes":[]},{"id":11296,"url":"https:\/\/www.achimbrueckner.de\/dxradio\/php\/wordpress\/?p=11296","url_meta":{"origin":2076,"position":1},"title":"50 Jahre ADDX","author":"Administrator","date":"December 8, 2016","format":false,"excerpt":"Hallo in die Runde, wie vielen Hobbyfreunden bestimmt bekannt ist, wird die ADDX e.V. im Jahr 2017 ihr 50. Gr\u00fcndungsjubil\u00e4um feiern. Das ist f\u00fcr uns von Vorstand und Redaktion \"Radio-Kurier mit weltweit h\u00f6ren\" Grund genug, auch akustisch einen R\u00fcckblick auf die Anfangstage und die Vereinsentwicklung zu pr\u00e4sentieren und \u00fcber unsere\u2026","rel":"","context":"In &quot;Deutsch&quot;","block_context":{"text":"Deutsch","link":"https:\/\/www.achimbrueckner.de\/dxradio\/php\/wordpress\/?cat=1"},"img":{"alt_text":"","src":"","width":0,"height":0},"classes":[]},{"id":45,"url":"https:\/\/www.achimbrueckner.de\/dxradio\/php\/wordpress\/?p=45","url_meta":{"origin":2076,"position":2},"title":"DX-Camp Langenselbold","author":"Administrator","date":"September 20, 2006","format":false,"excerpt":"Einladung Der Rhein-Main-Radio-Club l\u00e4d ein zum DX - Camp 2.- 8.10.06 in Langenselbold. Ausf\u00fchrliche Einladung auf der Homepage www.rmrc.de Anmeldung erforderlich. Di. 3. 10. wird Dirk Oberjasper eine Einf\u00fchrung in das speziell f\u00fcr FM, UHF und VHF- DXing interessante Programm \"Radio mobile\" geben und zeigen, wie man es nutzen kann\u2026","rel":"","context":"In &quot;camps&quot;","block_context":{"text":"camps","link":"https:\/\/www.achimbrueckner.de\/dxradio\/php\/wordpress\/?cat=5"},"img":{"alt_text":"","src":"","width":0,"height":0},"classes":[]},{"id":1611,"url":"https:\/\/www.achimbrueckner.de\/dxradio\/php\/wordpress\/?p=1611","url_meta":{"origin":2076,"position":3},"title":"Herbstcamp der KWFR e.V. in Solingen","author":"Administrator","date":"June 20, 2011","format":false,"excerpt":"Hallo liebe YL und OM, vom 21. bis zum 25. September findet wieder das Herbstcamp der KWFR e.V. im Naturfreundehaus Holzerbachtal in Solingen, Ortsteil Solingen-Wald statt. http:\/\/kwfr.de\/ http:\/\/www.naturfreundehaus-holzerbachtal.de\/ Dort treffen sich bis zu 10 DXer zum H\u00f6ren, Fachsimpeln und gem\u00fctlichen Beisammensein. F\u00fcr Verpflegung (Vollpension) ist gesorgt, ebenso f\u00fcr die DX-\u00fcblichen\u2026","rel":"","context":"In &quot;camps&quot;","block_context":{"text":"camps","link":"https:\/\/www.achimbrueckner.de\/dxradio\/php\/wordpress\/?cat=5"},"img":{"alt_text":"","src":"","width":0,"height":0},"classes":[]},{"id":25377,"url":"https:\/\/www.achimbrueckner.de\/dxradio\/php\/wordpress\/?p=25377","url_meta":{"origin":2076,"position":4},"title":"40 Jahre LRA36 Radio Nacional Arc\u00e1ngel San Gabriel Sondersendung","author":"Administrator","date":"October 18, 2019","format":false,"excerpt":"Am Sonntag den 20. Oktober feiert LRA36 Radio Nacional Arc\u00e1ngel San Gabriel, die Station, die von der argentinischen Antarktis aus sendet, ihr 40- j\u00e4hriges Jubil\u00e4um. Aus diesem Anla\u00df hat RAE - Argentinien in die Welt eine Sondersendung in verschiedenen Sprachen vorbereitet. An diesem Sonntag ab 12:00 Uhr UTC moderieren die\u2026","rel":"","context":"In &quot;Deutsch&quot;","block_context":{"text":"Deutsch","link":"https:\/\/www.achimbrueckner.de\/dxradio\/php\/wordpress\/?cat=1"},"img":{"alt_text":"","src":"","width":0,"height":0},"classes":[]},{"id":2361,"url":"https:\/\/www.achimbrueckner.de\/dxradio\/php\/wordpress\/?p=2361","url_meta":{"origin":2076,"position":5},"title":"Sonder-QSL-Aktion der Luth. Stunde wegen Frequenzabbau der Stimme Russlands","author":"Administrator","date":"January 2, 2013","format":false,"excerpt":"Dr. Hansj\u00f6rg Biener - Neulichtenhofstr. 7 - DE-90461 N\u00fcrnberg Werte Empf\u00e4nger, verbunden mit Neujahrsgr\u00fc\u00dfen und -w\u00fcnschen m\u00f6chte ich auf eine Sonderaktion der Lutherischen Stunde hinweisen, die ich angeleiert habe. Man ist dort besorgt, dass man auf der nunmehr alleinigen 693 kHz einen Reichweiteneinbruch erlebt, den man sich als kleine Radioarbeit\u2026","rel":"","context":"In &quot;Deutsch&quot;","block_context":{"text":"Deutsch","link":"https:\/\/www.achimbrueckner.de\/dxradio\/php\/wordpress\/?cat=1"},"img":{"alt_text":"","src":"","width":0,"height":0},"classes":[]}],"_links":{"self":[{"href":"https:\/\/www.achimbrueckner.de\/dxradio\/php\/wordpress\/index.php?rest_route=\/wp\/v2\/posts\/2076","targetHints":{"allow":["GET"]}}],"collection":[{"href":"https:\/\/www.achimbrueckner.de\/dxradio\/php\/wordpress\/index.php?rest_route=\/wp\/v2\/posts"}],"about":[{"href":"https:\/\/www.achimbrueckner.de\/dxradio\/php\/wordpress\/index.php?rest_route=\/wp\/v2\/types\/post"}],"author":[{"embeddable":true,"href":"https:\/\/www.achimbrueckner.de\/dxradio\/php\/wordpress\/index.php?rest_route=\/wp\/v2\/users\/1"}],"replies":[{"embeddable":true,"href":"https:\/\/www.achimbrueckner.de\/dxradio\/php\/wordpress\/index.php?rest_route=%2Fwp%2Fv2%2Fcomments&post=2076"}],"version-history":[{"count":0,"href":"https:\/\/www.achimbrueckner.de\/dxradio\/php\/wordpress\/index.php?rest_route=\/wp\/v2\/posts\/2076\/revisions"}],"wp:attachment":[{"href":"https:\/\/www.achimbrueckner.de\/dxradio\/php\/wordpress\/index.php?rest_route=%2Fwp%2Fv2%2Fmedia&parent=2076"}],"wp:term":[{"taxonomy":"category","embeddable":true,"href":"https:\/\/www.achimbrueckner.de\/dxradio\/php\/wordpress\/index.php?rest_route=%2Fwp%2Fv2%2Fcategories&post=2076"},{"taxonomy":"post_tag","embeddable":true,"href":"https:\/\/www.achimbrueckner.de\/dxradio\/php\/wordpress\/index.php?rest_route=%2Fwp%2Fv2%2Ftags&post=2076"}],"curies":[{"name":"wp","href":"https:\/\/api.w.org\/{rel}","templated":true}]}}