{"id":2082,"date":"2012-01-02T10:57:23","date_gmt":"2012-01-02T10:57:23","guid":{"rendered":"https:\/\/www.achimbrueckner.de\/dxradio\/php\/wordpress\/?p=2082"},"modified":"2012-01-02T10:57:23","modified_gmt":"2012-01-02T10:57:23","slug":"radiotermine-1-halbjahr-2012","status":"publish","type":"post","link":"https:\/\/www.achimbrueckner.de\/dxradio\/php\/wordpress\/?p=2082","title":{"rendered":"Radiotermine &#8211; 1. Halbjahr 2012"},"content":{"rendered":"<p>Radiotermine &#8211; 1. Halbjahr 2012<\/p>\n<p><a href=\"http:\/\/www.radiozentrale.de\/site\/820.0.html\" target=\"_blank\">http:\/\/www.radiozentrale.de\/site\/820.0.html<\/a><\/p>\n","protected":false},"excerpt":{"rendered":"<p>Radiotermine &#8211; 1. Halbjahr 2012 http:\/\/www.radiozentrale.de\/site\/820.0.html<\/p>\n","protected":false},"author":1,"featured_media":0,"comment_status":"open","ping_status":"open","sticky":false,"template":"","format":"standard","meta":{"_jetpack_memberships_contains_paid_content":false,"footnotes":"","jetpack_publicize_message":"","jetpack_publicize_feature_enabled":true,"jetpack_social_post_already_shared":false,"jetpack_social_options":{"image_generator_settings":{"template":"highway","default_image_id":0,"font":"","enabled":false},"version":2}},"categories":[1],"tags":[],"class_list":["post-2082","post","type-post","status-publish","format-standard","hentry","category-deutsch"],"jetpack_publicize_connections":[],"jetpack_featured_media_url":"","jetpack_sharing_enabled":true,"jetpack_shortlink":"https:\/\/wp.me\/p5CDmr-xA","jetpack-related-posts":[{"id":4172,"url":"https:\/\/www.achimbrueckner.de\/dxradio\/php\/wordpress\/?p=4172","url_meta":{"origin":2082,"position":0},"title":"Radiotermine","author":"Administrator","date":"March 5, 2015","format":false,"excerpt":"http:\/\/www.radioszene.de\/radiotermine","rel":"","context":"In &quot;camps&quot;","block_context":{"text":"camps","link":"https:\/\/www.achimbrueckner.de\/dxradio\/php\/wordpress\/?cat=5"},"img":{"alt_text":"","src":"","width":0,"height":0},"classes":[]},{"id":23747,"url":"https:\/\/www.achimbrueckner.de\/dxradio\/php\/wordpress\/?p=23747","url_meta":{"origin":2082,"position":1},"title":"H\u00f6rerzahlen Schweiz 1. Halbjahr 2019: CH Media erreicht \u00fcber 1 Million H\u00f6rer","author":"Administrator","date":"July 11, 2019","format":false,"excerpt":"https:\/\/www.radioszene.de\/134800\/hoererzahlen-schweiz-2019.html","rel":"","context":"In &quot;Deutsch&quot;","block_context":{"text":"Deutsch","link":"https:\/\/www.achimbrueckner.de\/dxradio\/php\/wordpress\/?cat=1"},"img":{"alt_text":"","src":"","width":0,"height":0},"classes":[]},{"id":41506,"url":"https:\/\/www.achimbrueckner.de\/dxradio\/php\/wordpress\/?p=41506","url_meta":{"origin":2082,"position":2},"title":"DAB+ im ersten Halbjahr 2024: \u201eDigital Switchover\u201c im Norden und in der Schweiz","author":"Administrator","date":"July 23, 2024","format":false,"excerpt":"https:\/\/www.radioszene.de\/189599\/dab-im-ersten-halbjahr-2024.html","rel":"","context":"In &quot;Deutsch&quot;","block_context":{"text":"Deutsch","link":"https:\/\/www.achimbrueckner.de\/dxradio\/php\/wordpress\/?cat=1"},"img":{"alt_text":"","src":"","width":0,"height":0},"classes":[]},{"id":44788,"url":"https:\/\/www.achimbrueckner.de\/dxradio\/php\/wordpress\/?p=44788","url_meta":{"origin":2082,"position":3},"title":"CH Media: 13 Prozent mehr Reichweite im 2. Halbjahr 2025","author":"Administrator","date":"January 12, 2026","format":false,"excerpt":"https:\/\/www.radioszene.de\/209332\/ch-media-13-prozent-mehr-reichweite-im-2-halbjahr-2025.html","rel":"","context":"In &quot;Deutsch&quot;","block_context":{"text":"Deutsch","link":"https:\/\/www.achimbrueckner.de\/dxradio\/php\/wordpress\/?cat=1"},"img":{"alt_text":"","src":"","width":0,"height":0},"classes":[]},{"id":32993,"url":"https:\/\/www.achimbrueckner.de\/dxradio\/php\/wordpress\/?p=32993","url_meta":{"origin":2082,"position":4},"title":"DAB Plus: Viele neue Programme im 1. Halbjahr 2021","author":"Administrator","date":"July 4, 2021","format":false,"excerpt":"https:\/\/www.digitalfernsehen.de\/news\/empfang\/radio\/dab-plus-viele-neue-programme-im-1-halbjahr-2021-573568\/","rel":"","context":"In &quot;Deutsch&quot;","block_context":{"text":"Deutsch","link":"https:\/\/www.achimbrueckner.de\/dxradio\/php\/wordpress\/?cat=1"},"img":{"alt_text":"","src":"","width":0,"height":0},"classes":[]},{"id":13593,"url":"https:\/\/www.achimbrueckner.de\/dxradio\/php\/wordpress\/?p=13593","url_meta":{"origin":2082,"position":5},"title":"Ein Halbjahr wichtiger Meilensteine: Besondere Dynamik bei DAB+","author":"Administrator","date":"July 4, 2017","format":false,"excerpt":"http:\/\/www.radiowoche.de\/ein-halbjahr-wichtiger-meilensteine-besondere-dynamik-bei-dab\/","rel":"","context":"In &quot;Deutsch&quot;","block_context":{"text":"Deutsch","link":"https:\/\/www.achimbrueckner.de\/dxradio\/php\/wordpress\/?cat=1"},"img":{"alt_text":"","src":"","width":0,"height":0},"classes":[]}],"_links":{"self":[{"href":"https:\/\/www.achimbrueckner.de\/dxradio\/php\/wordpress\/index.php?rest_route=\/wp\/v2\/posts\/2082","targetHints":{"allow":["GET"]}}],"collection":[{"href":"https:\/\/www.achimbrueckner.de\/dxradio\/php\/wordpress\/index.php?rest_route=\/wp\/v2\/posts"}],"about":[{"href":"https:\/\/www.achimbrueckner.de\/dxradio\/php\/wordpress\/index.php?rest_route=\/wp\/v2\/types\/post"}],"author":[{"embeddable":true,"href":"https:\/\/www.achimbrueckner.de\/dxradio\/php\/wordpress\/index.php?rest_route=\/wp\/v2\/users\/1"}],"replies":[{"embeddable":true,"href":"https:\/\/www.achimbrueckner.de\/dxradio\/php\/wordpress\/index.php?rest_route=%2Fwp%2Fv2%2Fcomments&post=2082"}],"version-history":[{"count":0,"href":"https:\/\/www.achimbrueckner.de\/dxradio\/php\/wordpress\/index.php?rest_route=\/wp\/v2\/posts\/2082\/revisions"}],"wp:attachment":[{"href":"https:\/\/www.achimbrueckner.de\/dxradio\/php\/wordpress\/index.php?rest_route=%2Fwp%2Fv2%2Fmedia&parent=2082"}],"wp:term":[{"taxonomy":"category","embeddable":true,"href":"https:\/\/www.achimbrueckner.de\/dxradio\/php\/wordpress\/index.php?rest_route=%2Fwp%2Fv2%2Fcategories&post=2082"},{"taxonomy":"post_tag","embeddable":true,"href":"https:\/\/www.achimbrueckner.de\/dxradio\/php\/wordpress\/index.php?rest_route=%2Fwp%2Fv2%2Ftags&post=2082"}],"curies":[{"name":"wp","href":"https:\/\/api.w.org\/{rel}","templated":true}]}}