{"id":21336,"date":"2019-02-05T16:42:43","date_gmt":"2019-02-05T16:42:43","guid":{"rendered":"https:\/\/www.achimbrueckner.de\/dxradio\/php\/wordpress\/?p=21336"},"modified":"2019-02-05T16:42:43","modified_gmt":"2019-02-05T16:42:43","slug":"kritischer-sender-radio-radicale-in-finanznot","status":"publish","type":"post","link":"https:\/\/www.achimbrueckner.de\/dxradio\/php\/wordpress\/?p=21336","title":{"rendered":"Kritischer Sender Radio Radicale in Finanznot"},"content":{"rendered":"<p><a href=\"https:\/\/www.deutschlandfunkkultur.de\/italienische-regierung-kuerzt-gelder-kritischer-sender.1013.de.html?dram:article_id=440062\" rel=\"noopener\" target=\"_blank\">https:\/\/www.deutschlandfunkkultur.de\/italienische-regierung-kuerzt-gelder-kritischer-sender.1013.de.html?dram:article_id=440062<\/a><\/p>\n","protected":false},"excerpt":{"rendered":"<p>https:\/\/www.deutschlandfunkkultur.de\/italienische-regierung-kuerzt-gelder-kritischer-sender.1013.de.html?dram:article_id=440062<\/p>\n","protected":false},"author":1,"featured_media":0,"comment_status":"closed","ping_status":"open","sticky":false,"template":"","format":"standard","meta":{"_jetpack_memberships_contains_paid_content":false,"footnotes":"","jetpack_publicize_message":"","jetpack_publicize_feature_enabled":true,"jetpack_social_post_already_shared":true,"jetpack_social_options":{"image_generator_settings":{"template":"highway","default_image_id":0,"font":"","enabled":false},"version":2}},"categories":[1],"tags":[24],"class_list":["post-21336","post","type-post","status-publish","format-standard","hentry","category-deutsch","tag-am"],"jetpack_publicize_connections":[],"jetpack_featured_media_url":"","jetpack_sharing_enabled":true,"jetpack_shortlink":"https:\/\/wp.me\/p5CDmr-5y8","jetpack-related-posts":[{"id":25997,"url":"https:\/\/www.achimbrueckner.de\/dxradio\/php\/wordpress\/?p=25997","url_meta":{"origin":21336,"position":0},"title":"Vertrauen in Medien: Ostdeutsche deutlich kritischer","author":"Administrator","date":"November 28, 2019","format":false,"excerpt":"https:\/\/www.marktforschung.de\/aktuelles\/marktforschung\/vertrauen-in-medien-ostdeutsche-deutlich-kritischer\/","rel":"","context":"In &quot;Deutsch&quot;","block_context":{"text":"Deutsch","link":"https:\/\/www.achimbrueckner.de\/dxradio\/php\/wordpress\/?cat=1"},"img":{"alt_text":"","src":"","width":0,"height":0},"classes":[]},{"id":29357,"url":"https:\/\/www.achimbrueckner.de\/dxradio\/php\/wordpress\/?p=29357","url_meta":{"origin":21336,"position":1},"title":"Kritischer Bericht Spionierende Smart-TVs in jedem Wohnzimmer","author":"Administrator","date":"July 7, 2020","format":false,"excerpt":"https:\/\/netzpolitik.org\/2020\/kritischer-bericht-spionierende-smart-tvs-in-jedem-wohnzimmer\/","rel":"","context":"In &quot;Deutsch&quot;","block_context":{"text":"Deutsch","link":"https:\/\/www.achimbrueckner.de\/dxradio\/php\/wordpress\/?cat=1"},"img":{"alt_text":"","src":"","width":0,"height":0},"classes":[]},{"id":26827,"url":"https:\/\/www.achimbrueckner.de\/dxradio\/php\/wordpress\/?p=26827","url_meta":{"origin":21336,"position":2},"title":"T\u00fcrkei: Presseausweise von Journalist*innen kritischer Medien annulliert","author":"Administrator","date":"January 25, 2020","format":false,"excerpt":"https:\/\/rdl.de\/beitrag\/t-rkei-presseausweise-von-journalistinnen-kritischer-medien-annulliert","rel":"","context":"In &quot;Deutsch&quot;","block_context":{"text":"Deutsch","link":"https:\/\/www.achimbrueckner.de\/dxradio\/php\/wordpress\/?cat=1"},"img":{"alt_text":"","src":"","width":0,"height":0},"classes":[]},{"id":16619,"url":"https:\/\/www.achimbrueckner.de\/dxradio\/php\/wordpress\/?p=16619","url_meta":{"origin":21336,"position":3},"title":"\u201eBei Audio kapituliert der kritische Verstand\u201c \u2013 Medienprofessor Bolz \u00fcber die Zukunft der Gattung Radio und auditiven Sex-Appeal","author":"Administrator","date":"February 23, 2018","format":false,"excerpt":"http:\/\/meedia.de\/2018\/02\/23\/bei-audio-kapituliert-unser-kritischer-verstand-medienprofessor-norbert-bolz-ueber-die-zukunft-der-gattung-radio-und-auditiven-sex-appeal\/","rel":"","context":"In &quot;audio&quot;","block_context":{"text":"audio","link":"https:\/\/www.achimbrueckner.de\/dxradio\/php\/wordpress\/?cat=47"},"img":{"alt_text":"","src":"","width":0,"height":0},"classes":[]},{"id":29561,"url":"https:\/\/www.achimbrueckner.de\/dxradio\/php\/wordpress\/?p=29561","url_meta":{"origin":21336,"position":4},"title":"Der Sender hinter dem Sender","author":"Administrator","date":"July 25, 2020","format":false,"excerpt":"https:\/\/www.smartphonefan.de\/2020\/07\/25\/der-sender-hinter-dem-sender\/","rel":"","context":"In &quot;Deutsch&quot;","block_context":{"text":"Deutsch","link":"https:\/\/www.achimbrueckner.de\/dxradio\/php\/wordpress\/?cat=1"},"img":{"alt_text":"","src":"","width":0,"height":0},"classes":[]},{"id":39199,"url":"https:\/\/www.achimbrueckner.de\/dxradio\/php\/wordpress\/?p=39199","url_meta":{"origin":21336,"position":5},"title":"Sender M\u00fchlacker Kalender 2023 im Nachdruck &#8220;Wie`s einmal war &#8211; Wahrzeichen Sender M\u00fchlacker&#8221;","author":"Administrator","date":"April 1, 2023","format":false,"excerpt":"Sender M\u00fchlacker Kalender 2023 im Nachdruck \"Wie`s einmal war - Wahrzeichen Sender M\u00fchlacker\" Liebe Radiofreunde, vor einer Woche waren wir, von FMK, beim Sender M\u00fchlacker. Der F\u00f6rderverein rund um Hans-Bernd Weiner und J\u00fcrgen Fegert signalisierten uns gegen\u00fcber, dass man den beliebten Sender-Kalender extra f\u00fcr die FMK-Leser nachdrucken l\u00e4sst, sobald gen\u00fcgend\u2026","rel":"","context":"In &quot;Deutsch&quot;","block_context":{"text":"Deutsch","link":"https:\/\/www.achimbrueckner.de\/dxradio\/php\/wordpress\/?cat=1"},"img":{"alt_text":"","src":"","width":0,"height":0},"classes":[]}],"_links":{"self":[{"href":"https:\/\/www.achimbrueckner.de\/dxradio\/php\/wordpress\/index.php?rest_route=\/wp\/v2\/posts\/21336","targetHints":{"allow":["GET"]}}],"collection":[{"href":"https:\/\/www.achimbrueckner.de\/dxradio\/php\/wordpress\/index.php?rest_route=\/wp\/v2\/posts"}],"about":[{"href":"https:\/\/www.achimbrueckner.de\/dxradio\/php\/wordpress\/index.php?rest_route=\/wp\/v2\/types\/post"}],"author":[{"embeddable":true,"href":"https:\/\/www.achimbrueckner.de\/dxradio\/php\/wordpress\/index.php?rest_route=\/wp\/v2\/users\/1"}],"replies":[{"embeddable":true,"href":"https:\/\/www.achimbrueckner.de\/dxradio\/php\/wordpress\/index.php?rest_route=%2Fwp%2Fv2%2Fcomments&post=21336"}],"version-history":[{"count":0,"href":"https:\/\/www.achimbrueckner.de\/dxradio\/php\/wordpress\/index.php?rest_route=\/wp\/v2\/posts\/21336\/revisions"}],"wp:attachment":[{"href":"https:\/\/www.achimbrueckner.de\/dxradio\/php\/wordpress\/index.php?rest_route=%2Fwp%2Fv2%2Fmedia&parent=21336"}],"wp:term":[{"taxonomy":"category","embeddable":true,"href":"https:\/\/www.achimbrueckner.de\/dxradio\/php\/wordpress\/index.php?rest_route=%2Fwp%2Fv2%2Fcategories&post=21336"},{"taxonomy":"post_tag","embeddable":true,"href":"https:\/\/www.achimbrueckner.de\/dxradio\/php\/wordpress\/index.php?rest_route=%2Fwp%2Fv2%2Ftags&post=21336"}],"curies":[{"name":"wp","href":"https:\/\/api.w.org\/{rel}","templated":true}]}}