{"id":215,"date":"2006-11-23T18:49:32","date_gmt":"2006-11-23T18:49:32","guid":{"rendered":"https:\/\/www.achimbrueckner.de\/dxradio\/php\/wordpress\/?p=215"},"modified":"2006-11-23T18:49:32","modified_gmt":"2006-11-23T18:49:32","slug":"antennenfotos","status":"publish","type":"post","link":"https:\/\/www.achimbrueckner.de\/dxradio\/php\/wordpress\/?p=215","title":{"rendered":"Antennenfotos"},"content":{"rendered":"<p>Auf der Seite von <a href=\"http:\/\/waniewski.de\/index.htm\">Bernd Waniewski<\/a> gibt es viele Antennenfotos zu sehen. Unter anderen das Kreuzdipol von Mainflingen oder die Antennen am Standort Kvits\u00c3\u00b8y. \u00dcber Kvits\u00c3\u00b8y lief gestern die Sonder-Wahlberichterstattung von Radio Nederland auf 1314 Khz.<\/p>\n<p>Quelle: drm-dxer im <a href=\"http:\/\/forum.mysnip.de\/read.php?8773,458157\">Radioforum ukwtv.de<\/a><\/p>\n","protected":false},"excerpt":{"rendered":"<p>Auf der Seite von Bernd Waniewski gibt es viele Antennenfotos zu sehen. Unter anderen das Kreuzdipol von Mainflingen oder die Antennen am Standort Kvits\u00c3\u00b8y. \u00dcber Kvits\u00c3\u00b8y lief gestern die Sonder-Wahlberichterstattung von Radio Nederland auf 1314 Khz. Quelle: drm-dxer im Radioforum ukwtv.de<\/p>\n","protected":false},"author":1,"featured_media":0,"comment_status":"open","ping_status":"open","sticky":false,"template":"","format":"standard","meta":{"_jetpack_memberships_contains_paid_content":false,"footnotes":"","jetpack_publicize_message":"","jetpack_publicize_feature_enabled":true,"jetpack_social_post_already_shared":false,"jetpack_social_options":{"image_generator_settings":{"template":"highway","default_image_id":0,"font":"","enabled":false},"version":2}},"categories":[7],"tags":[24,40,27],"class_list":["post-215","post","type-post","status-publish","format-standard","hentry","category-links","tag-am","tag-dx","tag-ukw"],"jetpack_publicize_connections":[],"jetpack_featured_media_url":"","jetpack_sharing_enabled":true,"jetpack_shortlink":"https:\/\/wp.me\/p5CDmr-3t","jetpack-related-posts":[{"id":1311,"url":"https:\/\/www.achimbrueckner.de\/dxradio\/php\/wordpress\/?p=1311","url_meta":{"origin":215,"position":0},"title":"Radio aus dem Land von Dschinghis Khan in Deutsch auf Kurzwelle","author":"Administrator","date":"January 15, 2011","format":false,"excerpt":"Radio aus dem Land von Dschinghis Khan in Deutsch auf Kurzwelle Deutsches Radio Ulaanbaatar sendet im Januar und Februar \u00fcber Kall-Krekel Das erste deutschsprachige Radio in der Mongolei, Deutsches Radio Ulaanbaatar, wurde im M\u00e4rz 2008 von der Galsan Tschinag Stiftung gemeinsam mit dem Goethe-Institut er\u00f6ffnet. Bisher sendete man 3x pro\u2026","rel":"","context":"In &quot;Deutsch&quot;","block_context":{"text":"Deutsch","link":"https:\/\/www.achimbrueckner.de\/dxradio\/php\/wordpress\/?cat=1"},"img":{"alt_text":"","src":"","width":0,"height":0},"classes":[]},{"id":38627,"url":"https:\/\/www.achimbrueckner.de\/dxradio\/php\/wordpress\/?p=38627","url_meta":{"origin":215,"position":1},"title":"LRA 36 RADIO NACIONAL ARCANGEL SAN GABRIEL 21 Januar 2023","author":"Administrator","date":"January 18, 2023","format":false,"excerpt":"Die Antarktis ruft! LRA 36 RADIO NACIONAL ARCANGEL SAN GABRIEL pr\u00e4sentiert \"UNIENDO Voces\" (\"Gemeinsame Stimmen\"). Es handelt sich um eine Sondersendung, die in Zusammenarbeit mit RAE (Radiodifusi\u00f3n Argentina al Exterior) produziert wird und sich an Kurzwellenh\u00f6rer, DXer und Funkamateure aus der ganzen Welt richtet. Die Sendung findet am SAMSTAG, 21.\u2026","rel":"","context":"In &quot;Deutsch&quot;","block_context":{"text":"Deutsch","link":"https:\/\/www.achimbrueckner.de\/dxradio\/php\/wordpress\/?cat=1"},"img":{"alt_text":"","src":"","width":0,"height":0},"classes":[]},{"id":34337,"url":"https:\/\/www.achimbrueckner.de\/dxradio\/php\/wordpress\/?p=34337","url_meta":{"origin":215,"position":2},"title":"Rum\u00e4nien Sendererneuerung Mittelwelle","author":"Administrator","date":"January 4, 2022","format":false,"excerpt":"Rum\u00e4nien setzt die Erneuerung der Mittelwellensender fort. Ein Erneuerungsprogramm f\u00fcr die 5 \u00e4ltesten Mittelwellensender wurde gerade gestartet. - In der Station Valu luii Traian in der N\u00e4he von Constanta wird die \u00dcberdachung des Technikgeb\u00e4udes erneuert und die Mittelwellensender werden ersetzt. Dieser Sender wird Radio Rom\u00e2nia Actualit \u0103\u021bi auf 1458 kHz\u2026","rel":"","context":"In &quot;Deutsch&quot;","block_context":{"text":"Deutsch","link":"https:\/\/www.achimbrueckner.de\/dxradio\/php\/wordpress\/?cat=1"},"img":{"alt_text":"","src":"","width":0,"height":0},"classes":[]},{"id":25377,"url":"https:\/\/www.achimbrueckner.de\/dxradio\/php\/wordpress\/?p=25377","url_meta":{"origin":215,"position":3},"title":"40 Jahre LRA36 Radio Nacional Arc\u00e1ngel San Gabriel Sondersendung","author":"Administrator","date":"October 18, 2019","format":false,"excerpt":"Am Sonntag den 20. Oktober feiert LRA36 Radio Nacional Arc\u00e1ngel San Gabriel, die Station, die von der argentinischen Antarktis aus sendet, ihr 40- j\u00e4hriges Jubil\u00e4um. Aus diesem Anla\u00df hat RAE - Argentinien in die Welt eine Sondersendung in verschiedenen Sprachen vorbereitet. An diesem Sonntag ab 12:00 Uhr UTC moderieren die\u2026","rel":"","context":"In &quot;Deutsch&quot;","block_context":{"text":"Deutsch","link":"https:\/\/www.achimbrueckner.de\/dxradio\/php\/wordpress\/?cat=1"},"img":{"alt_text":"","src":"","width":0,"height":0},"classes":[]},{"id":26710,"url":"https:\/\/www.achimbrueckner.de\/dxradio\/php\/wordpress\/?p=26710","url_meta":{"origin":215,"position":4},"title":"Southgate Amateur Radio News: H\u00f6rfunksendung f\u00fcr Funkamateure","author":"Administrator","date":"January 19, 2020","format":false,"excerpt":"Wie der FUNKAMATEUR meldet, sendet das Informationsportal des Southgate Amateur Radio Club (SARC) nun einmal w\u00f6chentlich Amateurfunknachrichten in englischer Sprache \u00fcber die Kurzwellensender von Shortwave Radio. Ausgestrahlt wird das Programm immer sonntags ab 1000 UTC auf 3975 kHz im 75-m-Band und auf 6160 kHz im 49-m-Band (Wiederholungen folgen am gleichen\u2026","rel":"","context":"In &quot;Deutsch&quot;","block_context":{"text":"Deutsch","link":"https:\/\/www.achimbrueckner.de\/dxradio\/php\/wordpress\/?cat=1"},"img":{"alt_text":"","src":"","width":0,"height":0},"classes":[]},{"id":34200,"url":"https:\/\/www.achimbrueckner.de\/dxradio\/php\/wordpress\/?p=34200","url_meta":{"origin":215,"position":5},"title":"FMK Weihnachten 2021","author":"Administrator","date":"December 18, 2021","format":false,"excerpt":"Hallo liebe Radiofreunde, es wird dieses Jahr keinen DX-Marathon geben an dem sich FM Kompakt bzw. Radio Klein Paris beteiligen. Trotzdem habe ich mir etwas, einen kleinen Kontest, \u00fcberlegt. FM Kompakt hat in den Programmen von Partnerstationen jeweils einen Gru\u00df platziert und auch Musikw\u00fcnsche ge\u00e4u\u00dfert. Schaltet bitte folgende Programme ein\u2026","rel":"","context":"In &quot;Deutsch&quot;","block_context":{"text":"Deutsch","link":"https:\/\/www.achimbrueckner.de\/dxradio\/php\/wordpress\/?cat=1"},"img":{"alt_text":"","src":"","width":0,"height":0},"classes":[]}],"_links":{"self":[{"href":"https:\/\/www.achimbrueckner.de\/dxradio\/php\/wordpress\/index.php?rest_route=\/wp\/v2\/posts\/215","targetHints":{"allow":["GET"]}}],"collection":[{"href":"https:\/\/www.achimbrueckner.de\/dxradio\/php\/wordpress\/index.php?rest_route=\/wp\/v2\/posts"}],"about":[{"href":"https:\/\/www.achimbrueckner.de\/dxradio\/php\/wordpress\/index.php?rest_route=\/wp\/v2\/types\/post"}],"author":[{"embeddable":true,"href":"https:\/\/www.achimbrueckner.de\/dxradio\/php\/wordpress\/index.php?rest_route=\/wp\/v2\/users\/1"}],"replies":[{"embeddable":true,"href":"https:\/\/www.achimbrueckner.de\/dxradio\/php\/wordpress\/index.php?rest_route=%2Fwp%2Fv2%2Fcomments&post=215"}],"version-history":[{"count":0,"href":"https:\/\/www.achimbrueckner.de\/dxradio\/php\/wordpress\/index.php?rest_route=\/wp\/v2\/posts\/215\/revisions"}],"wp:attachment":[{"href":"https:\/\/www.achimbrueckner.de\/dxradio\/php\/wordpress\/index.php?rest_route=%2Fwp%2Fv2%2Fmedia&parent=215"}],"wp:term":[{"taxonomy":"category","embeddable":true,"href":"https:\/\/www.achimbrueckner.de\/dxradio\/php\/wordpress\/index.php?rest_route=%2Fwp%2Fv2%2Fcategories&post=215"},{"taxonomy":"post_tag","embeddable":true,"href":"https:\/\/www.achimbrueckner.de\/dxradio\/php\/wordpress\/index.php?rest_route=%2Fwp%2Fv2%2Ftags&post=215"}],"curies":[{"name":"wp","href":"https:\/\/api.w.org\/{rel}","templated":true}]}}