{"id":2156,"date":"2012-02-23T20:13:37","date_gmt":"2012-02-23T20:13:37","guid":{"rendered":"https:\/\/www.achimbrueckner.de\/dxradio\/php\/wordpress\/?p=2156"},"modified":"2012-02-23T20:14:18","modified_gmt":"2012-02-23T20:14:18","slug":"radio-in-den-30er-40er-50er-jahren","status":"publish","type":"post","link":"https:\/\/www.achimbrueckner.de\/dxradio\/php\/wordpress\/?p=2156","title":{"rendered":"Radio in den 30er 40er 50er Jahren"},"content":{"rendered":"<p>Diese niederl\u00e4ndische Seite besch\u00e4ftigt sich mit Radio in den 30er 40er 50er Jahren<\/p>\n<p><a href=\"http:\/\/www.kwaad.net\/Radio.html\" target=\"_blank\">http:\/\/www.kwaad.net\/Radio.html<\/a><\/p>\n<p>Info via <a href=\"http:\/\/groups.yahoo.com\/group\/Goldenradionl\" target=\"_blank\">GoldenRadioNl<\/a><\/p>\n","protected":false},"excerpt":{"rendered":"<p>Diese niederl\u00e4ndische Seite besch\u00e4ftigt sich mit Radio in den 30er 40er 50er Jahren http:\/\/www.kwaad.net\/Radio.html Info via GoldenRadioNl<\/p>\n","protected":false},"author":1,"featured_media":0,"comment_status":"open","ping_status":"open","sticky":false,"template":"","format":"standard","meta":{"_jetpack_memberships_contains_paid_content":false,"footnotes":"","jetpack_publicize_message":"","jetpack_publicize_feature_enabled":true,"jetpack_social_post_already_shared":false,"jetpack_social_options":{"image_generator_settings":{"template":"highway","default_image_id":0,"font":"","enabled":false},"version":2}},"categories":[7],"tags":[],"class_list":["post-2156","post","type-post","status-publish","format-standard","hentry","category-links"],"jetpack_publicize_connections":[],"jetpack_featured_media_url":"","jetpack_sharing_enabled":true,"jetpack_shortlink":"https:\/\/wp.me\/p5CDmr-yM","jetpack-related-posts":[{"id":37048,"url":"https:\/\/www.achimbrueckner.de\/dxradio\/php\/wordpress\/?p=37048","url_meta":{"origin":2156,"position":0},"title":"Radio Andorra August September 2022","author":"Administrator","date":"July 22, 2022","format":false,"excerpt":"Die n\u00e4chsten beiden Sendungen \"Aus den Archiven von Radio Andorra\" sind fix geplant. Auch im August und September hei\u00dft es am ersten Samstag im Monat: Zeit, 43 Jahre alte Kassetten wieder h\u00f6rbar zu machen. Am Samstag, 06. August 2022 gestaltet Ricet Barrier eine Stunde Programm mit Chansons und Geschichten aus\u2026","rel":"","context":"In &quot;Deutsch&quot;","block_context":{"text":"Deutsch","link":"https:\/\/www.achimbrueckner.de\/dxradio\/php\/wordpress\/?cat=1"},"img":{"alt_text":"","src":"","width":0,"height":0},"classes":[]},{"id":14164,"url":"https:\/\/www.achimbrueckner.de\/dxradio\/php\/wordpress\/?p=14164","url_meta":{"origin":2156,"position":1},"title":"Lofree Poison: Bluetooth Radio und Speaker im Stil der 50er","author":"Administrator","date":"August 14, 2017","format":false,"excerpt":"http:\/\/www.technikneuheiten.com\/lofree-poison-bluetooth-radio-und-speaker-im-stil-der-50er\/","rel":"","context":"In &quot;Deutsch&quot;","block_context":{"text":"Deutsch","link":"https:\/\/www.achimbrueckner.de\/dxradio\/php\/wordpress\/?cat=1"},"img":{"alt_text":"","src":"","width":0,"height":0},"classes":[]},{"id":33672,"url":"https:\/\/www.achimbrueckner.de\/dxradio\/php\/wordpress\/?p=33672","url_meta":{"origin":2156,"position":2},"title":"Katja Berg: Grenzenlose Unterhaltung: Radio Luxemburg","author":"Administrator","date":"September 29, 2021","format":false,"excerpt":"Buch-Tipp: Auf und Ab der Radiolegende Radio Luxemburg war der gro\u00dfe kommerzielle \u00fcberregionale Sender der 50er- bis 80er-Jahre. In Deutschland wurde er im Saarland und in Nordrhein-Westfalen wegen der N\u00e4he zum Nachbarland und dem damit einhergehenden guten Empfang besonders viel geh\u00f6rt und wird dort heute noch oft nostalgisch verkl\u00e4rt. Das\u2026","rel":"","context":"In &quot;Deutsch&quot;","block_context":{"text":"Deutsch","link":"https:\/\/www.achimbrueckner.de\/dxradio\/php\/wordpress\/?cat=1"},"img":{"alt_text":"","src":"","width":0,"height":0},"classes":[]},{"id":32806,"url":"https:\/\/www.achimbrueckner.de\/dxradio\/php\/wordpress\/?p=32806","url_meta":{"origin":2156,"position":3},"title":"NDR Info startet Podcast \u00fcber die 50er Jahre","author":"Administrator","date":"June 1, 2021","format":false,"excerpt":"https:\/\/www.radiowoche.de\/ndr-info-startet-podcast-ueber-die-50er-jahre\/","rel":"","context":"In &quot;Deutsch&quot;","block_context":{"text":"Deutsch","link":"https:\/\/www.achimbrueckner.de\/dxradio\/php\/wordpress\/?cat=1"},"img":{"alt_text":"","src":"","width":0,"height":0},"classes":[]},{"id":8472,"url":"https:\/\/www.achimbrueckner.de\/dxradio\/php\/wordpress\/?p=8472","url_meta":{"origin":2156,"position":4},"title":"Zur\u00fcck in die 50er Ein Tonstudio der alten Art","author":"Administrator","date":"June 10, 2016","format":false,"excerpt":"http:\/\/www.br.de\/mediathek\/video\/sendungen\/schwaben-und-altbayern\/tonstudio-50er-100.html#&time=","rel":"","context":"In &quot;Deutsch&quot;","block_context":{"text":"Deutsch","link":"https:\/\/www.achimbrueckner.de\/dxradio\/php\/wordpress\/?cat=1"},"img":{"alt_text":"","src":"","width":0,"height":0},"classes":[]},{"id":29824,"url":"https:\/\/www.achimbrueckner.de\/dxradio\/php\/wordpress\/?p=29824","url_meta":{"origin":2156,"position":5},"title":"Die 1950er Jahre Das &#8220;Radiojahrzehnt&#8221;","author":"Administrator","date":"August 26, 2020","format":false,"excerpt":"https:\/\/www.br.de\/unternehmen\/inhalt\/organisation\/geschichte-radio-muenchen-50er-jahre-radiojahrzehnt-100.html","rel":"","context":"In &quot;Deutsch&quot;","block_context":{"text":"Deutsch","link":"https:\/\/www.achimbrueckner.de\/dxradio\/php\/wordpress\/?cat=1"},"img":{"alt_text":"","src":"","width":0,"height":0},"classes":[]}],"_links":{"self":[{"href":"https:\/\/www.achimbrueckner.de\/dxradio\/php\/wordpress\/index.php?rest_route=\/wp\/v2\/posts\/2156","targetHints":{"allow":["GET"]}}],"collection":[{"href":"https:\/\/www.achimbrueckner.de\/dxradio\/php\/wordpress\/index.php?rest_route=\/wp\/v2\/posts"}],"about":[{"href":"https:\/\/www.achimbrueckner.de\/dxradio\/php\/wordpress\/index.php?rest_route=\/wp\/v2\/types\/post"}],"author":[{"embeddable":true,"href":"https:\/\/www.achimbrueckner.de\/dxradio\/php\/wordpress\/index.php?rest_route=\/wp\/v2\/users\/1"}],"replies":[{"embeddable":true,"href":"https:\/\/www.achimbrueckner.de\/dxradio\/php\/wordpress\/index.php?rest_route=%2Fwp%2Fv2%2Fcomments&post=2156"}],"version-history":[{"count":0,"href":"https:\/\/www.achimbrueckner.de\/dxradio\/php\/wordpress\/index.php?rest_route=\/wp\/v2\/posts\/2156\/revisions"}],"wp:attachment":[{"href":"https:\/\/www.achimbrueckner.de\/dxradio\/php\/wordpress\/index.php?rest_route=%2Fwp%2Fv2%2Fmedia&parent=2156"}],"wp:term":[{"taxonomy":"category","embeddable":true,"href":"https:\/\/www.achimbrueckner.de\/dxradio\/php\/wordpress\/index.php?rest_route=%2Fwp%2Fv2%2Fcategories&post=2156"},{"taxonomy":"post_tag","embeddable":true,"href":"https:\/\/www.achimbrueckner.de\/dxradio\/php\/wordpress\/index.php?rest_route=%2Fwp%2Fv2%2Ftags&post=2156"}],"curies":[{"name":"wp","href":"https:\/\/api.w.org\/{rel}","templated":true}]}}