{"id":21648,"date":"2019-02-15T13:59:41","date_gmt":"2019-02-15T13:59:41","guid":{"rendered":"https:\/\/www.achimbrueckner.de\/dxradio\/php\/wordpress\/?p=21648"},"modified":"2019-02-15T13:59:41","modified_gmt":"2019-02-15T13:59:41","slug":"europa-der-brite-tony-hall-ist-neuer-ebu%e2%80%91prasident","status":"publish","type":"post","link":"https:\/\/www.achimbrueckner.de\/dxradio\/php\/wordpress\/?p=21648","title":{"rendered":"Europa: Der Brite Tony Hall ist neuer EBU\u2011Pr\u00e4sident"},"content":{"rendered":"<p><a href=\"https:\/\/www.medienkorrespondenz.de\/ausland\/artikel\/europa-der-brite-tony-hall-ist-neuer-ebu-praesident.html\" rel=\"noopener\" target=\"_blank\">https:\/\/www.medienkorrespondenz.de\/ausland\/artikel\/europa-der-brite-tony-hall-ist-neuer-ebu-praesident.html<\/a><\/p>\n","protected":false},"excerpt":{"rendered":"<p>https:\/\/www.medienkorrespondenz.de\/ausland\/artikel\/europa-der-brite-tony-hall-ist-neuer-ebu-praesident.html<\/p>\n","protected":false},"author":1,"featured_media":0,"comment_status":"closed","ping_status":"open","sticky":false,"template":"","format":"standard","meta":{"_jetpack_memberships_contains_paid_content":false,"footnotes":"","jetpack_publicize_message":"","jetpack_publicize_feature_enabled":true,"jetpack_social_post_already_shared":true,"jetpack_social_options":{"image_generator_settings":{"template":"highway","default_image_id":0,"font":"","enabled":false},"version":2}},"categories":[1,15],"tags":[45],"class_list":["post-21648","post","type-post","status-publish","format-standard","hentry","category-deutsch","category-medien","tag-medien"],"jetpack_publicize_connections":[],"jetpack_featured_media_url":"","jetpack_sharing_enabled":true,"jetpack_shortlink":"https:\/\/wp.me\/p5CDmr-5Da","jetpack-related-posts":[{"id":11515,"url":"https:\/\/www.achimbrueckner.de\/dxradio\/php\/wordpress\/?p=11515","url_meta":{"origin":21648,"position":0},"title":"Neuer Name f\u00fcr Funkhaus Europa Ordnung und Glanz der Welt","author":"Administrator","date":"December 26, 2016","format":false,"excerpt":"http:\/\/www.tagesspiegel.de\/medien\/neuer-name-fuer-funkhaus-europa-ordnung-und-glanz-der-welt\/19158374.html","rel":"","context":"In &quot;Deutsch&quot;","block_context":{"text":"Deutsch","link":"https:\/\/www.achimbrueckner.de\/dxradio\/php\/wordpress\/?cat=1"},"img":{"alt_text":"","src":"","width":0,"height":0},"classes":[]},{"id":2433,"url":"https:\/\/www.achimbrueckner.de\/dxradio\/php\/wordpress\/?p=2433","url_meta":{"origin":21648,"position":1},"title":"EBU will UKW digitalisieren","author":"Administrator","date":"March 27, 2013","format":false,"excerpt":"EBU will UKW digitalisieren http:\/\/www.rein-hoeren.de\/radio\/drm\/2013\/ebu-will-ukw-digitalisieren\/1704","rel":"","context":"In &quot;Deutsch&quot;","block_context":{"text":"Deutsch","link":"https:\/\/www.achimbrueckner.de\/dxradio\/php\/wordpress\/?cat=1"},"img":{"alt_text":"","src":"","width":0,"height":0},"classes":[]},{"id":25514,"url":"https:\/\/www.achimbrueckner.de\/dxradio\/php\/wordpress\/?p=25514","url_meta":{"origin":21648,"position":2},"title":"EBU fordert 5G-Broadcast-Modus","author":"Administrator","date":"October 26, 2019","format":false,"excerpt":"https:\/\/www.infosat.de\/digital-tv\/ebu-fordert-5g-broadcast-modus","rel":"","context":"In &quot;Deutsch&quot;","block_context":{"text":"Deutsch","link":"https:\/\/www.achimbrueckner.de\/dxradio\/php\/wordpress\/?cat=1"},"img":{"alt_text":"","src":"","width":0,"height":0},"classes":[]},{"id":31242,"url":"https:\/\/www.achimbrueckner.de\/dxradio\/php\/wordpress\/?p=31242","url_meta":{"origin":21648,"position":3},"title":"EBU: Edita Kudl\u00e1\u010dov\u00e1 wird Head of Radio","author":"Administrator","date":"December 19, 2020","format":false,"excerpt":"https:\/\/www.radiowoche.de\/ebu-edita-kudlacova-wird-head-of-radio\/","rel":"","context":"In &quot;Deutsch&quot;","block_context":{"text":"Deutsch","link":"https:\/\/www.achimbrueckner.de\/dxradio\/php\/wordpress\/?cat=1"},"img":{"alt_text":"","src":"","width":0,"height":0},"classes":[]},{"id":36997,"url":"https:\/\/www.achimbrueckner.de\/dxradio\/php\/wordpress\/?p=36997","url_meta":{"origin":21648,"position":4},"title":"EBU Measures Music Diversity in Radio Programming","author":"Administrator","date":"July 18, 2022","format":false,"excerpt":"https:\/\/www.radioworld.com\/global\/ebu-measures-music-diversity-in-radio-programming","rel":"","context":"In &quot;English&quot;","block_context":{"text":"English","link":"https:\/\/www.achimbrueckner.de\/dxradio\/php\/wordpress\/?cat=2"},"img":{"alt_text":"","src":"","width":0,"height":0},"classes":[]},{"id":12731,"url":"https:\/\/www.achimbrueckner.de\/dxradio\/php\/wordpress\/?p=12731","url_meta":{"origin":21648,"position":5},"title":"EBU Updates .radio Timeline, Priority","author":"Administrator","date":"April 3, 2017","format":false,"excerpt":"http:\/\/www.radioworld.com\/news-and-business\/0002\/ebu-updates-radio-timeline-priority\/339407","rel":"","context":"In &quot;English&quot;","block_context":{"text":"English","link":"https:\/\/www.achimbrueckner.de\/dxradio\/php\/wordpress\/?cat=2"},"img":{"alt_text":"","src":"","width":0,"height":0},"classes":[]}],"_links":{"self":[{"href":"https:\/\/www.achimbrueckner.de\/dxradio\/php\/wordpress\/index.php?rest_route=\/wp\/v2\/posts\/21648","targetHints":{"allow":["GET"]}}],"collection":[{"href":"https:\/\/www.achimbrueckner.de\/dxradio\/php\/wordpress\/index.php?rest_route=\/wp\/v2\/posts"}],"about":[{"href":"https:\/\/www.achimbrueckner.de\/dxradio\/php\/wordpress\/index.php?rest_route=\/wp\/v2\/types\/post"}],"author":[{"embeddable":true,"href":"https:\/\/www.achimbrueckner.de\/dxradio\/php\/wordpress\/index.php?rest_route=\/wp\/v2\/users\/1"}],"replies":[{"embeddable":true,"href":"https:\/\/www.achimbrueckner.de\/dxradio\/php\/wordpress\/index.php?rest_route=%2Fwp%2Fv2%2Fcomments&post=21648"}],"version-history":[{"count":0,"href":"https:\/\/www.achimbrueckner.de\/dxradio\/php\/wordpress\/index.php?rest_route=\/wp\/v2\/posts\/21648\/revisions"}],"wp:attachment":[{"href":"https:\/\/www.achimbrueckner.de\/dxradio\/php\/wordpress\/index.php?rest_route=%2Fwp%2Fv2%2Fmedia&parent=21648"}],"wp:term":[{"taxonomy":"category","embeddable":true,"href":"https:\/\/www.achimbrueckner.de\/dxradio\/php\/wordpress\/index.php?rest_route=%2Fwp%2Fv2%2Fcategories&post=21648"},{"taxonomy":"post_tag","embeddable":true,"href":"https:\/\/www.achimbrueckner.de\/dxradio\/php\/wordpress\/index.php?rest_route=%2Fwp%2Fv2%2Ftags&post=21648"}],"curies":[{"name":"wp","href":"https:\/\/api.w.org\/{rel}","templated":true}]}}