{"id":21698,"date":"2019-02-18T18:57:50","date_gmt":"2019-02-18T18:57:50","guid":{"rendered":"https:\/\/www.achimbrueckner.de\/dxradio\/php\/wordpress\/?p=21698"},"modified":"2019-02-18T18:57:50","modified_gmt":"2019-02-18T18:57:50","slug":"britisches-scala-radio-startet-mit-dab-ubertragung","status":"publish","type":"post","link":"https:\/\/www.achimbrueckner.de\/dxradio\/php\/wordpress\/?p=21698","title":{"rendered":"Britisches SCALA Radio startet mit DAB \u00dcbertragung"},"content":{"rendered":"<p><a href=\"https:\/\/radioempfang.digital\/news\/britisches-scala-radio-startet-mit-dab-uebertragung\" rel=\"noopener\" target=\"_blank\">https:\/\/radioempfang.digital\/news\/britisches-scala-radio-startet-mit-dab-uebertragung<\/a><\/p>\n","protected":false},"excerpt":{"rendered":"<p>https:\/\/radioempfang.digital\/news\/britisches-scala-radio-startet-mit-dab-uebertragung<\/p>\n","protected":false},"author":1,"featured_media":0,"comment_status":"closed","ping_status":"open","sticky":false,"template":"","format":"standard","meta":{"_jetpack_memberships_contains_paid_content":false,"footnotes":"","jetpack_publicize_message":"","jetpack_publicize_feature_enabled":true,"jetpack_social_post_already_shared":true,"jetpack_social_options":{"image_generator_settings":{"template":"highway","default_image_id":0,"font":"","enabled":false},"version":2}},"categories":[1,3],"tags":[31,42],"class_list":["post-21698","post","type-post","status-publish","format-standard","hentry","category-deutsch","category-empfang","tag-dab","tag-empfang"],"jetpack_publicize_connections":[],"jetpack_featured_media_url":"","jetpack_sharing_enabled":true,"jetpack_shortlink":"https:\/\/wp.me\/p5CDmr-5DY","jetpack-related-posts":[{"id":23475,"url":"https:\/\/www.achimbrueckner.de\/dxradio\/php\/wordpress\/?p=23475","url_meta":{"origin":21698,"position":0},"title":"Heart Dance startet in Gro\u00dfbritannien auf DAB+","author":"Administrator","date":"June 19, 2019","format":false,"excerpt":"https:\/\/radioempfang.digital\/news\/heart-dance-startet-in-grossbritannien-ueber-dab","rel":"","context":"In &quot;Deutsch&quot;","block_context":{"text":"Deutsch","link":"https:\/\/www.achimbrueckner.de\/dxradio\/php\/wordpress\/?cat=1"},"img":{"alt_text":"","src":"","width":0,"height":0},"classes":[]},{"id":10713,"url":"https:\/\/www.achimbrueckner.de\/dxradio\/php\/wordpress\/?p=10713","url_meta":{"origin":21698,"position":1},"title":"Britisches Fernsehen Hier stehen wir, dort steht ihr","author":"Administrator","date":"October 14, 2016","format":false,"excerpt":"http:\/\/www.sueddeutsche.de\/medien\/britisches-fernsehen-was-die-bbc-fuer-grossbritannien-bedeutet-1.3205270-2","rel":"","context":"In &quot;Deutsch&quot;","block_context":{"text":"Deutsch","link":"https:\/\/www.achimbrueckner.de\/dxradio\/php\/wordpress\/?cat=1"},"img":{"alt_text":"","src":"","width":0,"height":0},"classes":[]},{"id":1193,"url":"https:\/\/www.achimbrueckner.de\/dxradio\/php\/wordpress\/?p=1193","url_meta":{"origin":21698,"position":2},"title":"Britisches Sparpaket &#8211; Auch die BBC muss leiden","author":"Administrator","date":"October 21, 2010","format":false,"excerpt":"Britisches Sparpaket - Auch die BBC muss leiden http:\/\/www.spiegel.de\/kultur\/gesellschaft\/0,1518,724296,00.html Info via A-DX","rel":"","context":"In &quot;Deutsch&quot;","block_context":{"text":"Deutsch","link":"https:\/\/www.achimbrueckner.de\/dxradio\/php\/wordpress\/?cat=1"},"img":{"alt_text":"","src":"","width":0,"height":0},"classes":[]},{"id":10334,"url":"https:\/\/www.achimbrueckner.de\/dxradio\/php\/wordpress\/?p=10334","url_meta":{"origin":21698,"position":3},"title":"Soundtrack zum Brexit: Neues britisches Digitalradioprogramm spielt nur einheimische Musik","author":"Administrator","date":"September 11, 2016","format":false,"excerpt":"http:\/\/www.radiowoche.de\/soundtrack-zum-brexit-britisches-digitalradioprogramm-spielt-nur-einheimische-musik\/","rel":"","context":"In &quot;Deutsch&quot;","block_context":{"text":"Deutsch","link":"https:\/\/www.achimbrueckner.de\/dxradio\/php\/wordpress\/?cat=1"},"img":{"alt_text":"","src":"","width":0,"height":0},"classes":[]},{"id":1994,"url":"https:\/\/www.achimbrueckner.de\/dxradio\/php\/wordpress\/?p=1994","url_meta":{"origin":21698,"position":4},"title":"\u00dcbersicht: F\u00fcnf Pocket-Radios mit DAB+-Empfang","author":"Administrator","date":"November 27, 2011","format":false,"excerpt":"\u00dcbersicht: F\u00fcnf Pocket-Radios mit DAB+-Empfang http:\/\/www.teltarif.de\/dab-radio-multimedia\/news\/44760.html","rel":"","context":"In &quot;Deutsch&quot;","block_context":{"text":"Deutsch","link":"https:\/\/www.achimbrueckner.de\/dxradio\/php\/wordpress\/?cat=1"},"img":{"alt_text":"","src":"","width":0,"height":0},"classes":[]},{"id":32428,"url":"https:\/\/www.achimbrueckner.de\/dxradio\/php\/wordpress\/?p=32428","url_meta":{"origin":21698,"position":5},"title":"Renaissance: Der Discman kommt zur\u00fcck mit DAB+-Empfang","author":"Administrator","date":"April 4, 2021","format":false,"excerpt":"https:\/\/www.teltarif.de\/technisat-auna-dab-plus-cd-player-radio\/news\/84015.html","rel":"","context":"In &quot;Deutsch&quot;","block_context":{"text":"Deutsch","link":"https:\/\/www.achimbrueckner.de\/dxradio\/php\/wordpress\/?cat=1"},"img":{"alt_text":"","src":"","width":0,"height":0},"classes":[]}],"_links":{"self":[{"href":"https:\/\/www.achimbrueckner.de\/dxradio\/php\/wordpress\/index.php?rest_route=\/wp\/v2\/posts\/21698","targetHints":{"allow":["GET"]}}],"collection":[{"href":"https:\/\/www.achimbrueckner.de\/dxradio\/php\/wordpress\/index.php?rest_route=\/wp\/v2\/posts"}],"about":[{"href":"https:\/\/www.achimbrueckner.de\/dxradio\/php\/wordpress\/index.php?rest_route=\/wp\/v2\/types\/post"}],"author":[{"embeddable":true,"href":"https:\/\/www.achimbrueckner.de\/dxradio\/php\/wordpress\/index.php?rest_route=\/wp\/v2\/users\/1"}],"replies":[{"embeddable":true,"href":"https:\/\/www.achimbrueckner.de\/dxradio\/php\/wordpress\/index.php?rest_route=%2Fwp%2Fv2%2Fcomments&post=21698"}],"version-history":[{"count":0,"href":"https:\/\/www.achimbrueckner.de\/dxradio\/php\/wordpress\/index.php?rest_route=\/wp\/v2\/posts\/21698\/revisions"}],"wp:attachment":[{"href":"https:\/\/www.achimbrueckner.de\/dxradio\/php\/wordpress\/index.php?rest_route=%2Fwp%2Fv2%2Fmedia&parent=21698"}],"wp:term":[{"taxonomy":"category","embeddable":true,"href":"https:\/\/www.achimbrueckner.de\/dxradio\/php\/wordpress\/index.php?rest_route=%2Fwp%2Fv2%2Fcategories&post=21698"},{"taxonomy":"post_tag","embeddable":true,"href":"https:\/\/www.achimbrueckner.de\/dxradio\/php\/wordpress\/index.php?rest_route=%2Fwp%2Fv2%2Ftags&post=21698"}],"curies":[{"name":"wp","href":"https:\/\/api.w.org\/{rel}","templated":true}]}}