{"id":21699,"date":"2019-02-18T18:59:30","date_gmt":"2019-02-18T18:59:30","guid":{"rendered":"https:\/\/www.achimbrueckner.de\/dxradio\/php\/wordpress\/?p=21699"},"modified":"2019-02-18T18:59:30","modified_gmt":"2019-02-18T18:59:30","slug":"jahreshauptversammlung-des-darc-ov-bad-driburg","status":"publish","type":"post","link":"https:\/\/www.achimbrueckner.de\/dxradio\/php\/wordpress\/?p=21699","title":{"rendered":"Jahreshauptversammlung des DARC OV Bad Driburg"},"content":{"rendered":"<p><a href=\"https:\/\/www.brakel-news.de\/region-aktiv\/3030-jahreshauptversammlung-des-darc-ov-bad-driburg\" rel=\"noopener\" target=\"_blank\">https:\/\/www.brakel-news.de\/region-aktiv\/3030-jahreshauptversammlung-des-darc-ov-bad-driburg<\/a><\/p>\n","protected":false},"excerpt":{"rendered":"<p>https:\/\/www.brakel-news.de\/region-aktiv\/3030-jahreshauptversammlung-des-darc-ov-bad-driburg<\/p>\n","protected":false},"author":1,"featured_media":0,"comment_status":"closed","ping_status":"open","sticky":false,"template":"","format":"standard","meta":{"_jetpack_memberships_contains_paid_content":false,"footnotes":"","jetpack_publicize_message":"","jetpack_publicize_feature_enabled":true,"jetpack_social_post_already_shared":true,"jetpack_social_options":{"image_generator_settings":{"template":"highway","default_image_id":0,"font":"","enabled":false},"version":2}},"categories":[1],"tags":[24],"class_list":["post-21699","post","type-post","status-publish","format-standard","hentry","category-deutsch","tag-am"],"jetpack_publicize_connections":[],"jetpack_featured_media_url":"","jetpack_sharing_enabled":true,"jetpack_shortlink":"https:\/\/wp.me\/p5CDmr-5DZ","jetpack-related-posts":[{"id":23031,"url":"https:\/\/www.achimbrueckner.de\/dxradio\/php\/wordpress\/?p=23031","url_meta":{"origin":21699,"position":0},"title":"Deutscher Amateur-Radio-Club (DARC) Distriktversammlung Westfalen Nord","author":"Administrator","date":"May 8, 2019","format":false,"excerpt":"https:\/\/www.brakel-news.de\/region-aktiv\/3366-deutscher-amateur-radio-club-darc-distriktversammlung-westfalen-nord","rel":"","context":"In &quot;Deutsch&quot;","block_context":{"text":"Deutsch","link":"https:\/\/www.achimbrueckner.de\/dxradio\/php\/wordpress\/?cat=1"},"img":{"alt_text":"","src":"","width":0,"height":0},"classes":[]},{"id":25562,"url":"https:\/\/www.achimbrueckner.de\/dxradio\/php\/wordpress\/?p=25562","url_meta":{"origin":21699,"position":1},"title":"Traditioneller Flohmarkt der Funkamateure des DARC-OV Ahrweiler F\u00fcr Funkamateure, Hobby-Elektroniker und technisch Interessierte","author":"Administrator","date":"October 31, 2019","format":false,"excerpt":"https:\/\/www.blick-aktuell.de\/Berichte\/Fuer-FunkamateureHobby-Elektroniker-undtechnisch-Interessierte-417875.html","rel":"","context":"In &quot;Deutsch&quot;","block_context":{"text":"Deutsch","link":"https:\/\/www.achimbrueckner.de\/dxradio\/php\/wordpress\/?cat=1"},"img":{"alt_text":"","src":"","width":0,"height":0},"classes":[]},{"id":12508,"url":"https:\/\/www.achimbrueckner.de\/dxradio\/php\/wordpress\/?p=12508","url_meta":{"origin":21699,"position":2},"title":"Radio DARC On Air DF2NU dk2ndr Amateurfunk Conny Ferrin ORS Funkamateur OV- C18","author":"Administrator","date":"March 14, 2017","format":false,"excerpt":"https:\/\/www.youtube.com\/watch?v=dQPhLVU5YFo","rel":"","context":"In &quot;Deutsch&quot;","block_context":{"text":"Deutsch","link":"https:\/\/www.achimbrueckner.de\/dxradio\/php\/wordpress\/?cat=1"},"img":{"alt_text":"","src":"","width":0,"height":0},"classes":[]},{"id":17947,"url":"https:\/\/www.achimbrueckner.de\/dxradio\/php\/wordpress\/?p=17947","url_meta":{"origin":21699,"position":3},"title":"DARC OV Y07 wirbt auf Hochschulinformationstag der TH Wildau f\u00fcr den Amateurfunk | UHD 4K","author":"Administrator","date":"May 27, 2018","format":false,"excerpt":"https:\/\/www.youtube.com\/watch?v=ALvQ8hcAEwg&feature=youtu.be","rel":"","context":"In &quot;Deutsch&quot;","block_context":{"text":"Deutsch","link":"https:\/\/www.achimbrueckner.de\/dxradio\/php\/wordpress\/?cat=1"},"img":{"alt_text":"","src":"","width":0,"height":0},"classes":[]},{"id":30129,"url":"https:\/\/www.achimbrueckner.de\/dxradio\/php\/wordpress\/?p=30129","url_meta":{"origin":21699,"position":4},"title":"Shortwave Radio DARC-Special 19. September 2020","author":"Administrator","date":"September 19, 2020","format":false,"excerpt":"Heute Abend CQ-Serenade Spezial: Ab ca. 1945 CEST Live-Vortrag \u00fcber die Gr\u00fcndung des Deutschen Amateur Radio Clubs D.A.R.C. in Bad Homburg vor genau 70 Jahren. \u00dcbertragung des Vortrages des DARC Ortsverbandes Bad Homburg (Fox 11) via Shortwave Radio auf 3975 kHz und 6160 kHz Info via Facebook","rel":"","context":"In &quot;Deutsch&quot;","block_context":{"text":"Deutsch","link":"https:\/\/www.achimbrueckner.de\/dxradio\/php\/wordpress\/?cat=1"},"img":{"alt_text":"","src":"","width":0,"height":0},"classes":[]},{"id":39321,"url":"https:\/\/www.achimbrueckner.de\/dxradio\/php\/wordpress\/?p=39321","url_meta":{"origin":21699,"position":5},"title":"Funk-Telegramm 5\/2023","author":"Administrator","date":"April 14, 2023","format":false,"excerpt":"Das neue Funk-Telegramm 5\/2023 ist unterwegs zu den Lesern! Das Jahres-Abo kostet 24 Euro. Infos auf www.FUNK-TELEGRAMM.de oder einfach 24 Euro paypalen an FUNK-TELEGRAMM@t-online.de 73 Joachim, DL8HCZ Aus dem Inhalt: IC-705 und Software SDR-Control: Auf 12 Seiten erkl\u00e4rt Nils Schiffhauer, DK8OK, alles Wissenswerte zur Fernsteuerung des IC-705 \u00fcbers Internet mittels\u2026","rel":"","context":"In &quot;Deutsch&quot;","block_context":{"text":"Deutsch","link":"https:\/\/www.achimbrueckner.de\/dxradio\/php\/wordpress\/?cat=1"},"img":{"alt_text":"","src":"","width":0,"height":0},"classes":[]}],"_links":{"self":[{"href":"https:\/\/www.achimbrueckner.de\/dxradio\/php\/wordpress\/index.php?rest_route=\/wp\/v2\/posts\/21699","targetHints":{"allow":["GET"]}}],"collection":[{"href":"https:\/\/www.achimbrueckner.de\/dxradio\/php\/wordpress\/index.php?rest_route=\/wp\/v2\/posts"}],"about":[{"href":"https:\/\/www.achimbrueckner.de\/dxradio\/php\/wordpress\/index.php?rest_route=\/wp\/v2\/types\/post"}],"author":[{"embeddable":true,"href":"https:\/\/www.achimbrueckner.de\/dxradio\/php\/wordpress\/index.php?rest_route=\/wp\/v2\/users\/1"}],"replies":[{"embeddable":true,"href":"https:\/\/www.achimbrueckner.de\/dxradio\/php\/wordpress\/index.php?rest_route=%2Fwp%2Fv2%2Fcomments&post=21699"}],"version-history":[{"count":0,"href":"https:\/\/www.achimbrueckner.de\/dxradio\/php\/wordpress\/index.php?rest_route=\/wp\/v2\/posts\/21699\/revisions"}],"wp:attachment":[{"href":"https:\/\/www.achimbrueckner.de\/dxradio\/php\/wordpress\/index.php?rest_route=%2Fwp%2Fv2%2Fmedia&parent=21699"}],"wp:term":[{"taxonomy":"category","embeddable":true,"href":"https:\/\/www.achimbrueckner.de\/dxradio\/php\/wordpress\/index.php?rest_route=%2Fwp%2Fv2%2Fcategories&post=21699"},{"taxonomy":"post_tag","embeddable":true,"href":"https:\/\/www.achimbrueckner.de\/dxradio\/php\/wordpress\/index.php?rest_route=%2Fwp%2Fv2%2Ftags&post=21699"}],"curies":[{"name":"wp","href":"https:\/\/api.w.org\/{rel}","templated":true}]}}