{"id":21980,"date":"2019-03-05T19:24:20","date_gmt":"2019-03-05T19:24:20","guid":{"rendered":"https:\/\/www.achimbrueckner.de\/dxradio\/php\/wordpress\/?p=21980"},"modified":"2019-03-05T19:24:20","modified_gmt":"2019-03-05T19:24:20","slug":"spotify-neue-podcasts-aus-deutschland-sollen-horer-anlocken","status":"publish","type":"post","link":"https:\/\/www.achimbrueckner.de\/dxradio\/php\/wordpress\/?p=21980","title":{"rendered":"Spotify: Neue Podcasts aus Deutschland sollen H\u00f6rer anlocken"},"content":{"rendered":"<p><a href=\"https:\/\/www.heise.de\/newsticker\/meldung\/Spotify-Neue-Podcasts-aus-Deutschland-sollen-Hoerer-anlocken-4326308.html\" rel=\"noopener noreferrer\" target=\"_blank\">https:\/\/www.heise.de\/newsticker\/meldung\/Spotify-Neue-Podcasts-aus-Deutschland-sollen-Hoerer-anlocken-4326308.html<\/a><\/p>\n","protected":false},"excerpt":{"rendered":"<p>https:\/\/www.heise.de\/newsticker\/meldung\/Spotify-Neue-Podcasts-aus-Deutschland-sollen-Hoerer-anlocken-4326308.html<\/p>\n","protected":false},"author":1,"featured_media":0,"comment_status":"closed","ping_status":"open","sticky":false,"template":"","format":"standard","meta":{"_jetpack_memberships_contains_paid_content":false,"footnotes":"","jetpack_publicize_message":"","jetpack_publicize_feature_enabled":true,"jetpack_social_post_already_shared":true,"jetpack_social_options":{"image_generator_settings":{"template":"highway","default_image_id":0,"font":"","enabled":false},"version":2}},"categories":[1],"tags":[],"class_list":["post-21980","post","type-post","status-publish","format-standard","hentry","category-deutsch"],"jetpack_publicize_connections":[],"jetpack_featured_media_url":"","jetpack_sharing_enabled":true,"jetpack_shortlink":"https:\/\/wp.me\/p5CDmr-5Iw","jetpack-related-posts":[{"id":16689,"url":"https:\/\/www.achimbrueckner.de\/dxradio\/php\/wordpress\/?p=16689","url_meta":{"origin":21980,"position":0},"title":"Irland will Sender anlocken, neue Show f\u00fcr &#8220;Mrs Brown&#8221;","author":"Administrator","date":"February 28, 2018","format":false,"excerpt":"https:\/\/www.dwdl.de\/ukupdate\/65785\/irland_will_sender_anlocken_neue_show_fr_mrs_brown\/","rel":"","context":"In &quot;Deutsch&quot;","block_context":{"text":"Deutsch","link":"https:\/\/www.achimbrueckner.de\/dxradio\/php\/wordpress\/?cat=1"},"img":{"alt_text":"","src":"","width":0,"height":0},"classes":[]},{"id":36941,"url":"https:\/\/www.achimbrueckner.de\/dxradio\/php\/wordpress\/?p=36941","url_meta":{"origin":21980,"position":1},"title":"Spotify bietet Video-Podcasts nun auch in Deutschland an","author":"Administrator","date":"July 12, 2022","format":false,"excerpt":"https:\/\/www.radiowoche.de\/spotify-bietet-video-podcasts-nun-auch-in-deutschland-an\/","rel":"","context":"In &quot;Deutsch&quot;","block_context":{"text":"Deutsch","link":"https:\/\/www.achimbrueckner.de\/dxradio\/php\/wordpress\/?cat=1"},"img":{"alt_text":"","src":"","width":0,"height":0},"classes":[]},{"id":36339,"url":"https:\/\/www.achimbrueckner.de\/dxradio\/php\/wordpress\/?p=36339","url_meta":{"origin":21980,"position":2},"title":"Spotify-Strategin: Deutschland war Experimentierfeld f\u00fcr Podcasts","author":"Administrator","date":"May 15, 2022","format":false,"excerpt":"https:\/\/www.heise.de\/news\/Spotify-Strategin-Deutschland-war-Experimentierfeld-fuer-Podcasts-7092192.html","rel":"","context":"In &quot;Deutsch&quot;","block_context":{"text":"Deutsch","link":"https:\/\/www.achimbrueckner.de\/dxradio\/php\/wordpress\/?cat=1"},"img":{"alt_text":"","src":"","width":0,"height":0},"classes":[]},{"id":25352,"url":"https:\/\/www.achimbrueckner.de\/dxradio\/php\/wordpress\/?p=25352","url_meta":{"origin":21980,"position":3},"title":"Spotifys Daily Drive im Test","author":"Administrator","date":"October 16, 2019","format":false,"excerpt":"Spotifys Daily Drive ist eine automatisch generierte Playlist aus Nachrichten und bevorzugter Musik und ist k\u00fcrzlich in Deutschland gestartet. Das l\u00e4uft schon ganz gut, es gibt abwechslungsreiche Musik aus den bevorzugten Genres und aktuelle Nachrichten. Eine gelungene Innovation, wobei man sich mehr selbstgew\u00e4hlte Einstellungen w\u00fcnschen w\u00fcrde. Es hapert an lokalen\u2026","rel":"","context":"In &quot;Deutsch&quot;","block_context":{"text":"Deutsch","link":"https:\/\/www.achimbrueckner.de\/dxradio\/php\/wordpress\/?cat=1"},"img":{"alt_text":"","src":"","width":0,"height":0},"classes":[]},{"id":26154,"url":"https:\/\/www.achimbrueckner.de\/dxradio\/php\/wordpress\/?p=26154","url_meta":{"origin":21980,"position":4},"title":"Neue Podcasts: Radio Tatort aus der Schweiz, Elf-Stunden-Podcast mit Beisenherz und Polak, Bibel-Podcast mit R\u00fcckert","author":"Administrator","date":"December 12, 2019","format":false,"excerpt":"http:\/\/www.radiowoche.de\/neue-podcasts-radio-tatort-aus-der-schweiz-elf-stunden-mit-beisenherz-und-polak\/","rel":"","context":"In &quot;Deutsch&quot;","block_context":{"text":"Deutsch","link":"https:\/\/www.achimbrueckner.de\/dxradio\/php\/wordpress\/?cat=1"},"img":{"alt_text":"","src":"","width":0,"height":0},"classes":[]},{"id":26315,"url":"https:\/\/www.achimbrueckner.de\/dxradio\/php\/wordpress\/?p=26315","url_meta":{"origin":21980,"position":5},"title":"USA: Apple Podcasts und Spotify Podcasts nun auch auf Amazon Echo verf\u00fcgbar","author":"Administrator","date":"December 22, 2019","format":false,"excerpt":"http:\/\/www.radiowoche.de\/usa-apple-podcasts-und-spotify-nun-auch-auf-amazon-echo-verfuegbar\/","rel":"","context":"In &quot;Deutsch&quot;","block_context":{"text":"Deutsch","link":"https:\/\/www.achimbrueckner.de\/dxradio\/php\/wordpress\/?cat=1"},"img":{"alt_text":"","src":"","width":0,"height":0},"classes":[]}],"_links":{"self":[{"href":"https:\/\/www.achimbrueckner.de\/dxradio\/php\/wordpress\/index.php?rest_route=\/wp\/v2\/posts\/21980","targetHints":{"allow":["GET"]}}],"collection":[{"href":"https:\/\/www.achimbrueckner.de\/dxradio\/php\/wordpress\/index.php?rest_route=\/wp\/v2\/posts"}],"about":[{"href":"https:\/\/www.achimbrueckner.de\/dxradio\/php\/wordpress\/index.php?rest_route=\/wp\/v2\/types\/post"}],"author":[{"embeddable":true,"href":"https:\/\/www.achimbrueckner.de\/dxradio\/php\/wordpress\/index.php?rest_route=\/wp\/v2\/users\/1"}],"replies":[{"embeddable":true,"href":"https:\/\/www.achimbrueckner.de\/dxradio\/php\/wordpress\/index.php?rest_route=%2Fwp%2Fv2%2Fcomments&post=21980"}],"version-history":[{"count":0,"href":"https:\/\/www.achimbrueckner.de\/dxradio\/php\/wordpress\/index.php?rest_route=\/wp\/v2\/posts\/21980\/revisions"}],"wp:attachment":[{"href":"https:\/\/www.achimbrueckner.de\/dxradio\/php\/wordpress\/index.php?rest_route=%2Fwp%2Fv2%2Fmedia&parent=21980"}],"wp:term":[{"taxonomy":"category","embeddable":true,"href":"https:\/\/www.achimbrueckner.de\/dxradio\/php\/wordpress\/index.php?rest_route=%2Fwp%2Fv2%2Fcategories&post=21980"},{"taxonomy":"post_tag","embeddable":true,"href":"https:\/\/www.achimbrueckner.de\/dxradio\/php\/wordpress\/index.php?rest_route=%2Fwp%2Fv2%2Ftags&post=21980"}],"curies":[{"name":"wp","href":"https:\/\/api.w.org\/{rel}","templated":true}]}}