{"id":21996,"date":"2019-03-06T16:59:10","date_gmt":"2019-03-06T16:59:10","guid":{"rendered":"https:\/\/www.achimbrueckner.de\/dxradio\/php\/wordpress\/?p=21996"},"modified":"2019-03-06T16:59:10","modified_gmt":"2019-03-06T16:59:10","slug":"ukw-wird-70-dustere-aussichten-fur-den-angeschlagenen-jubilar","status":"publish","type":"post","link":"https:\/\/www.achimbrueckner.de\/dxradio\/php\/wordpress\/?p=21996","title":{"rendered":"UKW wird 70: D\u00fcstere Aussichten f\u00fcr den angeschlagenen Jubilar"},"content":{"rendered":"<p><a href=\"https:\/\/ultra-hdtv.net\/ukw-wird-70-duestere-aussichten-fuer-den-angeschlagenen-jubilar\/\" rel=\"noopener noreferrer\" target=\"_blank\">https:\/\/ultra-hdtv.net\/ukw-wird-70-duestere-aussichten-fuer-den-angeschlagenen-jubilar\/<\/a><\/p>\n","protected":false},"excerpt":{"rendered":"<p>https:\/\/ultra-hdtv.net\/ukw-wird-70-duestere-aussichten-fuer-den-angeschlagenen-jubilar\/<\/p>\n","protected":false},"author":1,"featured_media":0,"comment_status":"closed","ping_status":"open","sticky":false,"template":"","format":"standard","meta":{"_jetpack_memberships_contains_paid_content":false,"footnotes":"","jetpack_publicize_message":"","jetpack_publicize_feature_enabled":true,"jetpack_social_post_already_shared":true,"jetpack_social_options":{"image_generator_settings":{"template":"highway","default_image_id":0,"font":"","enabled":false},"version":2}},"categories":[1],"tags":[27],"class_list":["post-21996","post","type-post","status-publish","format-standard","hentry","category-deutsch","tag-ukw"],"jetpack_publicize_connections":[],"jetpack_featured_media_url":"","jetpack_sharing_enabled":true,"jetpack_shortlink":"https:\/\/wp.me\/p5CDmr-5IM","jetpack-related-posts":[{"id":21924,"url":"https:\/\/www.achimbrueckner.de\/dxradio\/php\/wordpress\/?p=21924","url_meta":{"origin":21996,"position":0},"title":"70 Jahre UKW in Deutschland DAB+ wird UKW abl\u00f6sen","author":"Administrator","date":"March 1, 2019","format":false,"excerpt":"https:\/\/www.infosat.de\/technik\/70-jahre-ukw-deutschland","rel":"","context":"In &quot;Deutsch&quot;","block_context":{"text":"Deutsch","link":"https:\/\/www.achimbrueckner.de\/dxradio\/php\/wordpress\/?cat=1"},"img":{"alt_text":"","src":"","width":0,"height":0},"classes":[]},{"id":21858,"url":"https:\/\/www.achimbrueckner.de\/dxradio\/php\/wordpress\/?p=21858","url_meta":{"origin":21996,"position":1},"title":"UKW-Radio wird 70 Hat diese Welle noch eine Zukunft?","author":"Administrator","date":"February 27, 2019","format":false,"excerpt":"https:\/\/www.stuttgarter-zeitung.de\/inhalt.ukw-radio-wird-70-hat-diese-welle-noch-eine-zukunft.3df00499-7d38-46ef-8978-0b4fc9df6d27.html","rel":"","context":"In &quot;Deutsch&quot;","block_context":{"text":"Deutsch","link":"https:\/\/www.achimbrueckner.de\/dxradio\/php\/wordpress\/?cat=1"},"img":{"alt_text":"","src":"","width":0,"height":0},"classes":[]},{"id":13582,"url":"https:\/\/www.achimbrueckner.de\/dxradio\/php\/wordpress\/?p=13582","url_meta":{"origin":21996,"position":2},"title":"Kommt Bewegung in den Verkauf des UKW-Sendernetzes?","author":"Administrator","date":"July 3, 2017","format":false,"excerpt":"https:\/\/radio-wird-digital.eu\/kommt-bewegung-in-den-verkauf-des-ukw-sendernetzes\/","rel":"","context":"In &quot;Deutsch&quot;","block_context":{"text":"Deutsch","link":"https:\/\/www.achimbrueckner.de\/dxradio\/php\/wordpress\/?cat=1"},"img":{"alt_text":"","src":"","width":0,"height":0},"classes":[]},{"id":447,"url":"https:\/\/www.achimbrueckner.de\/dxradio\/php\/wordpress\/?p=447","url_meta":{"origin":21996,"position":3},"title":"UKW-SDR-Empf\u00e4nger","author":"Administrator","date":"April 17, 2009","format":false,"excerpt":"\u00dcber den UKW-SDR-Empf\u00e4nger Elexs SI4735 wird im Radioforum diskutiert.","rel":"","context":"In &quot;Deutsch&quot;","block_context":{"text":"Deutsch","link":"https:\/\/www.achimbrueckner.de\/dxradio\/php\/wordpress\/?cat=1"},"img":{"alt_text":"","src":"","width":0,"height":0},"classes":[]},{"id":21890,"url":"https:\/\/www.achimbrueckner.de\/dxradio\/php\/wordpress\/?p=21890","url_meta":{"origin":21996,"position":4},"title":"Welle der Freude\u00ab? &#8211; Das UKW-Radio wird 70","author":"Administrator","date":"February 28, 2019","format":false,"excerpt":"https:\/\/www.main-echo.de\/ueberregional\/kultur\/kultur-index\/-kurz\/prio3\/art496133,6634329","rel":"","context":"In &quot;Deutsch&quot;","block_context":{"text":"Deutsch","link":"https:\/\/www.achimbrueckner.de\/dxradio\/php\/wordpress\/?cat=1"},"img":{"alt_text":"","src":"","width":0,"height":0},"classes":[]},{"id":29215,"url":"https:\/\/www.achimbrueckner.de\/dxradio\/php\/wordpress\/?p=29215","url_meta":{"origin":21996,"position":5},"title":"Hamburg : Sch\u00f6ne Aussichten","author":"Administrator","date":"June 28, 2020","format":false,"excerpt":"https:\/\/www.sueddeutsche.de\/geld\/hamburg-schoene-aussichten-1.4945878","rel":"","context":"In &quot;Deutsch&quot;","block_context":{"text":"Deutsch","link":"https:\/\/www.achimbrueckner.de\/dxradio\/php\/wordpress\/?cat=1"},"img":{"alt_text":"","src":"","width":0,"height":0},"classes":[]}],"_links":{"self":[{"href":"https:\/\/www.achimbrueckner.de\/dxradio\/php\/wordpress\/index.php?rest_route=\/wp\/v2\/posts\/21996","targetHints":{"allow":["GET"]}}],"collection":[{"href":"https:\/\/www.achimbrueckner.de\/dxradio\/php\/wordpress\/index.php?rest_route=\/wp\/v2\/posts"}],"about":[{"href":"https:\/\/www.achimbrueckner.de\/dxradio\/php\/wordpress\/index.php?rest_route=\/wp\/v2\/types\/post"}],"author":[{"embeddable":true,"href":"https:\/\/www.achimbrueckner.de\/dxradio\/php\/wordpress\/index.php?rest_route=\/wp\/v2\/users\/1"}],"replies":[{"embeddable":true,"href":"https:\/\/www.achimbrueckner.de\/dxradio\/php\/wordpress\/index.php?rest_route=%2Fwp%2Fv2%2Fcomments&post=21996"}],"version-history":[{"count":0,"href":"https:\/\/www.achimbrueckner.de\/dxradio\/php\/wordpress\/index.php?rest_route=\/wp\/v2\/posts\/21996\/revisions"}],"wp:attachment":[{"href":"https:\/\/www.achimbrueckner.de\/dxradio\/php\/wordpress\/index.php?rest_route=%2Fwp%2Fv2%2Fmedia&parent=21996"}],"wp:term":[{"taxonomy":"category","embeddable":true,"href":"https:\/\/www.achimbrueckner.de\/dxradio\/php\/wordpress\/index.php?rest_route=%2Fwp%2Fv2%2Fcategories&post=21996"},{"taxonomy":"post_tag","embeddable":true,"href":"https:\/\/www.achimbrueckner.de\/dxradio\/php\/wordpress\/index.php?rest_route=%2Fwp%2Fv2%2Ftags&post=21996"}],"curies":[{"name":"wp","href":"https:\/\/api.w.org\/{rel}","templated":true}]}}