{"id":21998,"date":"2019-03-06T17:02:04","date_gmt":"2019-03-06T17:02:04","guid":{"rendered":"https:\/\/www.achimbrueckner.de\/dxradio\/php\/wordpress\/?p=21998"},"modified":"2019-03-06T17:02:04","modified_gmt":"2019-03-06T17:02:04","slug":"bauer-media-schnappt-sich-weitere-radiostationen","status":"publish","type":"post","link":"https:\/\/www.achimbrueckner.de\/dxradio\/php\/wordpress\/?p=21998","title":{"rendered":"Bauer Media schnappt sich weitere Radiostationen"},"content":{"rendered":"<p><a href=\"https:\/\/www.wuv.de\/medien\/bauer_media_schnappt_sich_weitere_radiostationen\" rel=\"noopener noreferrer\" target=\"_blank\">https:\/\/www.wuv.de\/medien\/bauer_media_schnappt_sich_weitere_radiostationen<\/a><\/p>\n","protected":false},"excerpt":{"rendered":"<p>https:\/\/www.wuv.de\/medien\/bauer_media_schnappt_sich_weitere_radiostationen<\/p>\n","protected":false},"author":1,"featured_media":0,"comment_status":"closed","ping_status":"open","sticky":false,"template":"","format":"standard","meta":{"_jetpack_memberships_contains_paid_content":false,"footnotes":"","jetpack_publicize_message":"","jetpack_publicize_feature_enabled":true,"jetpack_social_post_already_shared":true,"jetpack_social_options":{"image_generator_settings":{"template":"highway","default_image_id":0,"font":"","enabled":false},"version":2}},"categories":[1,17,15],"tags":[46,45],"class_list":["post-21998","post","type-post","status-publish","format-standard","hentry","category-deutsch","category-media","category-medien","tag-media","tag-medien"],"jetpack_publicize_connections":[],"jetpack_featured_media_url":"","jetpack_sharing_enabled":true,"jetpack_shortlink":"https:\/\/wp.me\/p5CDmr-5IO","jetpack-related-posts":[{"id":25838,"url":"https:\/\/www.achimbrueckner.de\/dxradio\/php\/wordpress\/?p=25838","url_meta":{"origin":21998,"position":0},"title":"SOCIAL MEDIA RANKING Die Tagesschau ist neuer Spitzenreiter in den sozialen Medien","author":"Administrator","date":"November 19, 2019","format":false,"excerpt":"https:\/\/www.horizont.net\/medien\/nachrichten\/social-media-ranking-die-tagesschau-ist-neuer-spitzenreiter-in-den-sozialen-medien-179114","rel":"","context":"In &quot;Deutsch&quot;","block_context":{"text":"Deutsch","link":"https:\/\/www.achimbrueckner.de\/dxradio\/php\/wordpress\/?cat=1"},"img":{"alt_text":"","src":"","width":0,"height":0},"classes":[]},{"id":30555,"url":"https:\/\/www.achimbrueckner.de\/dxradio\/php\/wordpress\/?p=30555","url_meta":{"origin":21998,"position":1},"title":"Mainstream-Medien? Mahlstrom Social Media!","author":"Administrator","date":"October 24, 2020","format":false,"excerpt":"https:\/\/www.sn.at\/kolumne\/klick-fit\/mainstream-medien-mahlstrom-social-media-94583170","rel":"","context":"In &quot;Deutsch&quot;","block_context":{"text":"Deutsch","link":"https:\/\/www.achimbrueckner.de\/dxradio\/php\/wordpress\/?cat=1"},"img":{"alt_text":"","src":"","width":0,"height":0},"classes":[]},{"id":14528,"url":"https:\/\/www.achimbrueckner.de\/dxradio\/php\/wordpress\/?p=14528","url_meta":{"origin":21998,"position":2},"title":"Zwei Umfragen, ein Ergebnis: Klassische Medien glaubw\u00fcrdiger als Social Media","author":"Administrator","date":"September 9, 2017","format":false,"excerpt":"http:\/\/pr-journal.de\/nachrichten\/medien\/19459-zwei-umfragen-ein-ergebnis-klassische-medien-glaubwuerdiger-als-social-media.html","rel":"","context":"In &quot;Deutsch&quot;","block_context":{"text":"Deutsch","link":"https:\/\/www.achimbrueckner.de\/dxradio\/php\/wordpress\/?cat=1"},"img":{"alt_text":"","src":"","width":0,"height":0},"classes":[]},{"id":21534,"url":"https:\/\/www.achimbrueckner.de\/dxradio\/php\/wordpress\/?p=21534","url_meta":{"origin":21998,"position":3},"title":"\u201eQueer Media Society\u201c gegr\u00fcndet F\u00fcr mehr Diversit\u00e4t in den Medien","author":"Administrator","date":"February 12, 2019","format":false,"excerpt":"https:\/\/www.tagesspiegel.de\/gesellschaft\/queerspiegel\/queer-media-society-gegruendet-fuer-mehr-diversitaet-in-den-medien\/23973990.html","rel":"","context":"In &quot;Deutsch&quot;","block_context":{"text":"Deutsch","link":"https:\/\/www.achimbrueckner.de\/dxradio\/php\/wordpress\/?cat=1"},"img":{"alt_text":"","src":"","width":0,"height":0},"classes":[]},{"id":21172,"url":"https:\/\/www.achimbrueckner.de\/dxradio\/php\/wordpress\/?p=21172","url_meta":{"origin":21998,"position":4},"title":"Video-Tipp: Wie Social Media die Medien und ihre Macher ver\u00e4ndert.","author":"Administrator","date":"January 27, 2019","format":false,"excerpt":"http:\/\/www.turi2.de\/aktuell\/video-tipp-wie-social-media-die-medien-und-ihre-macher-veraendert\/","rel":"","context":"In &quot;Deutsch&quot;","block_context":{"text":"Deutsch","link":"https:\/\/www.achimbrueckner.de\/dxradio\/php\/wordpress\/?cat=1"},"img":{"alt_text":"","src":"","width":0,"height":0},"classes":[]},{"id":17858,"url":"https:\/\/www.achimbrueckner.de\/dxradio\/php\/wordpress\/?p=17858","url_meta":{"origin":21998,"position":5},"title":"Medien der Zukunft 2022 Wie sich TV, Radio, Print und Social Media entwickeln","author":"Administrator","date":"May 21, 2018","format":false,"excerpt":"http:\/\/www.persoenlich.com\/medien\/wie-sich-tv-radio-print-und-social-media-entwickeln","rel":"","context":"In &quot;Deutsch&quot;","block_context":{"text":"Deutsch","link":"https:\/\/www.achimbrueckner.de\/dxradio\/php\/wordpress\/?cat=1"},"img":{"alt_text":"","src":"","width":0,"height":0},"classes":[]}],"_links":{"self":[{"href":"https:\/\/www.achimbrueckner.de\/dxradio\/php\/wordpress\/index.php?rest_route=\/wp\/v2\/posts\/21998","targetHints":{"allow":["GET"]}}],"collection":[{"href":"https:\/\/www.achimbrueckner.de\/dxradio\/php\/wordpress\/index.php?rest_route=\/wp\/v2\/posts"}],"about":[{"href":"https:\/\/www.achimbrueckner.de\/dxradio\/php\/wordpress\/index.php?rest_route=\/wp\/v2\/types\/post"}],"author":[{"embeddable":true,"href":"https:\/\/www.achimbrueckner.de\/dxradio\/php\/wordpress\/index.php?rest_route=\/wp\/v2\/users\/1"}],"replies":[{"embeddable":true,"href":"https:\/\/www.achimbrueckner.de\/dxradio\/php\/wordpress\/index.php?rest_route=%2Fwp%2Fv2%2Fcomments&post=21998"}],"version-history":[{"count":0,"href":"https:\/\/www.achimbrueckner.de\/dxradio\/php\/wordpress\/index.php?rest_route=\/wp\/v2\/posts\/21998\/revisions"}],"wp:attachment":[{"href":"https:\/\/www.achimbrueckner.de\/dxradio\/php\/wordpress\/index.php?rest_route=%2Fwp%2Fv2%2Fmedia&parent=21998"}],"wp:term":[{"taxonomy":"category","embeddable":true,"href":"https:\/\/www.achimbrueckner.de\/dxradio\/php\/wordpress\/index.php?rest_route=%2Fwp%2Fv2%2Fcategories&post=21998"},{"taxonomy":"post_tag","embeddable":true,"href":"https:\/\/www.achimbrueckner.de\/dxradio\/php\/wordpress\/index.php?rest_route=%2Fwp%2Fv2%2Ftags&post=21998"}],"curies":[{"name":"wp","href":"https:\/\/api.w.org\/{rel}","templated":true}]}}