{"id":21999,"date":"2019-03-06T17:03:19","date_gmt":"2019-03-06T17:03:19","guid":{"rendered":"https:\/\/www.achimbrueckner.de\/dxradio\/php\/wordpress\/?p=21999"},"modified":"2019-03-06T17:03:19","modified_gmt":"2019-03-06T17:03:19","slug":"im-podcast-fieber","status":"publish","type":"post","link":"https:\/\/www.achimbrueckner.de\/dxradio\/php\/wordpress\/?p=21999","title":{"rendered":"Im Podcast-Fieber"},"content":{"rendered":"<p><a href=\"https:\/\/www.tagesspiegel.de\/gesellschaft\/medien\/spotify-deezer-audible-im-podcast-fieber\/24068472.html\" rel=\"noopener noreferrer\" target=\"_blank\">https:\/\/www.tagesspiegel.de\/gesellschaft\/medien\/spotify-deezer-audible-im-podcast-fieber\/24068472.html<\/a><\/p>\n","protected":false},"excerpt":{"rendered":"<p>https:\/\/www.tagesspiegel.de\/gesellschaft\/medien\/spotify-deezer-audible-im-podcast-fieber\/24068472.html<\/p>\n","protected":false},"author":1,"featured_media":0,"comment_status":"closed","ping_status":"open","sticky":false,"template":"","format":"standard","meta":{"_jetpack_memberships_contains_paid_content":false,"footnotes":"","jetpack_publicize_message":"","jetpack_publicize_feature_enabled":true,"jetpack_social_post_already_shared":true,"jetpack_social_options":{"image_generator_settings":{"template":"highway","default_image_id":0,"font":"","enabled":false},"version":2}},"categories":[1,15],"tags":[45],"class_list":["post-21999","post","type-post","status-publish","format-standard","hentry","category-deutsch","category-medien","tag-medien"],"jetpack_publicize_connections":[],"jetpack_featured_media_url":"","jetpack_sharing_enabled":true,"jetpack_shortlink":"https:\/\/wp.me\/p5CDmr-5IP","jetpack-related-posts":[{"id":33680,"url":"https:\/\/www.achimbrueckner.de\/dxradio\/php\/wordpress\/?p=33680","url_meta":{"origin":21999,"position":0},"title":"Ge\u00e4nderte Mediennutzung Webradio und Podcast statt UKW-Empfang","author":"Administrator","date":"September 29, 2021","format":false,"excerpt":"https:\/\/www.tagesspiegel.de\/gesellschaft\/medien\/geaenderte-mediennutzung-webradio-und-podcast-statt-ukw-empfang\/27656716.html","rel":"","context":"In &quot;Deutsch&quot;","block_context":{"text":"Deutsch","link":"https:\/\/www.achimbrueckner.de\/dxradio\/php\/wordpress\/?cat=1"},"img":{"alt_text":"","src":"","width":0,"height":0},"classes":[]},{"id":39154,"url":"https:\/\/www.achimbrueckner.de\/dxradio\/php\/wordpress\/?p=39154","url_meta":{"origin":21999,"position":1},"title":"Mehr als 52 Millionen Deutsche h\u00f6ren t\u00e4glich Radio :Zahl der Podcast-Nutzer w\u00e4chst weiter","author":"Administrator","date":"March 29, 2023","format":false,"excerpt":"https:\/\/www.tagesspiegel.de\/gesellschaft\/medien\/mehr-als-52-millionen-deutsche-horen-taglich-radio-zahl-der-podcast-nutzer-wachst-weiter-9580340.html","rel":"","context":"In &quot;Deutsch&quot;","block_context":{"text":"Deutsch","link":"https:\/\/www.achimbrueckner.de\/dxradio\/php\/wordpress\/?cat=1"},"img":{"alt_text":"","src":"","width":0,"height":0},"classes":[]},{"id":4681,"url":"https:\/\/www.achimbrueckner.de\/dxradio\/php\/wordpress\/?p=4681","url_meta":{"origin":21999,"position":2},"title":"Musik-Streaming Deezer kommt Spotify zuvor","author":"Administrator","date":"May 20, 2015","format":false,"excerpt":"http:\/\/www.tagesspiegel.de\/medien\/musik-streaming-deezer-kommt-spotify-zuvor\/11801880.html","rel":"","context":"In &quot;Deutsch&quot;","block_context":{"text":"Deutsch","link":"https:\/\/www.achimbrueckner.de\/dxradio\/php\/wordpress\/?cat=1"},"img":{"alt_text":"","src":"","width":0,"height":0},"classes":[]},{"id":26611,"url":"https:\/\/www.achimbrueckner.de\/dxradio\/php\/wordpress\/?p=26611","url_meta":{"origin":21999,"position":3},"title":"\u00d6ffentlich-Rechtliche in der Krise Warum die Oma im H\u00fchnerstall Motorrad f\u00e4hrt","author":"Administrator","date":"January 10, 2020","format":false,"excerpt":"https:\/\/www.tagesspiegel.de\/gesellschaft\/medien\/oeffentlich-rechtliche-in-der-krise-warum-die-oma-im-huehnerstall-motorrad-faehrt\/25420954.html","rel":"","context":"In &quot;Deutsch&quot;","block_context":{"text":"Deutsch","link":"https:\/\/www.achimbrueckner.de\/dxradio\/php\/wordpress\/?cat=1"},"img":{"alt_text":"","src":"","width":0,"height":0},"classes":[]},{"id":24614,"url":"https:\/\/www.achimbrueckner.de\/dxradio\/php\/wordpress\/?p=24614","url_meta":{"origin":21999,"position":4},"title":"Patricia Schlesinger \u00fcber rbbKultur \u201eWir brauchen im Radio ein zeitgem\u00e4\u00dferes Programm\u201c","author":"Administrator","date":"September 3, 2019","format":false,"excerpt":"https:\/\/www.tagesspiegel.de\/gesellschaft\/medien\/patricia-schlesinger-ueber-rbbkultur-wir-brauchen-im-radio-ein-zeitgemaesseres-programm\/24975964.html","rel":"","context":"In &quot;Deutsch&quot;","block_context":{"text":"Deutsch","link":"https:\/\/www.achimbrueckner.de\/dxradio\/php\/wordpress\/?cat=1"},"img":{"alt_text":"","src":"","width":0,"height":0},"classes":[]},{"id":32408,"url":"https:\/\/www.achimbrueckner.de\/dxradio\/php\/wordpress\/?p=32408","url_meta":{"origin":21999,"position":5},"title":"Streit um Klassik im Radio RBB Kultur erntet heftige Kritik f\u00fcr neuen Musikmix","author":"Administrator","date":"April 1, 2021","format":false,"excerpt":"https:\/\/www.tagesspiegel.de\/gesellschaft\/medien\/streit-um-klassik-im-radio-rbb-kultur-erntet-heftige-kritik-fuer-neuen-musikmix\/27059608.html","rel":"","context":"In &quot;Deutsch&quot;","block_context":{"text":"Deutsch","link":"https:\/\/www.achimbrueckner.de\/dxradio\/php\/wordpress\/?cat=1"},"img":{"alt_text":"","src":"","width":0,"height":0},"classes":[]}],"_links":{"self":[{"href":"https:\/\/www.achimbrueckner.de\/dxradio\/php\/wordpress\/index.php?rest_route=\/wp\/v2\/posts\/21999","targetHints":{"allow":["GET"]}}],"collection":[{"href":"https:\/\/www.achimbrueckner.de\/dxradio\/php\/wordpress\/index.php?rest_route=\/wp\/v2\/posts"}],"about":[{"href":"https:\/\/www.achimbrueckner.de\/dxradio\/php\/wordpress\/index.php?rest_route=\/wp\/v2\/types\/post"}],"author":[{"embeddable":true,"href":"https:\/\/www.achimbrueckner.de\/dxradio\/php\/wordpress\/index.php?rest_route=\/wp\/v2\/users\/1"}],"replies":[{"embeddable":true,"href":"https:\/\/www.achimbrueckner.de\/dxradio\/php\/wordpress\/index.php?rest_route=%2Fwp%2Fv2%2Fcomments&post=21999"}],"version-history":[{"count":0,"href":"https:\/\/www.achimbrueckner.de\/dxradio\/php\/wordpress\/index.php?rest_route=\/wp\/v2\/posts\/21999\/revisions"}],"wp:attachment":[{"href":"https:\/\/www.achimbrueckner.de\/dxradio\/php\/wordpress\/index.php?rest_route=%2Fwp%2Fv2%2Fmedia&parent=21999"}],"wp:term":[{"taxonomy":"category","embeddable":true,"href":"https:\/\/www.achimbrueckner.de\/dxradio\/php\/wordpress\/index.php?rest_route=%2Fwp%2Fv2%2Fcategories&post=21999"},{"taxonomy":"post_tag","embeddable":true,"href":"https:\/\/www.achimbrueckner.de\/dxradio\/php\/wordpress\/index.php?rest_route=%2Fwp%2Fv2%2Ftags&post=21999"}],"curies":[{"name":"wp","href":"https:\/\/api.w.org\/{rel}","templated":true}]}}