{"id":2201,"date":"2012-03-28T16:42:52","date_gmt":"2012-03-28T16:42:52","guid":{"rendered":"https:\/\/www.achimbrueckner.de\/dxradio\/php\/wordpress\/?p=2201"},"modified":"2012-03-28T16:42:52","modified_gmt":"2012-03-28T16:42:52","slug":"wie-das-radio-massenmedium-wurde","status":"publish","type":"post","link":"https:\/\/www.achimbrueckner.de\/dxradio\/php\/wordpress\/?p=2201","title":{"rendered":"Wie das Radio Massenmedium wurde"},"content":{"rendered":"<p>Wie das Radio Massenmedium wurde<\/p>\n<p><a href=\"http:\/\/www.ndr.de\/ndrkultur\/programm\/kurtmagnusradiogeschichte101.html\" target=\"_blank\">http:\/\/www.ndr.de\/ndrkultur\/programm\/kurtmagnusradiogeschichte101.html<\/a><\/p>\n","protected":false},"excerpt":{"rendered":"<p>Wie das Radio Massenmedium wurde http:\/\/www.ndr.de\/ndrkultur\/programm\/kurtmagnusradiogeschichte101.html<\/p>\n","protected":false},"author":1,"featured_media":0,"comment_status":"open","ping_status":"open","sticky":false,"template":"","format":"standard","meta":{"_jetpack_memberships_contains_paid_content":false,"footnotes":"","jetpack_publicize_message":"","jetpack_publicize_feature_enabled":true,"jetpack_social_post_already_shared":false,"jetpack_social_options":{"image_generator_settings":{"template":"highway","default_image_id":0,"font":"","enabled":false},"version":2}},"categories":[1],"tags":[24],"class_list":["post-2201","post","type-post","status-publish","format-standard","hentry","category-deutsch","tag-am"],"jetpack_publicize_connections":[],"jetpack_featured_media_url":"","jetpack_sharing_enabled":true,"jetpack_shortlink":"https:\/\/wp.me\/p5CDmr-zv","jetpack-related-posts":[{"id":29055,"url":"https:\/\/www.achimbrueckner.de\/dxradio\/php\/wordpress\/?p=29055","url_meta":{"origin":2201,"position":0},"title":"Der Rundfunk in der Coronakrise: \u201eDas Radio wird als letztes elektronisches Massenmedium Bestand haben\u201c","author":"Administrator","date":"June 12, 2020","format":false,"excerpt":"https:\/\/www.tagesspiegel.de\/gesellschaft\/medien\/der-rundfunk-in-der-coronakrise-das-radio-wird-als-letztes-elektronisches-massenmedium-bestand-haben\/25908312.html","rel":"","context":"In &quot;Deutsch&quot;","block_context":{"text":"Deutsch","link":"https:\/\/www.achimbrueckner.de\/dxradio\/php\/wordpress\/?cat=1"},"img":{"alt_text":"","src":"","width":0,"height":0},"classes":[]},{"id":15248,"url":"https:\/\/www.achimbrueckner.de\/dxradio\/php\/wordpress\/?p=15248","url_meta":{"origin":2201,"position":1},"title":"Videotext in Zeiten des Internets Das untersch\u00e4tzte Massenmedium","author":"Administrator","date":"October 30, 2017","format":false,"excerpt":"http:\/\/www.tagesspiegel.de\/medien\/videotext-in-zeiten-des-internets-das-unterschaetzte-massenmedium\/20492924.html","rel":"","context":"In &quot;Deutsch&quot;","block_context":{"text":"Deutsch","link":"https:\/\/www.achimbrueckner.de\/dxradio\/php\/wordpress\/?cat=1"},"img":{"alt_text":"","src":"","width":0,"height":0},"classes":[]},{"id":31343,"url":"https:\/\/www.achimbrueckner.de\/dxradio\/php\/wordpress\/?p=31343","url_meta":{"origin":2201,"position":2},"title":"Wie das Radio in Deutschland Kult wurde","author":"Administrator","date":"December 23, 2020","format":false,"excerpt":"https:\/\/www.dw.com\/de\/wie-das-radio-in-deutschland-kult-wurde\/a-55957432","rel":"","context":"In &quot;Deutsch&quot;","block_context":{"text":"Deutsch","link":"https:\/\/www.achimbrueckner.de\/dxradio\/php\/wordpress\/?cat=1"},"img":{"alt_text":"","src":"","width":0,"height":0},"classes":[]},{"id":928,"url":"https:\/\/www.achimbrueckner.de\/dxradio\/php\/wordpress\/?p=928","url_meta":{"origin":2201,"position":3},"title":"Alles Gute Polskie Radio!","author":"Administrator","date":"February 26, 2010","format":false,"excerpt":"Der Polnische Rundfunk feiert in diesem Jahr seinen 85. Geburtstag. Aus diesem Grund wollen wir Ihnen heute die Geschichte der gr\u00f6\u00dften polnischen Rundfunkanstalt n\u00e4herbringen. Wie waren die Anf\u00e4nge, was und wie wurde gesendet und wieso wird Polskie Radio bis heute als das Schlagende Herz Polens bezeichnet http:\/\/www.polskieradio.pl\/zagranica\/de\/news\/artykul126446.html Info via A-DX","rel":"","context":"In &quot;Deutsch&quot;","block_context":{"text":"Deutsch","link":"https:\/\/www.achimbrueckner.de\/dxradio\/php\/wordpress\/?cat=1"},"img":{"alt_text":"","src":"","width":0,"height":0},"classes":[]},{"id":21565,"url":"https:\/\/www.achimbrueckner.de\/dxradio\/php\/wordpress\/?p=21565","url_meta":{"origin":2201,"position":4},"title":"Wie seit den 1930er Jahren Radio gemacht wurde Radiopionier Heinz Laubenthal","author":"Administrator","date":"February 13, 2019","format":false,"excerpt":"https:\/\/www.swr.de\/swr1\/bw\/programm\/1930er-radiopionier-heinz-laubenthal-wie-seit-1930-radio-gemacht-wurde\/-\/id=446250\/did=6982474\/nid=446250\/18mop6i\/index.html","rel":"","context":"In &quot;Deutsch&quot;","block_context":{"text":"Deutsch","link":"https:\/\/www.achimbrueckner.de\/dxradio\/php\/wordpress\/?cat=1"},"img":{"alt_text":"","src":"","width":0,"height":0},"classes":[]},{"id":25088,"url":"https:\/\/www.achimbrueckner.de\/dxradio\/php\/wordpress\/?p=25088","url_meta":{"origin":2201,"position":5},"title":"Reihe \u201eRadio aktiv\u201c Geschichten \u00fcber ein Massenmedium","author":"Administrator","date":"October 3, 2019","format":false,"excerpt":"https:\/\/www.deutschlandfunk.de\/reihe-radio-aktiv-geschichten-ueber-ein-massenmedium.2907.de.html?dram:article_id=460069","rel":"","context":"In &quot;Deutsch&quot;","block_context":{"text":"Deutsch","link":"https:\/\/www.achimbrueckner.de\/dxradio\/php\/wordpress\/?cat=1"},"img":{"alt_text":"","src":"","width":0,"height":0},"classes":[]}],"_links":{"self":[{"href":"https:\/\/www.achimbrueckner.de\/dxradio\/php\/wordpress\/index.php?rest_route=\/wp\/v2\/posts\/2201","targetHints":{"allow":["GET"]}}],"collection":[{"href":"https:\/\/www.achimbrueckner.de\/dxradio\/php\/wordpress\/index.php?rest_route=\/wp\/v2\/posts"}],"about":[{"href":"https:\/\/www.achimbrueckner.de\/dxradio\/php\/wordpress\/index.php?rest_route=\/wp\/v2\/types\/post"}],"author":[{"embeddable":true,"href":"https:\/\/www.achimbrueckner.de\/dxradio\/php\/wordpress\/index.php?rest_route=\/wp\/v2\/users\/1"}],"replies":[{"embeddable":true,"href":"https:\/\/www.achimbrueckner.de\/dxradio\/php\/wordpress\/index.php?rest_route=%2Fwp%2Fv2%2Fcomments&post=2201"}],"version-history":[{"count":0,"href":"https:\/\/www.achimbrueckner.de\/dxradio\/php\/wordpress\/index.php?rest_route=\/wp\/v2\/posts\/2201\/revisions"}],"wp:attachment":[{"href":"https:\/\/www.achimbrueckner.de\/dxradio\/php\/wordpress\/index.php?rest_route=%2Fwp%2Fv2%2Fmedia&parent=2201"}],"wp:term":[{"taxonomy":"category","embeddable":true,"href":"https:\/\/www.achimbrueckner.de\/dxradio\/php\/wordpress\/index.php?rest_route=%2Fwp%2Fv2%2Fcategories&post=2201"},{"taxonomy":"post_tag","embeddable":true,"href":"https:\/\/www.achimbrueckner.de\/dxradio\/php\/wordpress\/index.php?rest_route=%2Fwp%2Fv2%2Ftags&post=2201"}],"curies":[{"name":"wp","href":"https:\/\/api.w.org\/{rel}","templated":true}]}}