{"id":22077,"date":"2019-03-11T16:18:46","date_gmt":"2019-03-11T16:18:46","guid":{"rendered":"https:\/\/www.achimbrueckner.de\/dxradio\/php\/wordpress\/?p=22077"},"modified":"2019-03-11T16:18:46","modified_gmt":"2019-03-11T16:18:46","slug":"urheberrechtsreform-voss-lehnt-anderungen-ab","status":"publish","type":"post","link":"https:\/\/www.achimbrueckner.de\/dxradio\/php\/wordpress\/?p=22077","title":{"rendered":"Urheberrechtsreform Voss lehnt \u00c4nderungen ab"},"content":{"rendered":"<p><a href=\"https:\/\/www.deutschlandfunk.de\/urheberrechtsreform-voss-lehnt-aenderungen-ab.1939.de.html?drn:news_id=985381\" rel=\"noopener noreferrer\" target=\"_blank\">https:\/\/www.deutschlandfunk.de\/urheberrechtsreform-voss-lehnt-aenderungen-ab.1939.de.html?drn:news_id=985381<\/a><\/p>\n","protected":false},"excerpt":{"rendered":"<p>https:\/\/www.deutschlandfunk.de\/urheberrechtsreform-voss-lehnt-aenderungen-ab.1939.de.html?drn:news_id=985381<\/p>\n","protected":false},"author":1,"featured_media":0,"comment_status":"closed","ping_status":"open","sticky":false,"template":"","format":"standard","meta":{"_jetpack_memberships_contains_paid_content":false,"footnotes":"","jetpack_publicize_message":"","jetpack_publicize_feature_enabled":true,"jetpack_social_post_already_shared":true,"jetpack_social_options":{"image_generator_settings":{"template":"highway","default_image_id":0,"font":"","enabled":false},"version":2}},"categories":[1],"tags":[],"class_list":["post-22077","post","type-post","status-publish","format-standard","hentry","category-deutsch"],"jetpack_publicize_connections":[],"jetpack_featured_media_url":"","jetpack_sharing_enabled":true,"jetpack_shortlink":"https:\/\/wp.me\/p5CDmr-5K5","jetpack-related-posts":[{"id":21766,"url":"https:\/\/www.achimbrueckner.de\/dxradio\/php\/wordpress\/?p=21766","url_meta":{"origin":22077,"position":0},"title":"EU-URHEBERRECHTSREFORM : Das &#8220;absolute Unverst\u00e4ndnis&#8221; des Axel Voss","author":"Administrator","date":"February 21, 2019","format":false,"excerpt":"https:\/\/www.golem.de\/news\/eu-urheberrechtsreform-das-absolute-unverstaendnis-des-axel-voss-1902-139511.html","rel":"","context":"In &quot;Deutsch&quot;","block_context":{"text":"Deutsch","link":"https:\/\/www.achimbrueckner.de\/dxradio\/php\/wordpress\/?cat=1"},"img":{"alt_text":"","src":"","width":0,"height":0},"classes":[]},{"id":22998,"url":"https:\/\/www.achimbrueckner.de\/dxradio\/php\/wordpress\/?p=22998","url_meta":{"origin":22077,"position":1},"title":"Voss auf der re:publica: Ganze Generation wegen Urheberrechtsreform frustriert","author":"Administrator","date":"May 7, 2019","format":false,"excerpt":"https:\/\/www.heise.de\/newsticker\/meldung\/Voss-auf-der-re-publica-Ganze-Generation-wegen-Urheberrechtsreform-frustriert-4416295.html","rel":"","context":"In &quot;Deutsch&quot;","block_context":{"text":"Deutsch","link":"https:\/\/www.achimbrueckner.de\/dxradio\/php\/wordpress\/?cat=1"},"img":{"alt_text":"","src":"","width":0,"height":0},"classes":[]},{"id":22381,"url":"https:\/\/www.achimbrueckner.de\/dxradio\/php\/wordpress\/?p=22381","url_meta":{"origin":22077,"position":2},"title":"Axel Voss : &#8220;Was YouTube macht, ist eine Art Enteignung&#8221;","author":"Administrator","date":"March 25, 2019","format":false,"excerpt":"https:\/\/www.zeit.de\/digital\/internet\/2019-03\/axel-voss-artikel-13-uploadfilter-urheberrechtsreform","rel":"","context":"In &quot;Deutsch&quot;","block_context":{"text":"Deutsch","link":"https:\/\/www.achimbrueckner.de\/dxradio\/php\/wordpress\/?cat=1"},"img":{"alt_text":"","src":"","width":0,"height":0},"classes":[]},{"id":22335,"url":"https:\/\/www.achimbrueckner.de\/dxradio\/php\/wordpress\/?p=22335","url_meta":{"origin":22077,"position":3},"title":"Piratin Reda: Upload-Filter ignorieren Interessen junger Leute","author":"Administrator","date":"March 23, 2019","format":false,"excerpt":"https:\/\/www.mdr.de\/nachrichten\/politik\/inland\/urheberrechtsreform-upload-filter-kritik-reda-gewaltdrohungen-voss-100.html","rel":"","context":"In &quot;Deutsch&quot;","block_context":{"text":"Deutsch","link":"https:\/\/www.achimbrueckner.de\/dxradio\/php\/wordpress\/?cat=1"},"img":{"alt_text":"","src":"","width":0,"height":0},"classes":[]},{"id":23618,"url":"https:\/\/www.achimbrueckner.de\/dxradio\/php\/wordpress\/?p=23618","url_meta":{"origin":22077,"position":4},"title":"Gesch\u00e4ftsf\u00fchrer des TSV 1860 M\u00fcnchen lehnt Fan-Radio ab","author":"Administrator","date":"July 4, 2019","format":false,"excerpt":"https:\/\/loewenmagazin.de\/geschaeftsfuehrer-des-tsv-1860-muenchen-lehnt-fan-radio-ab\/","rel":"","context":"In &quot;Deutsch&quot;","block_context":{"text":"Deutsch","link":"https:\/\/www.achimbrueckner.de\/dxradio\/php\/wordpress\/?cat=1"},"img":{"alt_text":"","src":"","width":0,"height":0},"classes":[]},{"id":29136,"url":"https:\/\/www.achimbrueckner.de\/dxradio\/php\/wordpress\/?p=29136","url_meta":{"origin":22077,"position":5},"title":"Ortschaftsrat lehnt privaten Funkmast in Weihungszell ab","author":"Administrator","date":"June 19, 2020","format":false,"excerpt":"https:\/\/www.schwaebische.de\/landkreis\/landkreis-biberach\/schwendi_artikel,-ortschaftsrat-lehnt-privaten-funkmast-in-weihungszell-ab-_arid,11235636.html","rel":"","context":"In &quot;Deutsch&quot;","block_context":{"text":"Deutsch","link":"https:\/\/www.achimbrueckner.de\/dxradio\/php\/wordpress\/?cat=1"},"img":{"alt_text":"","src":"","width":0,"height":0},"classes":[]}],"_links":{"self":[{"href":"https:\/\/www.achimbrueckner.de\/dxradio\/php\/wordpress\/index.php?rest_route=\/wp\/v2\/posts\/22077","targetHints":{"allow":["GET"]}}],"collection":[{"href":"https:\/\/www.achimbrueckner.de\/dxradio\/php\/wordpress\/index.php?rest_route=\/wp\/v2\/posts"}],"about":[{"href":"https:\/\/www.achimbrueckner.de\/dxradio\/php\/wordpress\/index.php?rest_route=\/wp\/v2\/types\/post"}],"author":[{"embeddable":true,"href":"https:\/\/www.achimbrueckner.de\/dxradio\/php\/wordpress\/index.php?rest_route=\/wp\/v2\/users\/1"}],"replies":[{"embeddable":true,"href":"https:\/\/www.achimbrueckner.de\/dxradio\/php\/wordpress\/index.php?rest_route=%2Fwp%2Fv2%2Fcomments&post=22077"}],"version-history":[{"count":0,"href":"https:\/\/www.achimbrueckner.de\/dxradio\/php\/wordpress\/index.php?rest_route=\/wp\/v2\/posts\/22077\/revisions"}],"wp:attachment":[{"href":"https:\/\/www.achimbrueckner.de\/dxradio\/php\/wordpress\/index.php?rest_route=%2Fwp%2Fv2%2Fmedia&parent=22077"}],"wp:term":[{"taxonomy":"category","embeddable":true,"href":"https:\/\/www.achimbrueckner.de\/dxradio\/php\/wordpress\/index.php?rest_route=%2Fwp%2Fv2%2Fcategories&post=22077"},{"taxonomy":"post_tag","embeddable":true,"href":"https:\/\/www.achimbrueckner.de\/dxradio\/php\/wordpress\/index.php?rest_route=%2Fwp%2Fv2%2Ftags&post=22077"}],"curies":[{"name":"wp","href":"https:\/\/api.w.org\/{rel}","templated":true}]}}