{"id":22084,"date":"2019-03-12T16:47:04","date_gmt":"2019-03-12T16:47:04","guid":{"rendered":"https:\/\/www.achimbrueckner.de\/dxradio\/php\/wordpress\/?p=22084"},"modified":"2019-03-12T16:47:04","modified_gmt":"2019-03-12T16:47:04","slug":"vorstandsteam-des-darc-ortsvereins-groskrotzenburg-f40-bestatigt","status":"publish","type":"post","link":"https:\/\/www.achimbrueckner.de\/dxradio\/php\/wordpress\/?p=22084","title":{"rendered":"Vorstandsteam des DARC Ortsvereins Gro\u00dfkrotzenburg F40 best\u00e4tigt"},"content":{"rendered":"<p><a href=\"https:\/\/www.main-echo.de\/unser-echo\/gruppen\/DARC-Ortsverband-Grosskrotzenburg-F40;verein0,2759,B::art293497,6641035\" rel=\"noopener noreferrer\" target=\"_blank\">https:\/\/www.main-echo.de\/unser-echo\/gruppen\/DARC-Ortsverband-Grosskrotzenburg-F40;verein0,2759,B::art293497,6641035<\/a><\/p>\n","protected":false},"excerpt":{"rendered":"<p>https:\/\/www.main-echo.de\/unser-echo\/gruppen\/DARC-Ortsverband-Grosskrotzenburg-F40;verein0,2759,B::art293497,6641035<\/p>\n","protected":false},"author":1,"featured_media":0,"comment_status":"closed","ping_status":"open","sticky":false,"template":"","format":"standard","meta":{"_jetpack_memberships_contains_paid_content":false,"footnotes":"","jetpack_publicize_message":"","jetpack_publicize_feature_enabled":true,"jetpack_social_post_already_shared":true,"jetpack_social_options":{"image_generator_settings":{"template":"highway","default_image_id":0,"font":"","enabled":false},"version":2}},"categories":[1],"tags":[24],"class_list":["post-22084","post","type-post","status-publish","format-standard","hentry","category-deutsch","tag-am"],"jetpack_publicize_connections":[],"jetpack_featured_media_url":"","jetpack_sharing_enabled":true,"jetpack_shortlink":"https:\/\/wp.me\/p5CDmr-5Kc","jetpack-related-posts":[{"id":11920,"url":"https:\/\/www.achimbrueckner.de\/dxradio\/php\/wordpress\/?p=11920","url_meta":{"origin":22084,"position":0},"title":"Vorstand der Funkamateure aus Gro\u00dfkrotzenburg wiedergew\u00e4hlt","author":"Administrator","date":"January 31, 2017","format":false,"excerpt":"http:\/\/www.main-echo.de\/unser-echo\/gruppen\/DARC-Ortsverband-Grosskrotzenburg-F40;verein0,2759,B::art293497,4394160","rel":"","context":"In &quot;Deutsch&quot;","block_context":{"text":"Deutsch","link":"https:\/\/www.achimbrueckner.de\/dxradio\/php\/wordpress\/?cat=1"},"img":{"alt_text":"","src":"","width":0,"height":0},"classes":[]},{"id":28048,"url":"https:\/\/www.achimbrueckner.de\/dxradio\/php\/wordpress\/?p=28048","url_meta":{"origin":22084,"position":1},"title":"RADIO DARC Sondersendung zu Ostern 2020","author":"Administrator","date":"April 8, 2020","format":false,"excerpt":"RADIO DARC Sondersendung zu Ostern In der diesj\u00e4hrigen Ostersendung von RADIO DARC am Sonntag, den 12. April um 11 Uhr MESZ wird live \u00fcber IRIDIUM Satelliten-Telefon zu Dr. J\u00f6rg Hofmann, DJ\u00d8HO, an Bord des Forschungsschiffes \u201ePolarstern\u201c geschaltet. J\u00f6rg ist Mitglied der MOSAIC-Expedition und befindet sich derzeit in der N\u00e4he des\u2026","rel":"","context":"In &quot;Deutsch&quot;","block_context":{"text":"Deutsch","link":"https:\/\/www.achimbrueckner.de\/dxradio\/php\/wordpress\/?cat=1"},"img":{"alt_text":"","src":"","width":0,"height":0},"classes":[]},{"id":5879,"url":"https:\/\/www.achimbrueckner.de\/dxradio\/php\/wordpress\/?p=5879","url_meta":{"origin":22084,"position":2},"title":"65 Jahre DARC e.V. Sondersendung von RADIO DARC","author":"Administrator","date":"September 9, 2015","format":false,"excerpt":"http:\/\/www.darc.de\/aktuelles\/details\/article\/sondersendung-von-radio-darc\/","rel":"","context":"In &quot;Deutsch&quot;","block_context":{"text":"Deutsch","link":"https:\/\/www.achimbrueckner.de\/dxradio\/php\/wordpress\/?cat=1"},"img":{"alt_text":"","src":"","width":0,"height":0},"classes":[]},{"id":5732,"url":"https:\/\/www.achimbrueckner.de\/dxradio\/php\/wordpress\/?p=5732","url_meta":{"origin":22084,"position":3},"title":"Radio DARC Sondersendung 65 Jahre 10. September 2015","author":"Administrator","date":"August 30, 2015","format":false,"excerpt":"Radio DARC k\u00fcndigt eine Sondersendung zum 65-j\u00e4hrigen Jubil\u00e4um des DARC an: am 10. September 2015 1900-2000 UTC auf 6065 kHz (!). Info via Twitter","rel":"","context":"In &quot;Deutsch&quot;","block_context":{"text":"Deutsch","link":"https:\/\/www.achimbrueckner.de\/dxradio\/php\/wordpress\/?cat=1"},"img":{"alt_text":"","src":"","width":0,"height":0},"classes":[]},{"id":20403,"url":"https:\/\/www.achimbrueckner.de\/dxradio\/php\/wordpress\/?p=20403","url_meta":{"origin":22084,"position":4},"title":"RADIO DARC sendet seine 200. Sendung","author":"Administrator","date":"December 14, 2018","format":false,"excerpt":"Radiostimme des DARC e.V. RADIO DARC sendet seine 200. Sendung \"Die Sendung am kommenden Sonntag den 16.12.18 ist unser Jubil\u00e4um, es ist genau das 200. Programm\" so Chefredakteur Rainer Englert DF2NU. Gestartet am 22. M\u00e4rz 2015 hat sich der Deutsche Amateur Radio Club e.V. mit einen regelm\u00e4\u00dfigen Kurzwellen- und Funktechnik-Magazinen\u2026","rel":"","context":"In &quot;Deutsch&quot;","block_context":{"text":"Deutsch","link":"https:\/\/www.achimbrueckner.de\/dxradio\/php\/wordpress\/?cat=1"},"img":{"alt_text":"","src":"","width":0,"height":0},"classes":[]},{"id":1135,"url":"https:\/\/www.achimbrueckner.de\/dxradio\/php\/wordpress\/?p=1135","url_meta":{"origin":22084,"position":5},"title":"DARC Tag der offenen T\u00fcr","author":"Administrator","date":"September 9, 2010","format":false,"excerpt":"18. September: Kommen Sie zum Tag der offenen T\u00fcr nach Baunatal! ---------------------------------------------------------------- Am Samstag, dem 18. September, ab 10 Uhr sind alle Mitglieder und Freunde des DARC e.V. eingeladen, das Amateurfunkzentrum in Baunatal zu besuchen. Gemeinsam mit Ihnen feiern wir das 60-j\u00e4hrige Bestehen des Bundesverbandes. Der Tag bietet Gelegenheit, die\u2026","rel":"","context":"In &quot;camps&quot;","block_context":{"text":"camps","link":"https:\/\/www.achimbrueckner.de\/dxradio\/php\/wordpress\/?cat=5"},"img":{"alt_text":"","src":"","width":0,"height":0},"classes":[]}],"_links":{"self":[{"href":"https:\/\/www.achimbrueckner.de\/dxradio\/php\/wordpress\/index.php?rest_route=\/wp\/v2\/posts\/22084","targetHints":{"allow":["GET"]}}],"collection":[{"href":"https:\/\/www.achimbrueckner.de\/dxradio\/php\/wordpress\/index.php?rest_route=\/wp\/v2\/posts"}],"about":[{"href":"https:\/\/www.achimbrueckner.de\/dxradio\/php\/wordpress\/index.php?rest_route=\/wp\/v2\/types\/post"}],"author":[{"embeddable":true,"href":"https:\/\/www.achimbrueckner.de\/dxradio\/php\/wordpress\/index.php?rest_route=\/wp\/v2\/users\/1"}],"replies":[{"embeddable":true,"href":"https:\/\/www.achimbrueckner.de\/dxradio\/php\/wordpress\/index.php?rest_route=%2Fwp%2Fv2%2Fcomments&post=22084"}],"version-history":[{"count":0,"href":"https:\/\/www.achimbrueckner.de\/dxradio\/php\/wordpress\/index.php?rest_route=\/wp\/v2\/posts\/22084\/revisions"}],"wp:attachment":[{"href":"https:\/\/www.achimbrueckner.de\/dxradio\/php\/wordpress\/index.php?rest_route=%2Fwp%2Fv2%2Fmedia&parent=22084"}],"wp:term":[{"taxonomy":"category","embeddable":true,"href":"https:\/\/www.achimbrueckner.de\/dxradio\/php\/wordpress\/index.php?rest_route=%2Fwp%2Fv2%2Fcategories&post=22084"},{"taxonomy":"post_tag","embeddable":true,"href":"https:\/\/www.achimbrueckner.de\/dxradio\/php\/wordpress\/index.php?rest_route=%2Fwp%2Fv2%2Ftags&post=22084"}],"curies":[{"name":"wp","href":"https:\/\/api.w.org\/{rel}","templated":true}]}}