{"id":22095,"date":"2019-03-12T17:44:56","date_gmt":"2019-03-12T17:44:56","guid":{"rendered":"https:\/\/www.achimbrueckner.de\/dxradio\/php\/wordpress\/?p=22095"},"modified":"2019-03-12T17:44:56","modified_gmt":"2019-03-12T17:44:56","slug":"martin-kohler-funkt-mit-sibirien","status":"publish","type":"post","link":"https:\/\/www.achimbrueckner.de\/dxradio\/php\/wordpress\/?p=22095","title":{"rendered":"Martin K\u00f6hler funkt mit Sibirien"},"content":{"rendered":"<p><a href=\"https:\/\/www.hellwegeranzeiger.de\/Kamen\/Martin-Koehler-funkt-mit-Sibirien-v660.html\" rel=\"noopener noreferrer\" target=\"_blank\">https:\/\/www.hellwegeranzeiger.de\/Kamen\/Martin-Koehler-funkt-mit-Sibirien-v660.html<\/a><\/p>\n","protected":false},"excerpt":{"rendered":"<p>https:\/\/www.hellwegeranzeiger.de\/Kamen\/Martin-Koehler-funkt-mit-Sibirien-v660.html<\/p>\n","protected":false},"author":1,"featured_media":0,"comment_status":"closed","ping_status":"open","sticky":false,"template":"","format":"standard","meta":{"_jetpack_memberships_contains_paid_content":false,"footnotes":"","jetpack_publicize_message":"","jetpack_publicize_feature_enabled":true,"jetpack_social_post_already_shared":true,"jetpack_social_options":{"image_generator_settings":{"template":"highway","default_image_id":0,"font":"","enabled":false},"version":2}},"categories":[1],"tags":[24],"class_list":["post-22095","post","type-post","status-publish","format-standard","hentry","category-deutsch","tag-am"],"jetpack_publicize_connections":[],"jetpack_featured_media_url":"","jetpack_sharing_enabled":true,"jetpack_shortlink":"https:\/\/wp.me\/p5CDmr-5Kn","jetpack-related-posts":[{"id":25312,"url":"https:\/\/www.achimbrueckner.de\/dxradio\/php\/wordpress\/?p=25312","url_meta":{"origin":22095,"position":0},"title":"Matthias Bopp funkt \u00fcber Satelliten und mit der ISS","author":"Administrator","date":"October 15, 2019","format":false,"excerpt":"https:\/\/www.regiotrends.de\/de\/aus-vereinen-gruppen\/index.news.415700.matthias-bopp-funkt-ueber-satelliten-und-mit-der-iss-.html","rel":"","context":"In &quot;Deutsch&quot;","block_context":{"text":"Deutsch","link":"https:\/\/www.achimbrueckner.de\/dxradio\/php\/wordpress\/?cat=1"},"img":{"alt_text":"","src":"","width":0,"height":0},"classes":[]},{"id":20532,"url":"https:\/\/www.achimbrueckner.de\/dxradio\/php\/wordpress\/?p=20532","url_meta":{"origin":22095,"position":1},"title":"Ungew\u00f6hnliches Hobby: Dieser Hummler funkt regelm\u00e4\u00dfig mit der Raumstation ISS","author":"Administrator","date":"December 25, 2018","format":false,"excerpt":"https:\/\/www.merkur.de\/lokales\/freising\/langenbach-ort68476\/ungewoehnliches-hobby-dieser-hummler-funkt-regelmaessig-mit-raumstation-iss-10913204.html","rel":"","context":"In &quot;Deutsch&quot;","block_context":{"text":"Deutsch","link":"https:\/\/www.achimbrueckner.de\/dxradio\/php\/wordpress\/?cat=1"},"img":{"alt_text":"","src":"","width":0,"height":0},"classes":[]},{"id":22815,"url":"https:\/\/www.achimbrueckner.de\/dxradio\/php\/wordpress\/?p=22815","url_meta":{"origin":22095,"position":2},"title":"Weltweit verbunden &#8211; Martin morst und funkt als Amateurfunker von Mainz in die Welt","author":"Administrator","date":"April 19, 2019","format":false,"excerpt":"https:\/\/www.swr.de\/heimat\/rheinhessen\/Amateurfunk-Per-Funk-von-Mainz-in-die-ganze-Welt,hobbyfunker-von-funk-verbindet-100.html","rel":"","context":"In &quot;Deutsch&quot;","block_context":{"text":"Deutsch","link":"https:\/\/www.achimbrueckner.de\/dxradio\/php\/wordpress\/?cat=1"},"img":{"alt_text":"","src":"","width":0,"height":0},"classes":[]},{"id":11543,"url":"https:\/\/www.achimbrueckner.de\/dxradio\/php\/wordpress\/?p=11543","url_meta":{"origin":22095,"position":3},"title":"Wie ein Dortmunder mit der ganzen Welt funkt","author":"Administrator","date":"December 30, 2016","format":false,"excerpt":"https:\/\/www.ruhrnachrichten.de\/staedte\/dortmund\/44137-Dortmund~\/Ein-Funkamateur-erzaehlt-Wie-ein-Dortmunder-mit-der-ganzen-Welt-funkt;art145998,3184043","rel":"","context":"In &quot;Deutsch&quot;","block_context":{"text":"Deutsch","link":"https:\/\/www.achimbrueckner.de\/dxradio\/php\/wordpress\/?cat=1"},"img":{"alt_text":"","src":"","width":0,"height":0},"classes":[]},{"id":22093,"url":"https:\/\/www.achimbrueckner.de\/dxradio\/php\/wordpress\/?p=22093","url_meta":{"origin":22095,"position":4},"title":"Kamener Funker bekommt Post aus der Antarktis (mit Video)","author":"Administrator","date":"March 12, 2019","format":false,"excerpt":"https:\/\/www.hellwegeranzeiger.de\/Kamen\/Kamener-Funker-bekommt-Post-aus-der-Antarktis-Plus-1384069.html","rel":"","context":"In &quot;Deutsch&quot;","block_context":{"text":"Deutsch","link":"https:\/\/www.achimbrueckner.de\/dxradio\/php\/wordpress\/?cat=1"},"img":{"alt_text":"","src":"","width":0,"height":0},"classes":[]},{"id":5280,"url":"https:\/\/www.achimbrueckner.de\/dxradio\/php\/wordpress\/?p=5280","url_meta":{"origin":22095,"position":5},"title":"Emely funkt mit Menschen aus der ganzen Welt","author":"Administrator","date":"July 21, 2015","format":false,"excerpt":"http:\/\/www.derwesten.de\/leben\/kindernachrichten\/emely-funkt-mit-menschen-aus-der-ganzen-welt-id10902176.html","rel":"","context":"In &quot;Deutsch&quot;","block_context":{"text":"Deutsch","link":"https:\/\/www.achimbrueckner.de\/dxradio\/php\/wordpress\/?cat=1"},"img":{"alt_text":"","src":"","width":0,"height":0},"classes":[]}],"_links":{"self":[{"href":"https:\/\/www.achimbrueckner.de\/dxradio\/php\/wordpress\/index.php?rest_route=\/wp\/v2\/posts\/22095","targetHints":{"allow":["GET"]}}],"collection":[{"href":"https:\/\/www.achimbrueckner.de\/dxradio\/php\/wordpress\/index.php?rest_route=\/wp\/v2\/posts"}],"about":[{"href":"https:\/\/www.achimbrueckner.de\/dxradio\/php\/wordpress\/index.php?rest_route=\/wp\/v2\/types\/post"}],"author":[{"embeddable":true,"href":"https:\/\/www.achimbrueckner.de\/dxradio\/php\/wordpress\/index.php?rest_route=\/wp\/v2\/users\/1"}],"replies":[{"embeddable":true,"href":"https:\/\/www.achimbrueckner.de\/dxradio\/php\/wordpress\/index.php?rest_route=%2Fwp%2Fv2%2Fcomments&post=22095"}],"version-history":[{"count":0,"href":"https:\/\/www.achimbrueckner.de\/dxradio\/php\/wordpress\/index.php?rest_route=\/wp\/v2\/posts\/22095\/revisions"}],"wp:attachment":[{"href":"https:\/\/www.achimbrueckner.de\/dxradio\/php\/wordpress\/index.php?rest_route=%2Fwp%2Fv2%2Fmedia&parent=22095"}],"wp:term":[{"taxonomy":"category","embeddable":true,"href":"https:\/\/www.achimbrueckner.de\/dxradio\/php\/wordpress\/index.php?rest_route=%2Fwp%2Fv2%2Fcategories&post=22095"},{"taxonomy":"post_tag","embeddable":true,"href":"https:\/\/www.achimbrueckner.de\/dxradio\/php\/wordpress\/index.php?rest_route=%2Fwp%2Fv2%2Ftags&post=22095"}],"curies":[{"name":"wp","href":"https:\/\/api.w.org\/{rel}","templated":true}]}}