{"id":22106,"date":"2019-03-13T15:10:38","date_gmt":"2019-03-13T15:10:38","guid":{"rendered":"https:\/\/www.achimbrueckner.de\/dxradio\/php\/wordpress\/?p=22106"},"modified":"2019-03-13T15:10:38","modified_gmt":"2019-03-13T15:10:38","slug":"marko-eichmann-ed-sheeran-bekommt-man-uberall-aisha-moderiert-aber-nur-bei-planet-radio","status":"publish","type":"post","link":"https:\/\/www.achimbrueckner.de\/dxradio\/php\/wordpress\/?p=22106","title":{"rendered":"Marko Eichmann: \u201eEd Sheeran bekommt man \u00fcberall \u2013 Aisha moderiert aber nur bei planet radio\u201c"},"content":{"rendered":"<p><a href=\"https:\/\/www.radioszene.de\/131306\/marko-eichmann-planet-radio.html\" rel=\"noopener noreferrer\" target=\"_blank\">https:\/\/www.radioszene.de\/131306\/marko-eichmann-planet-radio.html<\/a><\/p>\n","protected":false},"excerpt":{"rendered":"<p>https:\/\/www.radioszene.de\/131306\/marko-eichmann-planet-radio.html<\/p>\n","protected":false},"author":1,"featured_media":0,"comment_status":"closed","ping_status":"open","sticky":false,"template":"","format":"standard","meta":{"_jetpack_memberships_contains_paid_content":false,"footnotes":"","jetpack_publicize_message":"","jetpack_publicize_feature_enabled":true,"jetpack_social_post_already_shared":true,"jetpack_social_options":{"image_generator_settings":{"template":"highway","default_image_id":0,"font":"","enabled":false},"version":2}},"categories":[1,16],"tags":[41],"class_list":["post-22106","post","type-post","status-publish","format-standard","hentry","category-deutsch","category-radioszene","tag-radioszene"],"jetpack_publicize_connections":[],"jetpack_featured_media_url":"","jetpack_sharing_enabled":true,"jetpack_shortlink":"https:\/\/wp.me\/p5CDmr-5Ky","jetpack-related-posts":[{"id":41489,"url":"https:\/\/www.achimbrueckner.de\/dxradio\/php\/wordpress\/?p=41489","url_meta":{"origin":22106,"position":0},"title":"Marko Eichmann ist neuer \u201eHead of Program\u201c der FFH MEDIENGRUPPE","author":"Administrator","date":"July 18, 2024","format":false,"excerpt":"https:\/\/www.radioszene.de\/189166\/marko-eichmann-ffh.html","rel":"","context":"In &quot;Deutsch&quot;","block_context":{"text":"Deutsch","link":"https:\/\/www.achimbrueckner.de\/dxradio\/php\/wordpress\/?cat=1"},"img":{"alt_text":"","src":"","width":0,"height":0},"classes":[]},{"id":39812,"url":"https:\/\/www.achimbrueckner.de\/dxradio\/php\/wordpress\/?p=39812","url_meta":{"origin":22106,"position":1},"title":"Marko Eichmann: \u201eNoch lange kein Ende der Begeisterung f\u00fcr die 80er\u201c","author":"Administrator","date":"July 10, 2023","format":false,"excerpt":"https:\/\/www.radioszene.de\/177071\/marko-eichmann-harmony.html","rel":"","context":"In &quot;Deutsch&quot;","block_context":{"text":"Deutsch","link":"https:\/\/www.achimbrueckner.de\/dxradio\/php\/wordpress\/?cat=1"},"img":{"alt_text":"","src":"","width":0,"height":0},"classes":[]},{"id":3245,"url":"https:\/\/www.achimbrueckner.de\/dxradio\/php\/wordpress\/?p=3245","url_meta":{"origin":22106,"position":2},"title":"Von Beruf Quatschbacke mit Hirn Marko Pammer ist Moderator bei Radio AWN","author":"Administrator","date":"June 10, 2014","format":false,"excerpt":"http:\/\/www.idowa.de\/home\/artikel\/2014\/06\/06\/marko-pammer-ist-moderator-bei-radio-awn.html","rel":"","context":"In &quot;Deutsch&quot;","block_context":{"text":"Deutsch","link":"https:\/\/www.achimbrueckner.de\/dxradio\/php\/wordpress\/?cat=1"},"img":{"alt_text":"","src":"","width":0,"height":0},"classes":[]},{"id":17304,"url":"https:\/\/www.achimbrueckner.de\/dxradio\/php\/wordpress\/?p=17304","url_meta":{"origin":22106,"position":3},"title":"Planet Audio: Audionutzung der Zukunft","author":"Administrator","date":"April 12, 2018","format":false,"excerpt":"http:\/\/www.radioszene.de\/121036\/planet-audio-audionutzung-zukunft.html","rel":"","context":"In &quot;audio&quot;","block_context":{"text":"audio","link":"https:\/\/www.achimbrueckner.de\/dxradio\/php\/wordpress\/?cat=47"},"img":{"alt_text":"","src":"","width":0,"height":0},"classes":[]},{"id":32700,"url":"https:\/\/www.achimbrueckner.de\/dxradio\/php\/wordpress\/?p=32700","url_meta":{"origin":22106,"position":4},"title":"Holl\u00e4ndischer S\u00e4nger steht zwei Tage vor planet-T\u00fcren: \u201eI want to be on the radio\u201c","author":"Administrator","date":"May 18, 2021","format":false,"excerpt":"https:\/\/www.radioszene.de\/154429\/mika-jones-planet-radio.html","rel":"","context":"In &quot;Deutsch&quot;","block_context":{"text":"Deutsch","link":"https:\/\/www.achimbrueckner.de\/dxradio\/php\/wordpress\/?cat=1"},"img":{"alt_text":"","src":"","width":0,"height":0},"classes":[]},{"id":11300,"url":"https:\/\/www.achimbrueckner.de\/dxradio\/php\/wordpress\/?p=11300","url_meta":{"origin":22106,"position":5},"title":"Neuer Webradio-Kanal gestartet: planet radio oldschool","author":"Administrator","date":"December 8, 2016","format":false,"excerpt":"http:\/\/www.radioszene.de\/98635\/neuer-webradio-kanal-ab-heute-planet-radio-oldschool.html","rel":"","context":"In &quot;Deutsch&quot;","block_context":{"text":"Deutsch","link":"https:\/\/www.achimbrueckner.de\/dxradio\/php\/wordpress\/?cat=1"},"img":{"alt_text":"","src":"","width":0,"height":0},"classes":[]}],"_links":{"self":[{"href":"https:\/\/www.achimbrueckner.de\/dxradio\/php\/wordpress\/index.php?rest_route=\/wp\/v2\/posts\/22106","targetHints":{"allow":["GET"]}}],"collection":[{"href":"https:\/\/www.achimbrueckner.de\/dxradio\/php\/wordpress\/index.php?rest_route=\/wp\/v2\/posts"}],"about":[{"href":"https:\/\/www.achimbrueckner.de\/dxradio\/php\/wordpress\/index.php?rest_route=\/wp\/v2\/types\/post"}],"author":[{"embeddable":true,"href":"https:\/\/www.achimbrueckner.de\/dxradio\/php\/wordpress\/index.php?rest_route=\/wp\/v2\/users\/1"}],"replies":[{"embeddable":true,"href":"https:\/\/www.achimbrueckner.de\/dxradio\/php\/wordpress\/index.php?rest_route=%2Fwp%2Fv2%2Fcomments&post=22106"}],"version-history":[{"count":0,"href":"https:\/\/www.achimbrueckner.de\/dxradio\/php\/wordpress\/index.php?rest_route=\/wp\/v2\/posts\/22106\/revisions"}],"wp:attachment":[{"href":"https:\/\/www.achimbrueckner.de\/dxradio\/php\/wordpress\/index.php?rest_route=%2Fwp%2Fv2%2Fmedia&parent=22106"}],"wp:term":[{"taxonomy":"category","embeddable":true,"href":"https:\/\/www.achimbrueckner.de\/dxradio\/php\/wordpress\/index.php?rest_route=%2Fwp%2Fv2%2Fcategories&post=22106"},{"taxonomy":"post_tag","embeddable":true,"href":"https:\/\/www.achimbrueckner.de\/dxradio\/php\/wordpress\/index.php?rest_route=%2Fwp%2Fv2%2Ftags&post=22106"}],"curies":[{"name":"wp","href":"https:\/\/api.w.org\/{rel}","templated":true}]}}